{"id":732509,"date":"2026-08-26T18:23:19","date_gmt":"2026-08-26T18:23:19","guid":{"rendered":"https:\/\/www.europesays.com\/es\/732509\/"},"modified":"2026-08-26T18:23:19","modified_gmt":"2026-08-26T18:23:19","slug":"garcia-karpenko-regresa-a-casa-tras-hacer-historia-con-su-high-school-en-estados-unidos","status":"publish","type":"post","link":"https:\/\/www.europesays.com\/es\/732509\/","title":{"rendered":"Garc\u00eda Karpenko regresa a casa tras hacer historia con su &#8216;high school&#8217; en Estados Unidos"},"content":{"rendered":"<p style=\"\">Para qui\u00e9n a\u00fan no conozca a Nicol\u00e1s Garc\u00eda Karpenko, es una de las grandes perlas de la cantera del baloncesto malague\u00f1o en la actualidad. Un  &#8230; talentoso y f\u00edsico exterior de 1,98 de estatura que lleva desde los 15-16 a\u00f1os llamando a la puerta de los grandes. Este marbell\u00ed, forjado en las canteras del San Pedro y el CB Marbella, fich\u00f3 por la reconocida Pablo Laso Academy de Madrid durante unos meses para continuar creciendo durante su etapa formativa. Sin embargo, con 16 a\u00f1os, apost\u00f3 por cruzar el charco para marcharse a Estados Unidos.<\/p>\n<p class=\"v-d-p\" style=\"\">Lo hizo para alistarse en la Sunrise Christian Academy de Kansas con 16 a\u00f1os, mientras continuaba con su formaci\u00f3n acad\u00e9mica en este &#8216;high school&#8217;, uno de los m\u00e1s relevantes del pa\u00eds para compaginar el deporte con los estudios. Y despu\u00e9s, para esta \u00faltima temporada, fich\u00f3 por la tambi\u00e9n prestigiosa Dream City Christian, en Arizona, que compite en la reconocida Nike EYBL Scholastic, una de las ligas juveniles m\u00e1s competitivas de Estados Unidos. Tal fue su progresi\u00f3n, que el joven malague\u00f1o logr\u00f3 un hito, el de ser el primer espa\u00f1ol en ser nominado al McDonald&#8217;s All-American Game, un evento que re\u00fane a los mejores jugadores de &#8216;high school&#8217; de la temporada.<\/p>\n<ul class=\"v-cmp-rld__u\">\n<li class=\"v-cmp-rld__l\">\n<p><a class=\"v-a-lnk\" href=\"https:\/\/www.diariosur.es\/deportes\/baloncesto\/marbelli-karpenko-pone-rumbo-estados-unidos-20250106192857-nt.html#vtm_modulosEngag=noticiasrelacionadas-cmp-uno:unicaja:noticia:1\" data-voc-vtm-id=\"in-text-traffic\" rel=\"nofollow noopener\" target=\"_blank\"><br \/>\n<img decoding=\"async\" loading=\"lazy\" src=\"https:\/\/www.europesays.com\/es\/wp-content\/uploads\/2026\/08\/WhatsApp Image 2024-12-29 at 15.59.13 (1)-U82128223822eiN-366x256@Diario Sur.jpeg\" class=\"v-a-img\" width=\"258\" height=\"180\" alt=\"El marbell\u00ed Karpenko pone rumbo a Estados Unidos\"\/><br \/>\n<\/a><\/p>\n<\/li>\n<\/ul>\n<p class=\"v-d-p\" style=\"\">Y no s\u00f3lo eso, adem\u00e1s, se gradu\u00f3 del instituto con la m\u00e1xima nota posible, con Cum laude. Tal y como ha contado su padre, Ignacio Garc\u00eda, a este peri\u00f3dico, el objetivo de Nicol\u00e1s era encontrar una oferta interesante de una universidad americana para continuar su trayectoria en la NCAA, como tantos otros espa\u00f1oles. Sin embargo, asegura que la competencia para acceder a la NCAA es cada vez m\u00e1s virulenta y que muchas universidades est\u00e1n apostando ya, sobre todo, por perfiles de jugadores m\u00e1s experimentados, j\u00f3venes que ya hayan competido ya en ligas profesionales o bien sean internacionales con sus pa\u00edses.<\/p>\n<p>\nVuelta a casa\n<\/p>\n<p class=\"v-d-p\" style=\"\">As\u00ed las cosas, al no recibir una oferta convincente, Garc\u00eda Karpenko regres\u00f3 a casa para aceptar la propuesta del CB Marbella de Tercera FEB, motivado por la idea de competir en una liga con jugadores s\u00e9nior, seguir creciendo t\u00e9cnica y f\u00edsicamente y motivado adem\u00e1s por el que ser\u00e1 el nuevo entrenador del conjunto marbell\u00ed, Pablo Bernab\u00e9, muy reconocido en la provincia y el cual sol\u00eda entrenar con Nicol\u00e1s cada verano.<\/p>\n<p class=\"v-d-p\" style=\"\">Otro de los alicientes que ha llevado al joven exterior a regresar a casa ha sido el hecho de ganar visibilidad en Espa\u00f1a cara al presente y al futuro. El padre del joven asegura que hubo contactos con las selecciones espa\u00f1olas de categor\u00edas inferiores previamente, pero nunca lleg\u00f3 a recibir la llamada. Asimismo, asegura que tambi\u00e9n ha habido inter\u00e9s de otros clubes nacionales. <\/p>\n<p class=\"v-d-p\" style=\"\">Quien s\u00ed toc\u00f3 a su puerta este verano fue el seleccionador sub-18 y sub-19 de Rusia. Garc\u00eda Karpenko, que tiene doble nacionalidad (su madre es rusa), pas\u00f3 un mes concentrado con este combinado este verano, todo un hito para su carrera y la ciudad.  Ahora, en Marbella, busca seguir forj\u00e1ndose y trabajando con adultos, eso s\u00ed, sin dejar de lado su sue\u00f1o futuro de regresar a Estados Unidos para formarse en la NCAA.<\/p>\n","protected":false},"excerpt":{"rendered":"Para qui\u00e9n a\u00fan no conozca a Nicol\u00e1s Garc\u00eda Karpenko, es una de las grandes perlas de la cantera&hellip;\n","protected":false},"author":2,"featured_media":732510,"comment_status":"","ping_status":"","sticky":false,"template":"","format":"standard","meta":{"footnotes":""},"categories":[269],"tags":[299,298,385,168,25,24,4217,3142,57819,448,130227,2902,33755,23,167,575,4218],"class_list":["post-732509","post","type-post","status-publish","format-standard","has-post-thumbnail","category-baloncesto","tag-baloncesto","tag-basketball","tag-casa","tag-deportes","tag-es","tag-espana","tag-estados","tag-garcia","tag-high","tag-historia","tag-karpenko","tag-regresa","tag-school","tag-spain","tag-sports","tag-tras","tag-unidos"],"share_on_mastodon":{"url":"https:\/\/pubeurope.com\/@es\/117163210771659923","error":""},"_links":{"self":[{"href":"https:\/\/www.europesays.com\/es\/wp-json\/wp\/v2\/posts\/732509","targetHints":{"allow":["GET"]}}],"collection":[{"href":"https:\/\/www.europesays.com\/es\/wp-json\/wp\/v2\/posts"}],"about":[{"href":"https:\/\/www.europesays.com\/es\/wp-json\/wp\/v2\/types\/post"}],"author":[{"embeddable":true,"href":"https:\/\/www.europesays.com\/es\/wp-json\/wp\/v2\/users\/2"}],"replies":[{"embeddable":true,"href":"https:\/\/www.europesays.com\/es\/wp-json\/wp\/v2\/comments?post=732509"}],"version-history":[{"count":0,"href":"https:\/\/www.europesays.com\/es\/wp-json\/wp\/v2\/posts\/732509\/revisions"}],"wp:featuredmedia":[{"embeddable":true,"href":"https:\/\/www.europesays.com\/es\/wp-json\/wp\/v2\/media\/732510"}],"wp:attachment":[{"href":"https:\/\/www.europesays.com\/es\/wp-json\/wp\/v2\/media?parent=732509"}],"wp:term":[{"taxonomy":"category","embeddable":true,"href":"https:\/\/www.europesays.com\/es\/wp-json\/wp\/v2\/categories?post=732509"},{"taxonomy":"post_tag","embeddable":true,"href":"https:\/\/www.europesays.com\/es\/wp-json\/wp\/v2\/tags?post=732509"}],"curies":[{"name":"wp","href":"https:\/\/api.w.org\/{rel}","templated":true}]}}