{"id":732561,"date":"2026-08-26T18:58:13","date_gmt":"2026-08-26T18:58:13","guid":{"rendered":"https:\/\/www.europesays.com\/es\/732561\/"},"modified":"2026-08-26T18:58:13","modified_gmt":"2026-08-26T18:58:13","slug":"eva-gonzalez-muestra-su-pelo-al-natural-en-el-cumpleanos-de-su-sobrino-y-los-expertos-recuerdan-utilizar-el-secador-es-hasta-un-20-mas-seguro-que-dejarlo-secar-al-aire","status":"publish","type":"post","link":"https:\/\/www.europesays.com\/es\/732561\/","title":{"rendered":"Eva Gonz\u00e1lez muestra su pelo al natural en el cumplea\u00f1os de su sobrino y los expertos recuerdan: \u00abUtilizar el secador es hasta un 20% m\u00e1s seguro que dejarlo secar al aire\u00bb"},"content":{"rendered":"<p id=\"e_vmXcjNRL\" data-wc=\"109\"><strong>Eva Gonz\u00e1lez\u00a0<\/strong>nos ha regalado una de esas im\u00e1genes que se salen de lo habitual. Con motivo del<strong>\u00a0s\u00e9ptimo cumplea\u00f1os de su sobrino Mart\u00edn<\/strong>, la presentadora ha compartido una fotograf\u00eda en la que aparece junto al peque\u00f1o, presumiendo de <strong>una imagen mucho m\u00e1s natural\u00a0<\/strong>de lo que acostumbra: maquillaje sencillo y <a class=\"hm-link ho-link\" href=\"https:\/\/www.hola.com\/belleza\/20241212735499\/sydney-sweeney-paula-echevarria-pelo-real-famosas\/\" data-mrf-recirculation=\"article-body-link\" rel=\"nofollow noopener\" target=\"_blank\">su melena al natural<\/a>, sin rastro de las ondas pulidas o el liso impecable con los que solemos verla. Una elecci\u00f3n que nos lleva a poner el foco en un gesto tan sencillo como <strong>dejar que el cabello se seque al aire\u00a0<\/strong>y en lo que dicen los expertos sobre cu\u00e1l es realmente<strong>\u00a0la mejor forma de secarlo<\/strong>.<\/p>\n<p>Te recomendamosSeguir leyendo<br \/>\n <img src=\"https:\/\/www.europesays.com\/es\/wp-content\/uploads\/2026\/08\/def68191866c-hoy-hace-7-anos-que-mi-hermana-me-hizo-el-mejor-regalo-feliz-cumpleanos-martin.jpg\"   width=\"1080\" height=\"1800\" loading=\"lazy\" decoding=\"async\" alt=\"Eva Gonz\u00e1lez en el cumplea\u00f1os de su hijo\" fetchpriority=\"auto\" class=\"image ho-image\"\/>\u00a9 evagonzalezoficial<br \/>\nEl pelo natural de Eva Gonz\u00e1lez: \u00bfes bueno dejar que seque al aire?<\/p>\n<p id=\"e2nPh2WF2R\" data-wc=\"65\">Cada vez m\u00e1s estudios lo confirman: <strong>secar el cabello con un secador profesional<\/strong> es hasta un<strong>\u00a020% m\u00e1s seguro\u00a0<\/strong>que dejarlo secar al aire. Aunque durante a\u00f1os se ha pensado que lo natural es mejor, lo cierto es que <a class=\"hm-link ho-link\" href=\"https:\/\/www.hola.com\/belleza\/20260825919870\/cepillarse-pelo-mojado-puede-provocar-microrroturas-si-no-se-cuida-la-tecnica-consejos-experto\/\" data-mrf-recirculation=\"article-body-link\" rel=\"nofollow noopener\" target=\"_blank\">el cabello mojado pierde resistencia<\/a>, se vuelve fr\u00e1gil y es m\u00e1s propenso a romperse, sufrir frizz\u00a0o puntas abiertas si se deja secar al aire libre.\u00a0<\/p>\n<p id=\"ewN_BAA_Qn\" data-wc=\"25\">Tamara Albarr\u00e1n, Christian Acedo o Alexis D\u00edaz, peluqueros profesionales y portavoces de Termix, son partidarios de utilizar herramientas de calor. Eso s\u00ed, dan algunas <strong>recomendaciones<\/strong>:<\/p>\n<ul type=\"disc\" data-wc=\"28\" id=\"ul-4mtag9pu1\">\n<li>Usar <strong>protector t\u00e9rmico<\/strong> antes del sol o de aplicar calor.<\/li>\n<li><strong>Desenredar con suavidad cuando est\u00e9 h\u00famedo<\/strong>, no empapado.<\/li>\n<li><strong>Nutrir\u00a0<\/strong>con mascarillas semanales.<\/li>\n<li><strong>Regular siempre la temperatura<\/strong> de tus herramientas.<\/li>\n<\/ul>\n<p id=\"eE5PG9zJ64Z\" data-wc=\"29\">Para los expertos, <strong>secar el cabello con conciencia es protegerlo<\/strong>. La apuesta est\u00e1 clara: tecnolog\u00eda profesional, temperatura moderada y movimiento constante para <a class=\"hm-link ho-link\" href=\"https:\/\/www.hola.com\/belleza\/20260306883806\/pelo-mas-largo-consejos-peluquero-sano-brillante\/\" data-mrf-recirculation=\"article-body-link\" rel=\"nofollow noopener\" target=\"_blank\">una melena m\u00e1s sana, brillante y resistente<\/a>.<\/p>\n<p> <img src=\"https:\/\/www.europesays.com\/es\/wp-content\/uploads\/2026\/08\/4b50a6ce44d9-la-de-anoche-fue-una-noche-para-el-recuerdo-lo-es-cada-noche-desde-hace-5-anos.jpg\"   width=\"1080\" height=\"1800\" loading=\"lazy\" decoding=\"async\" alt=\"Eva Gonz\u00e1lez con ondas marcadas\" fetchpriority=\"auto\" class=\"image ho-image\"\/>\u00a9 evagonzalezoficial<\/p>\n<p id=\"eQMoJNk3x_T\" data-wc=\"92\">Esto no significa que dejar secar el cabello al aire sea siempre una mala idea. El problema aparece cuando <a class=\"hm-link ho-link\" href=\"https:\/\/www.hola.com\/belleza\/tendencias\/20231018241853\/dormir-pelo-mojado-hongos-encrespamiento\/\" data-mrf-recirculation=\"article-body-link\" rel=\"nofollow noopener\" target=\"_blank\">la melena permanece mojada durante mucho tiempo<\/a>, especialmente si el cabello es fino, est\u00e1 te\u00f1ido o presenta alg\u00fan tipo de da\u00f1o previo. En estos casos,<strong>\u00a0reducir el tiempo que permanece h\u00famedo\u00a0<\/strong>puede ayudar a minimizar la fricci\u00f3n y la fragilidad. Por eso, m\u00e1s que elegir entre secador o secado al aire de forma tajante, los expertos recomiendan prestar atenci\u00f3n al estado del cabello y a la manera en la que utilizamos cada m\u00e9todo.<\/p>\n<p> <img src=\"https:\/\/www.europesays.com\/es\/wp-content\/uploads\/2026\/08\/462ee20466fe-eva.jpg\"   width=\"1080\" height=\"1800\" loading=\"lazy\" decoding=\"async\" alt=\"Eva Gonz\u00e1lez con el pelo liso\" fetchpriority=\"auto\" class=\"image ho-image\"\/>\u00a9 evagonzalezoficial<br \/>\nC\u00f3mo conseguir el acabado natural de Eva Gonz\u00e1lez sin da\u00f1ar el pelo<\/p>\n<p id=\"eFJWS6bD4Oc\" data-wc=\"102\">El secreto, por tanto, est\u00e1 en encontrar el equilibrio. Si optamos por el secador, conviene mantenerlo a una distancia prudente, utilizar una <strong>temperatura media\u00a0<\/strong>y no concentrar el aire demasiado tiempo sobre una misma zona. Tambi\u00e9n es importante evitar manipular el cabello constantemente mientras est\u00e1 empapado y esperar a que pierda parte de la humedad antes de cepillarlo. As\u00ed, ese acabado natural que hemos visto a Eva Gonz\u00e1lez puede ser perfectamente compatible con una <strong>rutina de cuidado capilar consciente<\/strong>: dejar que el pelo conserve su textura, pero sin olvidar que <strong>la forma en la que lo secamos tambi\u00e9n influye en su salud<\/strong>.<\/p>\n<p>  <img src=\"https:\/\/www.europesays.com\/es\/wp-content\/uploads\/2026\/08\/b72f3d09850f-alfaparf.jpg\"   width=\"1024\" height=\"1024\" loading=\"lazy\" decoding=\"async\" alt=\"Media Image\" fetchpriority=\"auto\" class=\"image ho-image\"\/><\/p>\n<p> Protector termal Semi Di Lino, de Alfaparf\u00a0<\/p>\n<p id=\"e_HGiDOyN-e\"><strong data-gid=\"eZrbbBY3hai\">Defiende el cabello del calor<\/strong> de secadores y planchas sin apelmazar. <strong data-gid=\"eESur2HkCLQ\">Aporta suavidad y luminosidad<\/strong> instant\u00e1nea con acabado natural y ligero. <strong data-gid=\"eokJRONjrc7\">Reduce el encrespamiento\u00a0<\/strong>y mantiene el peinado impecable por m\u00e1s tiempo. <strong data-gid=\"etyzS3S-tyN\">Ayuda a preservar el tono\u00a0<\/strong>del cabello te\u00f1ido con uso diario continuo. Precio: 18,29 euros.<\/p>\n<p>  <img src=\"https:\/\/www.europesays.com\/es\/wp-content\/uploads\/2026\/08\/708a0e28f198-cepillo-moncho.jpg\"   width=\"1024\" height=\"1024\" loading=\"lazy\" decoding=\"async\" alt=\"Media Image\" fetchpriority=\"auto\" class=\"image ho-image\"\/><\/p>\n<p> Magic Unraveller, de Moncho Moreno<\/p>\n<p id=\"ebqyJ5AjN2N\">\u00abCreamos este cepillo para desenredar tras la aplicaci\u00f3n del acondicionador o la mascarilla\u00bb, explica Moncho Moreno, creador de Moncho Moreno Haircare. \u00abUsando el cepillo Magic Unraveller <strong data-gid=\"euxRnPmRE_O\">la cantidad de cabello que se queda en el cepillo se reduce a la mitad<\/strong>, y adem\u00e1s se cuidan y protegen medios y puntas en el momento en el que la melena se encuentra en su momento m\u00e1s fr\u00e1gil\u00bb. Moncho explica adem\u00e1s otro de sus secretos: \u00abMagic Unraveller es perfecto para pelo rizado, un cabello que no se debe peinar en seco, ya que respeta y cuida el rizo sin romperlo\u00bb. Precio: 19,99 euros.<\/p>\n<p>  <img src=\"https:\/\/www.europesays.com\/es\/wp-content\/uploads\/2026\/08\/e9ab29b24ad4-system.jpg\"   width=\"1024\" height=\"1024\" loading=\"lazy\" decoding=\"async\" alt=\"Media Image\" fetchpriority=\"auto\" class=\"image ho-image\"\/><\/p>\n<p> Mascarilla Luxeoil, de System Professional<\/p>\n<p id=\"eUgazykFpKN\">Nutre intensamente el cabello, <strong data-gid=\"e3s2b9sio34\">mejora significativamente su textura<\/strong> y lo deja visiblemente suave al tacto. Esta mascarilla est\u00e1 enriquecida con puro manteca de karit\u00e9 natural, a<strong data-gid=\"e_uOfndmSEy\">portando suavidad y brillo de la ra\u00edz a las puntas<\/strong>. El complejo LipidCode\u2122 la convierte en un tratamiento ideal para el cabello grueso. Precio: 30,47 euros.<\/p>\n<p>  <img src=\"https:\/\/www.europesays.com\/es\/wp-content\/uploads\/2026\/08\/48249c036437-termix.jpg\"   width=\"1024\" height=\"1024\" loading=\"lazy\" decoding=\"async\" alt=\"Media Image\" fetchpriority=\"auto\" class=\"image ho-image\"\/><\/p>\n<p> Termix Illusion, de Termix<\/p>\n<p id=\"eEtZCgarghb\">Con solo 400 gramos de peso, el secador Termix Illusion es <strong data-gid=\"ec7MCasrzTF\">uno de los m\u00e1s ligeros del mercado<\/strong>, permitiendo un uso prolongado sin fatiga. Adem\u00e1s, su <strong data-gid=\"ekOhRZ6QSbv\">funcionamiento es silencioso\u00a0<\/strong>y su motor BLDC, con una potencia de 2000-2400W, <strong data-gid=\"e3pJ-pPn3Xl\">reduce el tiempo desecado en un 40%\u00a0<\/strong>sin la necesidad de utilizar calor extremo, lo que asegura que el cabello conserve su hidrataci\u00f3n natural y no se reseque ni se da\u00f1e. Adem\u00e1s, su innovadora <strong data-gid=\"eK-bxb2TV8E\">funci\u00f3n de autolimpieza<\/strong> elimina el polvo y los residuos del filtro, manteniendo un flujo de aire constante y prolongando la vida \u00fatil del equipo. Precio: 199 euros.<\/p>\n","protected":false},"excerpt":{"rendered":"Eva Gonz\u00e1lez\u00a0nos ha regalado una de esas im\u00e1genes que se salen de lo habitual. Con motivo del\u00a0s\u00e9ptimo cumplea\u00f1os&hellip;\n","protected":false},"author":2,"featured_media":732562,"comment_status":"","ping_status":"","sticky":false,"template":"","format":"standard","meta":{"footnotes":""},"categories":[80],"tags":[3451,82,95,94,25,24,2764,19778,23,2922],"class_list":["post-732561","post","type-post","status-publish","format-standard","has-post-thumbnail","category-economia","tag-belleza","tag-business","tag-economia","tag-economy","tag-es","tag-espana","tag-eva-gonzalez","tag-pelo","tag-spain","tag-tendencias"],"share_on_mastodon":{"url":"https:\/\/pubeurope.com\/@es\/117163348280098928","error":""},"_links":{"self":[{"href":"https:\/\/www.europesays.com\/es\/wp-json\/wp\/v2\/posts\/732561","targetHints":{"allow":["GET"]}}],"collection":[{"href":"https:\/\/www.europesays.com\/es\/wp-json\/wp\/v2\/posts"}],"about":[{"href":"https:\/\/www.europesays.com\/es\/wp-json\/wp\/v2\/types\/post"}],"author":[{"embeddable":true,"href":"https:\/\/www.europesays.com\/es\/wp-json\/wp\/v2\/users\/2"}],"replies":[{"embeddable":true,"href":"https:\/\/www.europesays.com\/es\/wp-json\/wp\/v2\/comments?post=732561"}],"version-history":[{"count":0,"href":"https:\/\/www.europesays.com\/es\/wp-json\/wp\/v2\/posts\/732561\/revisions"}],"wp:featuredmedia":[{"embeddable":true,"href":"https:\/\/www.europesays.com\/es\/wp-json\/wp\/v2\/media\/732562"}],"wp:attachment":[{"href":"https:\/\/www.europesays.com\/es\/wp-json\/wp\/v2\/media?parent=732561"}],"wp:term":[{"taxonomy":"category","embeddable":true,"href":"https:\/\/www.europesays.com\/es\/wp-json\/wp\/v2\/categories?post=732561"},{"taxonomy":"post_tag","embeddable":true,"href":"https:\/\/www.europesays.com\/es\/wp-json\/wp\/v2\/tags?post=732561"}],"curies":[{"name":"wp","href":"https:\/\/api.w.org\/{rel}","templated":true}]}}