{"id":732563,"date":"2026-08-26T18:59:13","date_gmt":"2026-08-26T18:59:13","guid":{"rendered":"https:\/\/www.europesays.com\/es\/732563\/"},"modified":"2026-08-26T18:59:13","modified_gmt":"2026-08-26T18:59:13","slug":"trump-afirma-que-jamenei-esta-vivo-pero-herido-de-gravedad","status":"publish","type":"post","link":"https:\/\/www.europesays.com\/es\/732563\/","title":{"rendered":"Trump afirma que Jamenei est\u00e1 vivo pero herido de gravedad"},"content":{"rendered":"<p>El presidente de Estados Unidos, Donald Trump, ha asegurado este mi\u00e9rcoles que el l\u00edder supremo de Ir\u00e1n, el ayatol\u00e1 <a href=\"https:\/\/www.libertaddigital.com\/internacional\/oriente-medio\/2026-03-09\/el-regimen-irani-elige-a-su-nuevo-lider-supremo-mojtaba-el-hijo-de-ali-jamenei-7371062\/\" target=\"_blank\" rel=\"dofollow noreferrer noopener\"><strong>Mojtaba Jamenei<\/strong><\/a>, est\u00e1 vivo, si bien tiene<strong> heridas graves en el lado izquierdo de su cuerpo<\/strong> como consecuencia de los<a href=\"https:\/\/www.libertaddigital.com\/temas\/guerra-de-iran\/\" target=\"_blank\" rel=\"dofollow noreferrer noopener\"> ataques llevados a cabo por Estados Unidos e Israel durante la ofensiva de febrero<\/a> contra el pa\u00eds.<\/p>\n<p>\u00abQued\u00f3 gravemente herido. La parte izquierda de su cuerpo -el brazo, la pierna, todo ese lado- estaba gravemente herida, pero no creo que haya muerto. Y si lo est\u00e1,<strong> disimulan de maravilla<\/strong>, porque no paran de decir que van a volver a hablar con \u00e9l a cada rato para que les d\u00e9 el visto bueno definitivo\u00bb, ha se\u00f1alado Trump durante una entrevista con el presentador de radio conservador Glenn Beck.<\/p>\n<p>El jefe de la Casa Blanca ha sacado pecho nuevamente del papel del Ej\u00e9rcito y de la Armada, adem\u00e1s de presumir de la <strong>solvencia financiera<\/strong> desarrollada por su Administraci\u00f3n desde que asumi\u00f3 el poder. \u00abEso nos conducir\u00e1 hacia una gran victoria. La tuvimos en Venezuela y la vamos a tener aqu\u00ed muy pronto\u00bb, ha aseverado.<\/p>\n<p>&#13;<br \/>\n    Relacionado&#13;<br \/>\n    &#13;<\/p>\n<p>Trump tambi\u00e9n ha informado de que <strong>22 buques transitaron sin incidentes<\/strong> durante la madrugada por el <strong>estrecho de Ormuz<\/strong> y que el paso est\u00e1 completamente abierto. \u00abEl estrecho est\u00e1 funcionando. A veces habr\u00e1 un dron, un cohete o disparar\u00e1n algo, pero tiene plena actividad: brota much\u00edsimo petr\u00f3leo. Ayer fueron 10 millones de barriles\u00bb, ha se\u00f1alado sobre la situaci\u00f3n en el estrat\u00e9gico paso.<\/p>\n<p>Trump enfr\u00eda la vuelta a las negociaciones con Ir\u00e1n<\/p>\n<p>El presidente de EE.UU., Donald Trump, tambi\u00e9n ha asegurado que no tiene prisa ni ha fijado un plazo para que Ir\u00e1n retome las negociaciones de paz, estancadas desde el inicio del conflicto. En una entrevista con Al Jazeera, ha afirmado que <strong>Washington mantiene \u00abmucha ventaja\u00bb sobre Teher\u00e1n <\/strong>y ha defendido que la presi\u00f3n econ\u00f3mica est\u00e1 debilitando a la Rep\u00fablica Isl\u00e1mica.<\/p>\n<p>Las declaraciones llegan dos d\u00edas despu\u00e9s de que EE.UU. anunciara <strong>nuevas sanciones contra quienes comercien con Ir\u00e1n<\/strong>, mientras mantiene el bloqueo naval sobre sus costas y el control del estrecho de Ormuz. Trump defendi\u00f3 la eficacia tanto de las medidas econ\u00f3micas como de la v\u00eda militar, en un conflicto que comenz\u00f3 el 28 de febrero y que inicialmente hab\u00eda previsto que durar\u00eda apenas dos semanas.<\/p>\n","protected":false},"excerpt":{"rendered":"El presidente de Estados Unidos, Donald Trump, ha asegurado este mi\u00e9rcoles que el l\u00edder supremo de Ir\u00e1n, el&hellip;\n","protected":false},"author":2,"featured_media":732564,"comment_status":"","ping_status":"","sticky":false,"template":"","format":"standard","meta":{"footnotes":""},"categories":[42],"tags":[17,18,352,115,81680,13,14,94468,11,61,62,63,64,74,80131,19,20,9,10,15,16,12,21,22,65,66,67],"class_list":["post-732563","post","type-post","status-publish","format-standard","has-post-thumbnail","category-internacional","tag-breaking-news","tag-breakingnews","tag-donald-trump","tag-eeuu","tag-estrecho-de-ormuz","tag-featured-news","tag-featurednews","tag-guerra-de-iran","tag-headlines","tag-internacional","tag-international","tag-international-news","tag-internationalnews","tag-israel","tag-jamenei","tag-latest-news","tag-latestnews","tag-news","tag-noticias","tag-noticias-destacadas","tag-noticiasdestacadas","tag-titulares","tag-ultimas-noticias","tag-ultimasnoticias","tag-world","tag-world-news","tag-worldnews"],"share_on_mastodon":{"url":"https:\/\/pubeurope.com\/@es\/117163351370533125","error":""},"_links":{"self":[{"href":"https:\/\/www.europesays.com\/es\/wp-json\/wp\/v2\/posts\/732563","targetHints":{"allow":["GET"]}}],"collection":[{"href":"https:\/\/www.europesays.com\/es\/wp-json\/wp\/v2\/posts"}],"about":[{"href":"https:\/\/www.europesays.com\/es\/wp-json\/wp\/v2\/types\/post"}],"author":[{"embeddable":true,"href":"https:\/\/www.europesays.com\/es\/wp-json\/wp\/v2\/users\/2"}],"replies":[{"embeddable":true,"href":"https:\/\/www.europesays.com\/es\/wp-json\/wp\/v2\/comments?post=732563"}],"version-history":[{"count":0,"href":"https:\/\/www.europesays.com\/es\/wp-json\/wp\/v2\/posts\/732563\/revisions"}],"wp:featuredmedia":[{"embeddable":true,"href":"https:\/\/www.europesays.com\/es\/wp-json\/wp\/v2\/media\/732564"}],"wp:attachment":[{"href":"https:\/\/www.europesays.com\/es\/wp-json\/wp\/v2\/media?parent=732563"}],"wp:term":[{"taxonomy":"category","embeddable":true,"href":"https:\/\/www.europesays.com\/es\/wp-json\/wp\/v2\/categories?post=732563"},{"taxonomy":"post_tag","embeddable":true,"href":"https:\/\/www.europesays.com\/es\/wp-json\/wp\/v2\/tags?post=732563"}],"curies":[{"name":"wp","href":"https:\/\/api.w.org\/{rel}","templated":true}]}}