{"id":732567,"date":"2026-08-26T19:01:19","date_gmt":"2026-08-26T19:01:19","guid":{"rendered":"https:\/\/www.europesays.com\/es\/732567\/"},"modified":"2026-08-26T19:01:19","modified_gmt":"2026-08-26T19:01:19","slug":"las-medidas-de-meta-para-proteger-a-los-adolescentes-limite-de-dos-horas-bloqueo-nocturno-silencio-en-horario-escolar-y-avisos-cada-15-minutos-la-voz-de-galicia","status":"publish","type":"post","link":"https:\/\/www.europesays.com\/es\/732567\/","title":{"rendered":"Las medidas de Meta para proteger a los adolescentes: l\u00edmite de dos horas, bloqueo nocturno, silencio en horario escolar y avisos cada 15 minutos &#8211; La Voz de Galicia"},"content":{"rendered":"<ol>\n<li><a href=\"https:\/\/news.google.com\/rss\/articles\/CBMiowJBVV95cUxNYnUxSlo0YXREeXFZRzRZNEhxZlprTWtIOFJGOGhGZHp4RXFKY0w3bk4yREJhSE9sYnpGRHpUMzV2aF9xMmlDd1Y2SU1sUHJYTkRzN1V3MWdzT0s5T2RqeV9RSVZvNVZLazk3bGRJV042SWlKa3A0N1VuVF9hMmJNOGI3OVVhT0FrZHRvdWhqYnVDa2tBNDZaVVpOQU5ndG5xRTdfR0JYRlNzekxVU01LUWRFU29hb3N0YUFoODR5QWFuWEtEM0J0RjMzZ2NGaUxSQXNiekc0RDBHVGhia2gtcjlRSW1mNU1aNldMMUoteUk3eXIxTVg1OHJHNEg3d0FsZm1NTXJvNkYzZENlalFXRmhoc0JoSDlFSkl1UUxNSk8wT0nSAb8CQVVfeXFMUDU0RUltcHUwTzRCRVIxcTBhTUE1Q3pfa0JXa0RvaHJDa0ZNTC10dU5LLVkwOHF1Mmhwa1dlc2ZIaTR5RkxmYXE2NnRyQzBnQ1QtcmRKZjg5TlU4bk1lN2VZQUJ5eHNveXp1WGJ2TjBNZWVaTE5VZjUwaHlCVllOd25RWVlYb0lZLW5xcFFwOEFiMHgyZ0N5eGpXUDlHdFBHLVI0dHAxTG9UMlRIM3VwX1BDR0IxS0JCTndfTGl6WFVtblZIZi1DdC1CbEhsNUdJZnpIeUY2bWczYkxoWnp1bjZscno5QzlxYmpLbkJzcmtoTXJkcFhmOVRLZVBGdnlUbTZXYVZVeDkwZ09vaHY0dEs1cUdkQlJWai05NFJUOGxuZGZqYmxMaW5jc0g1RnMxQzhic0F4aHdGYWlOSWlBcw?oc=5\" target=\"_blank\" rel=\"nofollow noopener\">Las medidas de Meta para proteger a los adolescentes: l\u00edmite de dos horas, bloqueo nocturno, silencio en horario escolar y avisos cada 15 minutos<\/a>&nbsp;&nbsp;La Voz de Galicia<\/li>\n<li><a href=\"https:\/\/news.google.com\/rss\/articles\/CBMi_wFBVV95cUxOR2tUU0ptOU1mNEtqcWdMRDZNQXhwWFBONDBYS2NyVm9fY2c2cXhFMnJIdndUWU1RanMyWGZ3djk0UFM0MEJScUlXTjhMYjU5emZGZUh4ZVhmTjdnSTd4a1dMMFZqbTFDek9xYnhyQkY3RzFNam5FV3dLaFphQXFYaGVhOVZIZk95V1VtcUVkS3NqMWFqWF9mSmFXMmNqRzBOUk1jQjlRdXNkYk1JT0tMZ0JmbFl5blFFSVdiU3NtaWh2cUljUVcweHVDSjNIUnBaajJ3WlV1dmFCRDdtNHh6cHpIbWJIZjVtUHVpNFpPMEluNTUtb01xSDh4V21RRzg?oc=5\" target=\"_blank\" rel=\"nofollow noopener\">Meta pagar\u00e1 casi 18.000 millones de d\u00f3lares para resolver las demandas por la adicci\u00f3n de los adolescentes a sus herramientas<\/a>&nbsp;&nbsp;EL PA\u00cdS<\/li>\n<li><a href=\"https:\/\/news.google.com\/rss\/articles\/CBMifEFVX3lxTE5EMUtPeWZPNEpJVWVqWmlMZWV2alItVF8zVFlmODlfaU9VOHpMQXJES3RFREExejhSWTBHVkpxdkpIWmFVYlhhTU5wcjRaR1Vyb3BqNTFMTGsxUDhPQmxaZVBhbm9zVFh3Y1VNU3M0NThyQlN0R2N4dmFQMETSAXxBVV95cUxNSUFpTXJILWR0dS1KNlFLQzQyNDJmT3FmaTh0OFJpRTN5dll3WGk3bmtkNFJDVXpoY1FIZWJxaHIxUzZNUEN5OUNPSEVTMUM1UGthLUZ3MTF0OXdUQXdSTThhZW1WNFhyRU5BVzdRdXQ0RS16LUQwWXo3RExx?oc=5\" target=\"_blank\" rel=\"nofollow noopener\">El precio por comprar el alma<\/a>&nbsp;&nbsp;El Mundo<\/li>\n<li><a href=\"https:\/\/news.google.com\/rss\/articles\/CBMingFBVV95cUxPVEZ2RGdTdXl0b0M4ZHcxdVBtaFNmVUNsR2pLaDlxVnpLVTluNFZUUEJTRjdXVGEydnkxZkxVNjhWUUtNQ0gzSENSODkwSG1kck9RNGpuTEpicnN5emZTMDZEY0FyMTRTYm9zYmhqbldRak16cklnT2d1UFZoa25MaXctMGJUM19lVzM0R25CU1NyTGtxcS1BbkVuRlhUQQ?oc=5\" target=\"_blank\" rel=\"nofollow noopener\">Meta se rinde: pagar\u00e1 17.000 millones de d\u00f3lares por crear redes sociales adictivas y perniciosas para menores<\/a>&nbsp;&nbsp;ABC<\/li>\n<li><a href=\"https:\/\/news.google.com\/rss\/articles\/CBMivAFBVV95cUxPTS0zUjQxaUJYaHJEZjlheWxqV0czUnZjUkl1OUl2dDNVVDZhNHI1TF9NS0NtUXdLN1J4em9vVElBS01ycFJ0cW9nekthT0dwQVBYY2VOcG9JM2E5bGlMczg0Q1hETHJyUGtIdHQwQlFyYXJSaE5IdHpHdHlrSEVmeEdrY3JiUkdmTUJ4a2J0M1VTbFEza3NQM3RsTmxhLWUxUVZDa3RtbHZpbDJ3Y2QzNG1NQ2hrYmx4TkxLetIBwgFBVV95cUxNRGVSNm9qZFRaSU4wTnRPQlJwUDl3V0JtVEJ6MlhhVXpOb0NpT1o0ZXRMOUZ6VHVXNHRQcmFxbF9MTk5lTk1KTkFKVlR1WE9qSnNLajNreTRvZ3B3Y2tBbFpGWUtmenhzX0xRZnVuZjhwNGtxSE1mYTVKUlltNHJQNHpXRlp3QUtEX0U5bXVqeEtDSFd3bVhpcWNpWG1FR3pCOG94RFlvWjJRbXlMM0E3MlhsandRcVg2SUt2RnVjRGVqUQ?oc=5\" target=\"_blank\" rel=\"nofollow noopener\">As\u00ed afectan a Meta los cambios que ha pactado para tratar de evitar la adicci\u00f3n de los menores<\/a>&nbsp;&nbsp;La Vanguardia<\/li>\n<\/ol>\n","protected":false},"excerpt":{"rendered":"Las medidas de Meta para proteger a los adolescentes: l\u00edmite de dos horas, bloqueo nocturno, silencio en horario&hellip;\n","protected":false},"author":2,"featured_media":732568,"comment_status":"","ping_status":"","sticky":false,"template":"","format":"standard","meta":{"footnotes":""},"categories":[5],"tags":[17,18,25,24,13,14,11,4536,19,20,143,138,9,10,15,16,1922,23,5889,12,21,22,137,5006],"class_list":["post-732567","post","type-post","status-publish","format-standard","has-post-thumbnail","category-titulares","tag-breaking-news","tag-breakingnews","tag-es","tag-espana","tag-featured-news","tag-featurednews","tag-headlines","tag-instagram","tag-latest-news","tag-latestnews","tag-mark-zuckerberg","tag-meta","tag-news","tag-noticias","tag-noticias-destacadas","tag-noticiasdestacadas","tag-redes-sociales","tag-spain","tag-tiktok","tag-titulares","tag-ultimas-noticias","tag-ultimasnoticias","tag-whatsapp","tag-youtube"],"share_on_mastodon":{"url":"https:\/\/pubeurope.com\/@es\/117163359055584281","error":""},"_links":{"self":[{"href":"https:\/\/www.europesays.com\/es\/wp-json\/wp\/v2\/posts\/732567","targetHints":{"allow":["GET"]}}],"collection":[{"href":"https:\/\/www.europesays.com\/es\/wp-json\/wp\/v2\/posts"}],"about":[{"href":"https:\/\/www.europesays.com\/es\/wp-json\/wp\/v2\/types\/post"}],"author":[{"embeddable":true,"href":"https:\/\/www.europesays.com\/es\/wp-json\/wp\/v2\/users\/2"}],"replies":[{"embeddable":true,"href":"https:\/\/www.europesays.com\/es\/wp-json\/wp\/v2\/comments?post=732567"}],"version-history":[{"count":0,"href":"https:\/\/www.europesays.com\/es\/wp-json\/wp\/v2\/posts\/732567\/revisions"}],"wp:featuredmedia":[{"embeddable":true,"href":"https:\/\/www.europesays.com\/es\/wp-json\/wp\/v2\/media\/732568"}],"wp:attachment":[{"href":"https:\/\/www.europesays.com\/es\/wp-json\/wp\/v2\/media?parent=732567"}],"wp:term":[{"taxonomy":"category","embeddable":true,"href":"https:\/\/www.europesays.com\/es\/wp-json\/wp\/v2\/categories?post=732567"},{"taxonomy":"post_tag","embeddable":true,"href":"https:\/\/www.europesays.com\/es\/wp-json\/wp\/v2\/tags?post=732567"}],"curies":[{"name":"wp","href":"https:\/\/api.w.org\/{rel}","templated":true}]}}