{"id":732585,"date":"2026-08-26T19:16:14","date_gmt":"2026-08-26T19:16:14","guid":{"rendered":"https:\/\/www.europesays.com\/es\/732585\/"},"modified":"2026-08-26T19:16:14","modified_gmt":"2026-08-26T19:16:14","slug":"murio-tim-curry-el-actor-que-personifico-al-payaso-pennywise-en-la-primera-pelicula-de-it","status":"publish","type":"post","link":"https:\/\/www.europesays.com\/es\/732585\/","title":{"rendered":"Muri\u00f3 Tim Curry, el actor que personific\u00f3 al payaso Pennywise en la primera pel\u00edcula de It"},"content":{"rendered":"<p class=\"paragraph font__body-regular\">A los 80 a\u00f1os, muri\u00f3 <b>Tim Curry<\/b>, el actor que encarn\u00f3 al payaso <a href=\"https:\/\/tn.com.ar\/show\/cine-series\/2025\/10\/27\/it-welcome-to-derry-la-aterradora-serie-que-explora-sin-limites-el-pasado-del-malvado-pennywise\/\" target=\"_self\" rel=\"nofollow noopener\" title=\"https:\/\/tn.com.ar\/show\/cine-series\/2025\/10\/27\/it-welcome-to-derry-la-aterradora-serie-que-explora-sin-limites-el-pasado-del-malvado-pennywise\/\"><b>Pennywise<\/b><\/a><b> <\/b>en la primera pel\u00edcula que se hizo de <a href=\"https:\/\/tn.com.ar\/show\/hollywood\/2026\/07\/02\/se-revelaron-detalles-tragicos-de-la-muerte-de-james-ransone-uno-de-los-actores-de-it-y-the-wire\/\" target=\"_self\" rel=\"nofollow noopener\" title=\"https:\/\/tn.com.ar\/show\/hollywood\/2026\/07\/02\/se-revelaron-detalles-tragicos-de-la-muerte-de-james-ransone-uno-de-los-actores-de-it-y-the-wire\/\"><b>It<\/b><\/a><b>.<\/b><\/p>\n<p class=\"paragraph font__body-regular\">La noticia fue confirmada por fuentes cercanas al artista al medio TMZ. Hac\u00eda varios a\u00f1os que Curry atravesaba graves problemas de salud.<\/p>\n<p class=\"paragraph font__body-regular\">Adem\u00e1s, fuentes policiales le dijeron a ese portal especializado en Hollywood que la <b>muerte se produjo el martes por la noche. <\/b><\/p>\n<p>Qui\u00e9n era Tim Curry, el actor que personific\u00f3 al payaso Pennywise en la primera pel\u00edcula de \u201cIt\u201d<\/p>\n<p class=\"paragraph font__body-regular\"><b>Tim Curry<\/b> hab\u00eda nacido el 19 de abril de 1946 en <b>Grappenhall, Inglaterra<\/b>. Desde muy chico tuvo a la actuaci\u00f3n entre sus pasiones y, por eso, estudi\u00f3 Drama en la <b>Universidad de Birmingham<\/b>, de la que se gradu\u00f3 con Honores.<\/p>\n<p><img decoding=\"async\" loading=\"lazy\" fetchpriority=\"low\" data-testid=\"loading-testid\" class=\"image content-image image_placeholder\" alt=\"&quot;The Rocky Horror Picture Show&quot; est\u00e1 protagonizada por Tim Curry. (Foto: Disney+)\" width=\"767\" height=\"384\" src=\"https:\/\/www.europesays.com\/es\/wp-content\/uploads\/2026\/08\/the-rocky-horror-picture-show-esta-protagonizada-por-tim-curry-foto-disney-6EUPTM7UEREB3KVQO7LSYEYG4.jpeg\"\/><\/p>\n<p>\u00abThe Rocky Horror Picture Show\u00bb est\u00e1 protagonizada por Tim Curry. (Foto: Disney+)<\/p>\n<p class=\"paragraph font__body-regular\">Su carrera despeg\u00f3 a partir de la d\u00e9cada del 60, pero tom\u00f3 verdadera forma luego de que protagonizara en 1975 el musical que se volvi\u00f3 un cl\u00e1sico de culto: The Rocky Horror Show.<\/p>\n<p class=\"paragraph font__body-regular\">El film gener\u00f3 un verdadero fen\u00f3meno alternativo en los cines, donde los espectadores se disfrazaban de sus personajes favoritos,<b> llevaban accesorios y lanzaban objetos <\/b>por toda la sala mientras cantaban las canciones.<\/p>\n<p class=\"paragraph font__body-regular\">Ese fue el disparador de su carrera, que<b> hilvan\u00f3 varios hits<\/b> como Annie, Clue, Leyenda, Oliver Twist y la serie Wiseguy.<\/p>\n<p class=\"paragraph font__body-regular\">Su otro gran \u00e9xito en el cine lo consigui\u00f3 a partir de una de las personificaciones m\u00e1s importantes de su carrera. En 1990 se puso en la piel de <b>Pennywise<\/b>, el payaso monstruoso del telefilm It.<\/p>\n<p><img decoding=\"async\" loading=\"lazy\" fetchpriority=\"low\" data-testid=\"loading-testid\" class=\"image content-image image_placeholder\" alt=\"Tim Curry se luci\u00f3 en la pel\u00edcula &quot;It&quot; de 1990. (Foto: ABC)\" width=\"767\" height=\"518\" src=\"https:\/\/www.europesays.com\/es\/wp-content\/uploads\/2026\/08\/tim-curry-se-lucio-en-la-pelicula-it-de-1990-foto-abc-AF6BGM3IQNCJLBPELJB4DJR3N4.jpg\"\/><\/p>\n<p>Tim Curry se luci\u00f3 en la pel\u00edcula \u00abIt\u00bb de 1990. (Foto: ABC)<\/p>\n<p class=\"paragraph font__body-regular\">Curry se hizo muy popular a trav\u00e9s de ese personaje en una historia que adaptaba para la televisi\u00f3n la obra de<b> Stephen King<\/b>. La pel\u00edcula fue una de las m\u00e1s vistas en la primera mitad de los 90 gracias a su expansi\u00f3n a nivel internacional por el formato del <b>VHS<\/b>. A\u00f1os despu\u00e9s, aquella novela ser\u00eda adaptada al cine por el argentino <b>Andy Muschietti<\/b>.<\/p>\n<p class=\"paragraph font__body-regular\">Ese rol, adem\u00e1s, logr\u00f3 que <b>Curry consiguiera nuevos trabajos.<\/b> Es as\u00ed como particip\u00f3 en los 90 y los 2000 en films como La caza al Octubre Rojo, Los tres mosqueteros, Mi pobre angelito 2, Los \u00c1ngeles de Charlie, Scary Movie 2, Kinsey, Ritual y The Rugrats Movie, entre otras.<\/p>\n<p class=\"paragraph font__body-regular\">En 2012, su carrera tuvo un antes y un despu\u00e9s luego de haber sufrido un derrame. A partir de ese momento tuvo varias complicaciones que lo llevaron a que atravesara una cirug\u00eda cerebral:<b> en 2025 se lo vio en silla de ruedas debido a que ya no pod\u00eda caminar.<\/b><\/p>\n","protected":false},"excerpt":{"rendered":"A los 80 a\u00f1os, muri\u00f3 Tim Curry, el actor que encarn\u00f3 al payaso Pennywise en la primera pel\u00edcula&hellip;\n","protected":false},"author":2,"featured_media":732586,"comment_status":"","ping_status":"","sticky":false,"template":"","format":"standard","meta":{"footnotes":""},"categories":[169],"tags":[177,146,147,25,24,176,22802,175,13909,23],"class_list":["post-732585","post","type-post","status-publish","format-standard","has-post-thumbnail","category-cine","tag-cine","tag-entertainment","tag-entretenimiento","tag-es","tag-espana","tag-film","tag-it","tag-movies","tag-muerte-de-famosos","tag-spain"],"share_on_mastodon":{"url":"https:\/\/pubeurope.com\/@es\/117163419572403456","error":""},"_links":{"self":[{"href":"https:\/\/www.europesays.com\/es\/wp-json\/wp\/v2\/posts\/732585","targetHints":{"allow":["GET"]}}],"collection":[{"href":"https:\/\/www.europesays.com\/es\/wp-json\/wp\/v2\/posts"}],"about":[{"href":"https:\/\/www.europesays.com\/es\/wp-json\/wp\/v2\/types\/post"}],"author":[{"embeddable":true,"href":"https:\/\/www.europesays.com\/es\/wp-json\/wp\/v2\/users\/2"}],"replies":[{"embeddable":true,"href":"https:\/\/www.europesays.com\/es\/wp-json\/wp\/v2\/comments?post=732585"}],"version-history":[{"count":0,"href":"https:\/\/www.europesays.com\/es\/wp-json\/wp\/v2\/posts\/732585\/revisions"}],"wp:featuredmedia":[{"embeddable":true,"href":"https:\/\/www.europesays.com\/es\/wp-json\/wp\/v2\/media\/732586"}],"wp:attachment":[{"href":"https:\/\/www.europesays.com\/es\/wp-json\/wp\/v2\/media?parent=732585"}],"wp:term":[{"taxonomy":"category","embeddable":true,"href":"https:\/\/www.europesays.com\/es\/wp-json\/wp\/v2\/categories?post=732585"},{"taxonomy":"post_tag","embeddable":true,"href":"https:\/\/www.europesays.com\/es\/wp-json\/wp\/v2\/tags?post=732585"}],"curies":[{"name":"wp","href":"https:\/\/api.w.org\/{rel}","templated":true}]}}