{"id":732631,"date":"2026-08-26T19:46:11","date_gmt":"2026-08-26T19:46:11","guid":{"rendered":"https:\/\/www.europesays.com\/es\/732631\/"},"modified":"2026-08-26T19:46:11","modified_gmt":"2026-08-26T19:46:11","slug":"el-mando-unico-para-ceuta-echa-a-andar-moncloa-da-marcha-atras-con-los-polideportivos-para-alojar-migrantes-e-insiste-en-su-regreso-conforme-a-la-ley","status":"publish","type":"post","link":"https:\/\/www.europesays.com\/es\/732631\/","title":{"rendered":"El mando \u00fanico para Ceuta echa a andar: Moncloa da marcha atr\u00e1s con los polideportivos para alojar migrantes e insiste en su regreso conforme a la ley"},"content":{"rendered":"<p class=\"L6-news-detail__text\">El mando \u00fanico para gestionar la <b><a title=\"crisis en Ceuta\" href=\"https:\/\/www.lasexta.com\/noticias\/nacional\/nueva-version-avisos-cni-asalto-ceuta-niega-contradiccion-dos-cosas-pueden-ser-verdad-aclarar-sucedido_202608266a8f330bae2f3735da15b67a.html\" target=\"_blank\" rel=\"nofollow noopener\">crisis en Ceuta<\/a><\/b> ya se ha puesto en marcha y ha anunciado que <b>sacar\u00e1 del <\/b><b><a title=\"real decreto el uso de los polideportivos\" href=\"https:\/\/www.lasexta.com\/noticias\/nacional\/gobierno-apunta-que-espacios-albergar-migrantes-designaran-consenso-que-listado-instalaciones-propuesto-modificable_202608266a8e9f4a2bcaf82098ed5881.html\" target=\"_blank\" rel=\"nofollow noopener\">real decreto el uso de los polideportivos<\/a><\/b><b> para atender a los migrantes<\/b> que se saltaron la frontera. As\u00ed lo ha indicado el ministro de Pol\u00edtica Territorial y Memoria Democr\u00e1tica, <b><a title=\"\u00c1ngel V\u00edctor Torres\" href=\"https:\/\/www.lasexta.com\/temas\/angel_victor_torres-1\" target=\"_blank\" rel=\"nofollow noopener\">\u00c1ngel V\u00edctor Torres<\/a><\/b>, que tambi\u00e9n ha subrayado que la intenci\u00f3n del Gobierno es que todos los migrantes \u00abretornen con arreglo a la ley\u00bb.<\/p>\n<p class=\"L6-news-detail__text\">Casi un mes despu\u00e9s de la llegada masiva, Torres ha dirigido este mi\u00e9rcoles la primera reuni\u00f3n del mando \u00fanico, donde han participado diez ministros y dos consejeros, adem\u00e1s del presidente de la ciudad aut\u00f3noma, Juan Jes\u00fas Vivas. Adem\u00e1s, ha anunciado que <b><a title=\"este viernes el presidente Pedro S\u00e1nchez presidir\u00e1 una reuni\u00f3n extraordinaria desde Moncloa\" href=\"https:\/\/www.lasexta.com\/noticias\/nacional\/angel-victor-torres-anuncia-que-sanchez-presidira-moncloa-reunion-extraordinaria-mando-unico-este-viernes_202608266a8f28a02bcaf82098ee897a.html\" target=\"_blank\" rel=\"nofollow noopener\">este viernes el presidente Pedro S\u00e1nchez presidir\u00e1 una reuni\u00f3n extraordinaria desde Moncloa<\/a><\/b>.<\/p>\n<p class=\"L6-news-detail__text\">Al t\u00e9rmino de la misma, y acompa\u00f1ado de la ministra de Inclusi\u00f3n, Seguridad Social y Migraciones, <b>Elma Saiz<\/b>, y del delegado del Gobierno en Ceuta, <b>Miguel \u00c1ngel P\u00e9rez Triano<\/b>, el ministro ha subrayado que \u00abel objetivo y <b>el plan que compartimos es que puedan retornar a la mayor brevedad posible\u00bb<\/b>.<\/p>\n<p class=\"L6-news-detail__text\">Para ello, ha apuntado,<b> \u00abhay que filiarlos y hacer el triaje\u00bb<\/b>, por lo que se necesitan \u00abrecursos\u00bb y <b>\u00abacotarlos en espacios\u00bb<\/b>. Los polideportivos eran unos de esos emplazamientos pero, apenas 24 horas despu\u00e9s de formularse la lista, las protestas de la poblaci\u00f3n ceut\u00ed y del presidente Vivas han hecho que se descarten.<\/p>\n<p class=\"L6-news-detail__text\">En este sentido, Torres ha asegurado que el Gobierno no quiere \u00abafectar la convivencia ni las normas de Ceuta\u00bb y que por eso se ha decidido retirar su uso para la acogida de migrantes. Ha indicado que el real decreto es \u00abmodificable y flexible\u00bb y que <b>ya se han visitado otros espacios <\/b>para reubicar a estas personas, aunque no ha concretado cu\u00e1les ser\u00e1n las nuevas opciones.<\/p>\n<p class=\"L6-news-detail__text\">\u00abEn ocasiones hemos tenido que buscar emplazamientos.<b> Si no acotamos y no tenemos espacios cuanto antes, m\u00e1s se va a alargar la cosa\u00bb<\/b>, ha reiterado.<\/p>\n<p>Llamamiento a la convivencia<\/p>\n<p class=\"L6-news-detail__text\">Con la <b><a title=\"crispaci\u00f3n en las calles creciendo cada d\u00eda\" href=\"https:\/\/www.lasexta.com\/noticias\/sociedad\/paciencia-acaba-ceuta-convertida-polvorin-convocan-protestas-diarias-vivas-respalda-indignacion_202608266a8f1763d16f7635049f0c6e.html\" target=\"_blank\" rel=\"nofollow noopener\">crispaci\u00f3n en las calles creciendo cada d\u00eda<\/a><\/b>, el titular de Pol\u00edtica Territorial ha hecho un \u00abllamamiento a la conviviencia\u00bb y sostenido que el objetivo del mando \u00fanico es \u00absentar las bases de la estrategia para recuperar la normalidad en suelo ceut\u00ed\u00bb.<\/p>\n<p class=\"L6-news-detail__text\">El ministro ha pedido al presidente de la ciudad aut\u00f3noma arrimar el hombro y no tensar la situaci\u00f3n, afirmando que \u00abno es cuesti\u00f3n de meterle el dedo en el ojo al otro\u00bb. Pero Vivas, consciente del cabreo en las calles, ha asegurado que lo que tienen que hacer es tomar medidas cuanto antes.<\/p>\n<p class=\"L6-news-detail__text\"><b>\u00abNo se puede poner en cuesti\u00f3n que haya una crispaci\u00f3n<\/b> por parte de la ciudadan\u00eda\u00bb, ha esgrimido. No obstante, ha dado el visto bueno a la hoja de ruta del mando \u00fanico (que llevaba tiempo reclamando a Moncloa). \u00abMe parece un m\u00e9todo acertado. El tiempo dir\u00e1 si los objetivos se cumplen o no\u00bb, ha expresado Vivas.<\/p>\n<p class=\"L6-news-detail__text\">Adem\u00e1s del procedimiento de filiaci\u00f3n y reubicaci\u00f3n, otro punto que queda por aclarar es la <b>cifra de menores migrantes <\/b>que todav\u00eda est\u00e1n en Ceuta. El mando \u00fanico ha dicho este mi\u00e9rcoles que hay \u00abunos 1.410\u00bb filiados, una cifra que contrasta con la que dijeron otros ministros esta semana: Elma Saiz afirm\u00f3 que ya superaban los 2.500, y el vicepresidente Carlos Cuerpo, que \u00abestar\u00eda ligeramente por encima los 2.900\u00bb.<\/p>\n<p class=\"L6-news-detail__text\">En este sentido, el Gobierno ha justificado que el baile de cifras se debe a que ya se han depurado los registros inform\u00e1ticos.<\/p>\n<p class=\"L6-news-detail__text\"><a title=\"*A\u00f1ade laSexta como tu medio de referencia en Google y no te pierdas toda la actualidad y el mejor contenido\" href=\"https:\/\/www.google.com\/preferences\/source?q=lasexta.com\" target=\"_blank\" rel=\"nofollow noopener\"><b>*A\u00f1ade laSexta como tu medio de referencia en Google y no te pierdas toda la actualidad y el mejor contenido<\/b><\/a><\/p>\n<p class=\"L6-support-news-video__title\">Investigan uso desproporcionado de la fuerza<\/p>\n<p> <a href=\"https:\/\/www.lasexta.com\/noticias\/sociedad\/juan-manuel-medina-mala-actuacion-policial-elchebarca-ese-codazo-propio-luchador-mma-esta-mas_202608266a8f37e1ae2f3735da15bfcb.html\" class=\"L6-news__link\" rel=\"nofollow noopener\" target=\"_blank\">Juan Manuel Medina ve \u00abuna mala actuaci\u00f3n policial\u00bb en el Elche-Bar\u00e7a: \u00abEse codazo, propio de un luchador de MMA, est\u00e1 de m\u00e1s\u00bb<\/p>\n<p class=\"recirculation-video-desc\">El abogado Juan Manuel Medina analiza la pol\u00e9mica actuaci\u00f3n policial durante el Elche-Bar\u00e7a y pide a Laporta y Junts que se deje de politizar este asunto: \u00abSe ve claramente que no han ido a por el chico porque lleve una estelada\u00bb.<\/p>\n<p> <\/a><\/p>\n","protected":false},"excerpt":{"rendered":"El mando \u00fanico para gestionar la crisis en Ceuta ya se ha puesto en marcha y ha anunciado&hellip;\n","protected":false},"author":2,"featured_media":732632,"comment_status":"","ping_status":"","sticky":false,"template":"","format":"standard","meta":{"footnotes":""},"categories":[8],"tags":[28771,17,18,4486,2125,25,24,13,14,248,11,124327,19,20,890,9,10,15,110362,16,23,12,21,22],"class_list":["post-732631","post","type-post","status-publish","format-standard","has-post-thumbnail","category-espana","tag-angel-victor-torres","tag-breaking-news","tag-breakingnews","tag-ceuta","tag-directo","tag-es","tag-espana","tag-featured-news","tag-featurednews","tag-gobierno-de-espana","tag-headlines","tag-inmigrantes-ceuta","tag-latest-news","tag-latestnews","tag-migrantes","tag-news","tag-noticias","tag-noticias-destacadas","tag-noticias-ultima-hora","tag-noticiasdestacadas","tag-spain","tag-titulares","tag-ultimas-noticias","tag-ultimasnoticias"],"share_on_mastodon":{"url":"https:\/\/pubeurope.com\/@es\/117163536422288407","error":""},"_links":{"self":[{"href":"https:\/\/www.europesays.com\/es\/wp-json\/wp\/v2\/posts\/732631","targetHints":{"allow":["GET"]}}],"collection":[{"href":"https:\/\/www.europesays.com\/es\/wp-json\/wp\/v2\/posts"}],"about":[{"href":"https:\/\/www.europesays.com\/es\/wp-json\/wp\/v2\/types\/post"}],"author":[{"embeddable":true,"href":"https:\/\/www.europesays.com\/es\/wp-json\/wp\/v2\/users\/2"}],"replies":[{"embeddable":true,"href":"https:\/\/www.europesays.com\/es\/wp-json\/wp\/v2\/comments?post=732631"}],"version-history":[{"count":0,"href":"https:\/\/www.europesays.com\/es\/wp-json\/wp\/v2\/posts\/732631\/revisions"}],"wp:featuredmedia":[{"embeddable":true,"href":"https:\/\/www.europesays.com\/es\/wp-json\/wp\/v2\/media\/732632"}],"wp:attachment":[{"href":"https:\/\/www.europesays.com\/es\/wp-json\/wp\/v2\/media?parent=732631"}],"wp:term":[{"taxonomy":"category","embeddable":true,"href":"https:\/\/www.europesays.com\/es\/wp-json\/wp\/v2\/categories?post=732631"},{"taxonomy":"post_tag","embeddable":true,"href":"https:\/\/www.europesays.com\/es\/wp-json\/wp\/v2\/tags?post=732631"}],"curies":[{"name":"wp","href":"https:\/\/api.w.org\/{rel}","templated":true}]}}