{"id":732733,"date":"2026-08-26T21:02:13","date_gmt":"2026-08-26T21:02:13","guid":{"rendered":"https:\/\/www.europesays.com\/es\/732733\/"},"modified":"2026-08-26T21:02:13","modified_gmt":"2026-08-26T21:02:13","slug":"oscar-pereiro-aplaude-la-lectura-de-carrera-de-tadej-pogacar-sigue-siendo-el-corredor-mas-fuerte-del-mundo-pero-su-equipo-no-esta-al-nivel-del-tour","status":"publish","type":"post","link":"https:\/\/www.europesays.com\/es\/732733\/","title":{"rendered":"\u00d3scar Pereiro &#8216;aplaude&#8217; la lectura de carrera de Tadej Pogacar: \u00abSigue siendo el corredor m\u00e1s fuerte del mundo, pero su equipo no est\u00e1 al nivel del Tour\u00bb"},"content":{"rendered":"<p class=\"ft-text\"><strong>\u00d3scar Pereiro<\/strong> es una de las voces m\u00e1s autorizadas del ciclismo espa\u00f1ol. <strong>El ganador del Tour de Francia en 2006<\/strong>, actual colaborador de &#8216;COPE&#8217; y embajador oficial y maestro de ceremonias de la Vuelta a Espa\u00f1a, particip\u00f3 una noche m\u00e1s en &#8216;El Partidazo&#8217; donde <a class=\"ft-link ft-link--decoration\" href=\"https:\/\/www.sport.es\/es\/noticias\/ciclismo\/la-vuelta\/victoria-andorra-pogacar-supersonico-133648581\" rel=\"nofollow noopener\" target=\"_blank\">repas\u00f3 la actualidad de la carrera y se deshizo en elogios hacia Tadej Pogacar<\/a>.<\/p>\n<p class=\"ft-text\">\u00ab<strong>Pogacar sigue siendo el corredor m\u00e1s fuerte del mundo y est\u00e1 un paso por encima del resto, pero su equipo, por lo menos en esta primera gran cita de monta\u00f1a, no est\u00e1 al nivel del Tour<\/strong>\u00ab, coment\u00f3 el gallego, que calific\u00f3 su movimiento ofensivo como \u00ab<strong>inteligente<\/strong>\u00ab.<\/p>\n<p>Sacar ventaja de la debilidad<\/p>\n<p class=\"ft-text\">El equipo Decathlon puso un ritmo fuerte y decidido, nada del otro mundo para Pogacar. Sin embargo, pr\u00e1cticamente se qued\u00f3 sin compa\u00f1eros y se vio &#8216;obligado&#8217; a atacar. \u00ab<strong>Cuando ha visto que quedaban 50 kil\u00f3metros, ha dicho, &#8216;bueno, las circunstancias de la carrera me favorecen, me voy y ya no me vais a coger, \u00bfno?&#8217;. Porque en el momento que arranca, el equipo realmente poco te puede hacer ah\u00ed<\/strong>\u00ab, coment\u00f3 Pereiro, quien particip\u00f3 en cinco Vuelta a Espa\u00f1a.<\/p>\n<p><img decoding=\"async\" src=\"https:\/\/www.europesays.com\/es\/wp-content\/uploads\/2026\/08\/4732f25a-bb1b-4e05-a970-3e1ce0705600_alta-libre-aspect-ratio_default_0_x600y225.jpg\" width=\"1200\" height=\"675\" alt=\"Tadej Pogacar celebra su triunfo en Andorra la Vella\" class=\"ft-helper-img-rd\" loading=\"lazy\" fetchpriority=\"auto\"\/><\/p>\n<p class=\"ft-helper-fontColor-quaternary ft-helper-fontSize-body-S ft-helper-spacer-t-xxs\">Tadej Pogacar celebra su triunfo en Andorra la Vella  \/ Javier Lizon<\/p>\n<p class=\"ft-text\">Ante dicha circunstancia, el tambi\u00e9n colaborador televisivo consider\u00f3 que \u00ab<strong>todo lo que pueda tener el zurr\u00f3n ahora mismo, pues bienvenido sea de cara al futuro<\/strong>\u00ab. Asimismo, apunt\u00f3 que no le parec\u00eda haberle visto \u00abir al 100%\u00bb. \u00abSobre todo en las bajadas y tom\u00e1ndoselo con mucha calma\u00bb, dijo.<\/p>\n<p class=\"ft-text\">No obstante, a \u00d3scar Pereiro, al igual que a much\u00edsimos aficionados, no le sorprendi\u00f3 el rendimiento de Pogacar <a class=\"ft-link ft-link--decoration\" href=\"https:\/\/www.sport.es\/es\/noticias\/ciclismo\/tadej-pogacar-afianza-liderato-vuelta-133649805\" rel=\"nofollow noopener\" target=\"_blank\">en la etapa \u00edntegra en el Principado de Andorra<\/a>. \u00ab<strong>Me parece que ha hecho lo que todos esper\u00e1bamos que hiciera<\/strong>\u00ab, finaliz\u00f3.<\/p>\n","protected":false},"excerpt":{"rendered":"\u00d3scar Pereiro es una de las voces m\u00e1s autorizadas del ciclismo espa\u00f1ol. El ganador del Tour de Francia&hellip;\n","protected":false},"author":2,"featured_media":732734,"comment_status":"","ping_status":"","sticky":false,"template":"","format":"standard","meta":{"footnotes":""},"categories":[273],"tags":[36000,4860,313,312,168,25,24,1807,2789,70377,23,167,463,462],"class_list":["post-732733","post","type-post","status-publish","format-standard","has-post-thumbnail","category-ciclismo","tag-aplaude","tag-carrera","tag-ciclismo","tag-cycling","tag-deportes","tag-es","tag-espana","tag-lectura","tag-oscar","tag-pereiro","tag-spain","tag-sports","tag-tadej-pogacar","tag-tour-de-francia"],"share_on_mastodon":{"url":"https:\/\/pubeurope.com\/@es\/117163835762033238","error":""},"_links":{"self":[{"href":"https:\/\/www.europesays.com\/es\/wp-json\/wp\/v2\/posts\/732733","targetHints":{"allow":["GET"]}}],"collection":[{"href":"https:\/\/www.europesays.com\/es\/wp-json\/wp\/v2\/posts"}],"about":[{"href":"https:\/\/www.europesays.com\/es\/wp-json\/wp\/v2\/types\/post"}],"author":[{"embeddable":true,"href":"https:\/\/www.europesays.com\/es\/wp-json\/wp\/v2\/users\/2"}],"replies":[{"embeddable":true,"href":"https:\/\/www.europesays.com\/es\/wp-json\/wp\/v2\/comments?post=732733"}],"version-history":[{"count":0,"href":"https:\/\/www.europesays.com\/es\/wp-json\/wp\/v2\/posts\/732733\/revisions"}],"wp:featuredmedia":[{"embeddable":true,"href":"https:\/\/www.europesays.com\/es\/wp-json\/wp\/v2\/media\/732734"}],"wp:attachment":[{"href":"https:\/\/www.europesays.com\/es\/wp-json\/wp\/v2\/media?parent=732733"}],"wp:term":[{"taxonomy":"category","embeddable":true,"href":"https:\/\/www.europesays.com\/es\/wp-json\/wp\/v2\/categories?post=732733"},{"taxonomy":"post_tag","embeddable":true,"href":"https:\/\/www.europesays.com\/es\/wp-json\/wp\/v2\/tags?post=732733"}],"curies":[{"name":"wp","href":"https:\/\/api.w.org\/{rel}","templated":true}]}}