{"id":732735,"date":"2026-08-26T21:04:21","date_gmt":"2026-08-26T21:04:21","guid":{"rendered":"https:\/\/www.europesays.com\/es\/732735\/"},"modified":"2026-08-26T21:04:21","modified_gmt":"2026-08-26T21:04:21","slug":"el-unicaja-con-una-de-las-plantillas-mas-extensas-de-la-acb-actualmente","status":"publish","type":"post","link":"https:\/\/www.europesays.com\/es\/732735\/","title":{"rendered":"El Unicaja, con una de las plantillas m\u00e1s extensas de la ACB actualmente"},"content":{"rendered":"<p style=\"\">Los equipos ACB se encuentran ya inmersos en sus respectivas pretemporadas desde hace d\u00edas o incluso semanas. Incluso, en el caso del Unicaja, ya ultima  &#8230; los detalles para disputar su primer partido amistoso, este domingo, en el Memorial Javier Imbroda de Melilla. Y pese a que el mercado de fichajes en el baloncesto siempre permanece abierto, lo cierto es que la mayor\u00eda de los clubes ya tienen sus plantillas perfiladas para la nueva temporada 2026-27, que comenzar\u00e1 justo dentro de un mes (26 de septiembre). Repasando, a d\u00eda de hoy, los diferentes r\u00f3steres, encontramos que el Unicaja presenta una de las plantillas m\u00e1s extensas de toda la Liga Endesa.<\/p>\n<p class=\"v-d-p\" style=\"\">Hasta la fecha, ya en su segunda semana de pretemporada, el cuadro de Txus Vidorreta cuenta oficialmente con 14 jugadores. El club se mantiene en la b\u00fasqueda del que podr\u00eda ser el 15\u00ba, el ansiado p\u00edvot o &#8216;4-5&#8217; que rastrea la direcci\u00f3n deportiva en el mercado. Sin embargo, su llegada a d\u00eda de hoy es una inc\u00f3gnita, por lo que se ha procedido a trabajar con los 14 profesionales actuales, dentro de los cuales hay 7 novedades con respecto al \u00faltimo a\u00f1o: Amine Noua, Ignas Brazdeikis, Melwin Pantar, Yannick Nzosa, Simonas Lukosius, Willy Hernang\u00f3mez y Cameron Hunt.<\/p>\n<ul class=\"v-cmp-rld__u\">\n<li class=\"v-cmp-rld__l\">\n<p><a class=\"v-a-lnk\" href=\"http:\/\/www.diariosur.es\/unicaja\/nuevo-unicaja-catorce-soldados-volver-plantar-cara-20260822133606-nt.html#vtm_modulosEngag=noticiasrelacionadas-cmp-uno:unicaja:noticia:1\" data-voc-vtm-id=\"in-text-traffic\" rel=\"nofollow noopener\" target=\"_blank\"><br \/>\n<img decoding=\"async\" loading=\"lazy\" src=\"https:\/\/www.europesays.com\/es\/wp-content\/uploads\/2026\/08\/WhatsApp Image 2026-08-22 at 11.14.42-U38003176726KeZ-366x256@Diario Sur.jpeg\" class=\"v-a-img\" width=\"258\" height=\"180\" alt=\"El nuevo Unicaja: catorce 'soldados' con los que volver a plantar cara a los 'grandes'\"\/><br \/>\n<\/a><\/p>\n<\/li>\n<\/ul>\n<p class=\"v-d-p\" style=\"\">Se trata de una de las plantillas m\u00e1s largas presentadas jam\u00e1s por el Unicaja al inicio de una temporada (de ser quince finalmente, ser\u00eda oficialmente la m\u00e1s extensa). De hecho, habitualmente siempre hab\u00edan sido 12-13 profesionales los inscritos al comienzo del curso, aunque hubo un caso extraordinario. En la campa\u00f1a 2023-24 se llegaron a inscribir, de inicio, 15 jugadores. Aunque hay &#8216;trampa&#8217; en esta cifra, pues Ilimane Diop firm\u00f3 un contrato temporal de s\u00f3lo 6 semanas para ayudar en la pretemporada y tres partidos de Liga ante la baja de Sima y se march\u00f3 en octubre, con lo cual, ser\u00edan 14 contando adem\u00e1s con que, durante el a\u00f1o, se cedi\u00f3 a Mario Saint-Sup\u00e9ry.<\/p>\n<ul class=\"v-cmp-flg__u\">\n<li class=\"v-cmp-flg__l\">\n<ul class=\"v-u\">\n<li class=\"v-u__l\">\n<p class=\"v-u__p\">\n16 jugadores<br \/>\nEl Real Madrid y el UCAM Murcia.\n<\/p>\n<\/li>\n<li class=\"v-u__l\">\n<p class=\"v-u__p\">\n15 jugadores<br \/>\nEl Tenerife y el Valencia.\n<\/p>\n<\/li>\n<li class=\"v-u__l\">\n<p class=\"v-u__p\">\n14 jugadores<br \/>\nEl Unicaja, el Bar\u00e7a y el Andorra.\n<\/p>\n<\/li>\n<li class=\"v-u__l\">\n<p class=\"v-u__p\">\n13 jugadores<br \/>\nEl Lleida, el Manresa, el Baskonia, el Obradoiro, el Breog\u00e1n y el Bilbao.\n<\/p>\n<\/li>\n<li class=\"v-u__l\">\n<p class=\"v-u__p\">\n12 jugadores<br \/>\nEl Joventut, el Girona, el Coru\u00f1a y el Burgos.\n<\/p>\n<\/li>\n<li class=\"v-u__l\">\n<p class=\"v-u__p\">\n11 jugadores<br \/>\nEl Zaragoza\n<\/p>\n<\/li>\n<\/ul>\n<\/li>\n<\/ul>\n<p class=\"v-d-p\" style=\"\">Sin ir m\u00e1s lejos, la pasada campa\u00f1a se comenz\u00f3 con 13, mientras que en esta, ser\u00e1 uno m\u00e1s, lo que no deja de suponer una satisfacci\u00f3n cara a aliviar la rotaci\u00f3n de los jugadores y evitar posibles salidas al mercado (al menos de inicio), al haberse realizado refuerzos en todas las posiciones. Echando un vistazo a las plantillas de ACB a fecha de este mi\u00e9rcoles 25 de agosto, s\u00f3lo cuatro equipos contar\u00edan ahora mismo con m\u00e1s efectivos que los malague\u00f1os.<\/p>\n<p>\nPlantillas m\u00e1s numerosas\n<\/p>\n<p class=\"v-d-p\" style=\"\">Actualmente, igualan al Unicaja, con 14 jugadores: un Bar\u00e7a que se ha reestructurado pr\u00e1cticamente al completo con hasta 10 fichajes, entre ellos el del excajista Balcerowski y el Andorra, con 7 novedades. Superar\u00edan al club de Los Guindos el Tenerife, exequipo de Txus Vidorreta y el Valencia, con un total de 15 profesionales inscritos y seis y ocho fichajes, respectivamente. En caso del cuadro canario: Kurucs, Guy, Bamba, L\u00f3pez-Arostegi, Hunter y Happ. En el cuadro valenciano: el malague\u00f1o Mario Saint-Sup\u00e9ry, Shorts, Brooks, Corbal\u00e1n, Mar\u00ed, Valtonen, el excajista Osetkowski y Gueye.<\/p>\n<p class=\"v-d-p\" style=\"\">Lideran este &#8216;ranking&#8217;, con un total de 16 jugadores inscritos, el Real Madrid y para sorpresa de muchos, el UCAM Murcia. El conjunto de Pedro Mart\u00ednez se ha reforzado con Luwawu-Cabarrot, Shulga, Sarr, Jantunen, Pradilla, Ndiaye y el combinado murciano, con Boum, Pansa, Juani Marcos y Steinbergs. Asimismo, con 13 profesionales se encuentran ahora mismo el Lleida, el Manresa, el Baskonia, el Obradoiro, el Breog\u00e1n, el Bilbao; con 12 el Joventut, el Girona, el Coru\u00f1a, el Burgos y la plantilla m\u00e1s escasa hasta el momento es el Zaragoza, con s\u00f3lo 11 inscritos.<\/p>\n","protected":false},"excerpt":{"rendered":"Los equipos ACB se encuentran ya inmersos en sus respectivas pretemporadas desde hace d\u00edas o incluso semanas. Incluso,&hellip;\n","protected":false},"author":2,"featured_media":732736,"comment_status":"","ping_status":"","sticky":false,"template":"","format":"standard","meta":{"footnotes":""},"categories":[269],"tags":[302,8785,299,298,168,25,24,130249,6837,23,167,2246],"class_list":["post-732735","post","type-post","status-publish","format-standard","has-post-thumbnail","category-baloncesto","tag-acb","tag-actualmente","tag-baloncesto","tag-basketball","tag-deportes","tag-es","tag-espana","tag-extensas","tag-plantillas","tag-spain","tag-sports","tag-unicaja"],"share_on_mastodon":{"url":"https:\/\/pubeurope.com\/@es\/117163844057131353","error":""},"_links":{"self":[{"href":"https:\/\/www.europesays.com\/es\/wp-json\/wp\/v2\/posts\/732735","targetHints":{"allow":["GET"]}}],"collection":[{"href":"https:\/\/www.europesays.com\/es\/wp-json\/wp\/v2\/posts"}],"about":[{"href":"https:\/\/www.europesays.com\/es\/wp-json\/wp\/v2\/types\/post"}],"author":[{"embeddable":true,"href":"https:\/\/www.europesays.com\/es\/wp-json\/wp\/v2\/users\/2"}],"replies":[{"embeddable":true,"href":"https:\/\/www.europesays.com\/es\/wp-json\/wp\/v2\/comments?post=732735"}],"version-history":[{"count":0,"href":"https:\/\/www.europesays.com\/es\/wp-json\/wp\/v2\/posts\/732735\/revisions"}],"wp:featuredmedia":[{"embeddable":true,"href":"https:\/\/www.europesays.com\/es\/wp-json\/wp\/v2\/media\/732736"}],"wp:attachment":[{"href":"https:\/\/www.europesays.com\/es\/wp-json\/wp\/v2\/media?parent=732735"}],"wp:term":[{"taxonomy":"category","embeddable":true,"href":"https:\/\/www.europesays.com\/es\/wp-json\/wp\/v2\/categories?post=732735"},{"taxonomy":"post_tag","embeddable":true,"href":"https:\/\/www.europesays.com\/es\/wp-json\/wp\/v2\/tags?post=732735"}],"curies":[{"name":"wp","href":"https:\/\/api.w.org\/{rel}","templated":true}]}}