{"id":732743,"date":"2026-08-26T21:09:41","date_gmt":"2026-08-26T21:09:41","guid":{"rendered":"https:\/\/www.europesays.com\/es\/732743\/"},"modified":"2026-08-26T21:09:41","modified_gmt":"2026-08-26T21:09:41","slug":"la-edad-dorada-series-de-television","status":"publish","type":"post","link":"https:\/\/www.europesays.com\/es\/732743\/","title":{"rendered":"La edad dorada | Series de Televisi\u00f3n"},"content":{"rendered":"<p>La edad dorada<\/p>\n<p>Disponible en <a href=\"https:\/\/www.max.com\/\" rel=\"nofollow noopener\" target=\"_blank\">HBO Max<\/a><\/p>\n<p>Temporada 4<\/p>\n<p>Estreno: 2 de noviembre de 2026<\/p>\n<p>Nacionalidad: EE UU<\/p>\n<p class=\"\">En la cuarta temporada de la serie creada por Julian Fellowes, Bertha Russell (Carrie Coon) ya cambi\u00f3 la alta sociedad, pero a un alto precio. Ahora, su familia debe afrontar las consecuencias mientras Agnes van Rhijn (Christine Baranski) aprovecha la oportunidad para recuperar su posici\u00f3n. Mientras tanto, Marian (Louisa Jacobson) se abre un nuevo camino y Peggy (Den\u00e9e Benton) se esfuerza por ganarse la aceptaci\u00f3n de sus futuros suegros. En esta nueva era, hay que tener cuidado con lo que se desea.<\/p>\n<p class=\"\">El elenco de esya serie de \u00e9poca y lujo lo completan Cynthia Nixon, Morgan Spector, Taissa Farmiga, Harry Richardson, Blake Ritson, Ben Ahlers, Ashlie Atkinson, Dylan Baker, Kelley Curran, Jordan Donica, Jessica Frances Dukes, Amy Forsyth, Jack Gilpin, Simon Jones, Celia Keenan-Bolger, Ben Lamb, Audra McDonald, Brian Stokes Mitchell, Debra Monk, Hattie Morahan, Donna Murphy, Kristine Nielsen, Kelli O\u2019Hara, Taylor Richardson, Douglas Sills, Erin Wilhelmi, John Douglas Thompson, Taylor Trensch, James Scully, Dennis Haysbert, Maggie Kuntz, Neal Huff, Bonnie Milligan, Jim Gaffigan, Dallas Roberts, Andrew Burnap, Elizabeth Marvel, Adrienne Warren, junto a Bill Camp y Phylicia Rashad.<\/p>\n","protected":false},"excerpt":{"rendered":"La edad dorada Disponible en HBO Max Temporada 4 Estreno: 2 de noviembre de 2026 Nacionalidad: EE UU&hellip;\n","protected":false},"author":2,"featured_media":732744,"comment_status":"","ping_status":"","sticky":false,"template":"","format":"standard","meta":{"footnotes":""},"categories":[171],"tags":[1014,1015,146,147,25,24,8189,23,807,214],"class_list":["post-732743","post","type-post","status-publish","format-standard","has-post-thumbnail","category-tv","tag-actores","tag-actrices","tag-entertainment","tag-entretenimiento","tag-es","tag-espana","tag-series-television","tag-spain","tag-television","tag-tv"],"share_on_mastodon":{"url":"https:\/\/pubeurope.com\/@es\/117163862638191576","error":""},"_links":{"self":[{"href":"https:\/\/www.europesays.com\/es\/wp-json\/wp\/v2\/posts\/732743","targetHints":{"allow":["GET"]}}],"collection":[{"href":"https:\/\/www.europesays.com\/es\/wp-json\/wp\/v2\/posts"}],"about":[{"href":"https:\/\/www.europesays.com\/es\/wp-json\/wp\/v2\/types\/post"}],"author":[{"embeddable":true,"href":"https:\/\/www.europesays.com\/es\/wp-json\/wp\/v2\/users\/2"}],"replies":[{"embeddable":true,"href":"https:\/\/www.europesays.com\/es\/wp-json\/wp\/v2\/comments?post=732743"}],"version-history":[{"count":0,"href":"https:\/\/www.europesays.com\/es\/wp-json\/wp\/v2\/posts\/732743\/revisions"}],"wp:featuredmedia":[{"embeddable":true,"href":"https:\/\/www.europesays.com\/es\/wp-json\/wp\/v2\/media\/732744"}],"wp:attachment":[{"href":"https:\/\/www.europesays.com\/es\/wp-json\/wp\/v2\/media?parent=732743"}],"wp:term":[{"taxonomy":"category","embeddable":true,"href":"https:\/\/www.europesays.com\/es\/wp-json\/wp\/v2\/categories?post=732743"},{"taxonomy":"post_tag","embeddable":true,"href":"https:\/\/www.europesays.com\/es\/wp-json\/wp\/v2\/tags?post=732743"}],"curies":[{"name":"wp","href":"https:\/\/api.w.org\/{rel}","templated":true}]}}