{"id":732751,"date":"2026-08-26T21:14:18","date_gmt":"2026-08-26T21:14:18","guid":{"rendered":"https:\/\/www.europesays.com\/es\/732751\/"},"modified":"2026-08-26T21:14:18","modified_gmt":"2026-08-26T21:14:18","slug":"corridas-generales-roman-pasea-una-oreja-de-una-corrida-de-la-quinta-con-muchas-opciones-de-triunfo-en-bilbao-cultura","status":"publish","type":"post","link":"https:\/\/www.europesays.com\/es\/732751\/","title":{"rendered":"Corridas Generales: Rom\u00e1n pasea una oreja de una corrida de La Quinta con muchas opciones de triunfo en Bilbao | Cultura"},"content":{"rendered":"<p class=\"\">El diestro Rom\u00e1n pase\u00f3 la \u00fanica oreja concedida este mi\u00e9rcoles en la tercera de las Corridas Generales de Bilbao, en la que se lidi\u00f3 un encierro \u2018santacolome\u00f1o\u2019 de La Quinta que ofreci\u00f3 a la terna bastantes m\u00e1s opciones de triunfo que las que finalmente aprovecharon.<\/p>\n<p class=\"\">En realidad, salvo el primero de la tarde, un muy serio c\u00e1rdeno que, a punto de cumplir los seis a\u00f1os, mostr\u00f3 un vac\u00edo total de casta, los otros cinco, m\u00e1s o menos claramente, ofrecieron a la terna, con general nobleza y su distinta entrega, una oportunidad que solo aprovech\u00f3, y no con rotundidad, el diestro valenciano.<\/p>\n<p class=\"\">Porque ese toro de la oreja, lidiado en segundo lugar y con luz artificial para compensar el oscuro nublado sobre la plaza, rompi\u00f3 a embestir en la muleta bastante mejor que lo hab\u00eda hecho en los estimables lances de saludo de Rom\u00e1n y en el tercio de banderillas en el que se luci\u00f3 su cuadrilla.<\/p>\n<p class=\"\">De hecho, ya mostr\u00f3 el toro toda la dimensi\u00f3n de sus embestidas en los dos muletazos por bajo de la apertura, ligados directamente a una tanda de derechazos en los que sigui\u00f3 con recorrido y entrega los vuelos del enga\u00f1o del animoso torero de Valencia. <\/p>\n<p class=\"\">As\u00ed comenz\u00f3 Rom\u00e1n una faena a la que, aun siendo meritoria y estimable, le falt\u00f3 un punto m\u00e1s de lentitud en el trazo de los pases, m\u00e1s all\u00e1 de las largas pausas entre las tandas. Es decir, que le falt\u00f3 reducir algo m\u00e1s la velocidad de tan buenas embestidas, poniendo m\u00e1s mando y menos acompa\u00f1amiento a unos pases que, aun as\u00ed, llegaron al tendido y que, tras un espadazo trasero de efecto fulminante, le vali\u00f3 ese \u00fanico trofeo de la tarde.<\/p>\n<p class=\"\">Pero al ferruginoso ruedo bilba\u00edno a\u00fan sali\u00f3 un toro mejor, como fue el terciado sexto, un dechado de clase y de calidad en sus entregadas embestidas, con un ritmo pausado y profundo, como ya pudo descubrir Tom\u00e1s Rufo en la forma que tuvo de galopar ante el capote y en una apertura de muleta rodilla en tierra en la que el c\u00e1rdeno se desplaz\u00f3 con toda claridad.<\/p>\n<p class=\"\">El problema surgi\u00f3 cuando, ya erguido, el toledano se empe\u00f1\u00f3 en citar demasiado encima del de La Quinta, neg\u00e1ndole el horizonte y exigi\u00e9ndole de m\u00e1s, muy tapado y demasiado abajo, lo que no ayudaba a que fluyeran esas nobles arrancadas que \u00e9l mismo se dedic\u00f3 a atrancar en el que fue un plano trasteo sin eco.<\/p>\n<p class=\"\">Tambi\u00e9n los otros dos toros de Rom\u00e1n y Rufo tuvieron posibilidades de \u00e9xito, pero el tercero, de perfectas hechuras y clara nobleza, acab\u00f3 aburri\u00e9ndose del muleteo destajista y escondido del torero de Pepino (Toledo), mientras que el quinto, un fino calcetero, tambi\u00e9n se sinti\u00f3 agobiado por un planteamiento similar del valenciano, sin que ninguno de los dos trasteos tomara altura.<\/p>\n<p class=\"\">Y si a Emilio de Justo le cay\u00f3 en desgracia ese descastado y serio cinque\u00f1o que abri\u00f3 plaza, con el que se dilat\u00f3 con la espada sin grandes recursos para resolver ante un constante gazapeo, el \u2018asaltillado\u2019 cuarto, tras unos inicios desconcertantes, s\u00ed que agradeci\u00f3 con mejor actitud que el extreme\u00f1o le citara con mayor suavidad y concreci\u00f3n.<\/p>\n<p class=\"\">Solo que eso ocurri\u00f3 \u00fanicamente en una buena tanda de naturales que ya no volvi\u00f3 a repetirse en un largo y declinante trabajo, rematado, eso s\u00ed, de una muy buena estocada.<\/p>\n<p> La Quinta\/De Justo, Rom\u00e1n, Rufo <\/p>\n<p class=\"ql-align-justify\">Toros de <strong>La Quinta<\/strong>, de desigual volumen, aunque todos en tipo de su encaste y con seriedad, salvo el m\u00e1s terciado sexto que, curiosamente, fue el de m\u00e1s clase y calidad. Salvo el primero, un muy serio cinque\u00f1o, que fue muy descastado, el resto tuvo nobleza y mayores o menores opciones de faena.<\/p>\n<p class=\"ql-align-justify\"><strong>Emilio de Justo<\/strong>: tres pinchazos y estocada tendida baja y trasera (silencio tras aviso); estocada (ovaci\u00f3n tras aviso).<\/p>\n<p class=\"ql-align-justify\"><strong>Rom\u00e1n<\/strong>: estocada trasera desprendida (oreja); estocada delantera (ovaci\u00f3n tras leve petici\u00f3n de oreja).<\/p>\n<p class=\"ql-align-justify\"><strong>Tom\u00e1s Rufo<\/strong>: bajonazo y estocada baja (silencio); estocada desprendida (ovaci\u00f3n).<\/p>\n<p class=\"ql-align-justify\">Entre las cuadrillas, Juan Bernal destac\u00f3 en dos excelentes y medidos puyazos al cuarto, y V\u00edctor del Pozo y Pascual Mellinas se desmonteraron tras banderillear al segundo.<\/p>\n<p class=\"ql-align-justify\"><strong>Plaza de toros de Bilbao<\/strong>. Tercer festejo de abono de las Corridas Generales, con algo menos de un tercio de entrada (unos 4.000 espectadores), en tarde nublada y de bochorno, con rachas de viento en la lidia de los \u00faltimos toros.<\/p>\n","protected":false},"excerpt":{"rendered":"El diestro Rom\u00e1n pase\u00f3 la \u00fanica oreja concedida este mi\u00e9rcoles en la tercera de las Corridas Generales de&hellip;\n","protected":false},"author":2,"featured_media":732752,"comment_status":"","ping_status":"","sticky":false,"template":"","format":"standard","meta":{"footnotes":""},"categories":[91],"tags":[209,962,146,147,25,24,27010,106081,23,444],"class_list":["post-732751","post","type-post","status-publish","format-standard","has-post-thumbnail","category-entretenimiento","tag-cultura","tag-emilio-de-justo","tag-entertainment","tag-entretenimiento","tag-es","tag-espana","tag-feria-bilbao","tag-roman-collado","tag-spain","tag-toros"],"share_on_mastodon":{"url":"https:\/\/pubeurope.com\/@es\/117163882996328464","error":""},"_links":{"self":[{"href":"https:\/\/www.europesays.com\/es\/wp-json\/wp\/v2\/posts\/732751","targetHints":{"allow":["GET"]}}],"collection":[{"href":"https:\/\/www.europesays.com\/es\/wp-json\/wp\/v2\/posts"}],"about":[{"href":"https:\/\/www.europesays.com\/es\/wp-json\/wp\/v2\/types\/post"}],"author":[{"embeddable":true,"href":"https:\/\/www.europesays.com\/es\/wp-json\/wp\/v2\/users\/2"}],"replies":[{"embeddable":true,"href":"https:\/\/www.europesays.com\/es\/wp-json\/wp\/v2\/comments?post=732751"}],"version-history":[{"count":0,"href":"https:\/\/www.europesays.com\/es\/wp-json\/wp\/v2\/posts\/732751\/revisions"}],"wp:featuredmedia":[{"embeddable":true,"href":"https:\/\/www.europesays.com\/es\/wp-json\/wp\/v2\/media\/732752"}],"wp:attachment":[{"href":"https:\/\/www.europesays.com\/es\/wp-json\/wp\/v2\/media?parent=732751"}],"wp:term":[{"taxonomy":"category","embeddable":true,"href":"https:\/\/www.europesays.com\/es\/wp-json\/wp\/v2\/categories?post=732751"},{"taxonomy":"post_tag","embeddable":true,"href":"https:\/\/www.europesays.com\/es\/wp-json\/wp\/v2\/tags?post=732751"}],"curies":[{"name":"wp","href":"https:\/\/api.w.org\/{rel}","templated":true}]}}