{"id":732779,"date":"2026-08-26T21:33:31","date_gmt":"2026-08-26T21:33:31","guid":{"rendered":"https:\/\/www.europesays.com\/es\/732779\/"},"modified":"2026-08-26T21:33:31","modified_gmt":"2026-08-26T21:33:31","slug":"vans-lanza-una-coleccion-dedicada-a-k-pop-demon-hunters","status":"publish","type":"post","link":"https:\/\/www.europesays.com\/es\/732779\/","title":{"rendered":"Vans lanza una colecci\u00f3n dedicada a K-Pop Demon Hunters"},"content":{"rendered":"<p class=\"wp-block-paragraph\"><strong>Vans<\/strong>, la marca de indumentaria skater, y <strong><a href=\"https:\/\/indiehoy.com\/cine\/jazwares-lanzo-una-coleccion-de-peluches-de-k-pop-demon-hunters\/\" target=\"_blank\" rel=\"noreferrer noopener nofollow\">K-Pop Demon Hunters<\/a><\/strong>, el fen\u00f3meno animado que ya lleva m\u00e1s de un a\u00f1o de vigencia, anunciaron <strong>una nueva colaboraci\u00f3n<\/strong> para este a\u00f1o: <strong>una nueva colecci\u00f3n de zapatillas dedicada a la pel\u00edcula<\/strong>.<\/p>\n<p class=\"wp-block-paragraph\">La c\u00e1psula <strong>K-Pop Demon Hunters x Vans<\/strong> retoma lo que hab\u00eda dejado la colecci\u00f3n presentada en julio y suma ahora <strong>cuatro pares nuevos con la est\u00e9tica de HUNTR\/X aplicada a siluetas cl\u00e1sicas de la marca<\/strong>.<\/p>\n<p class=\"wp-block-paragraph\">Para esta temporada, la propuesta incluye modelos dedicados a <strong>Derpy<\/strong> y a las tres protagonistas de HUNTR\/X, distribuidos en dos pares de <strong>Slip-On<\/strong>, un <strong>Old Skool 36<\/strong> y un <strong>Authentic Hi<\/strong>, exclusivamente en talles infantiles.<\/p>\n<p class=\"wp-block-paragraph\">El Derpy Slip-On se destaca como uno de los favoritos de este lanzamiento, con el pelaje de la criatura trasladado a la zapatilla mediante manchas azules en tono sobre tono. A esto se suman el Authentic Hi de Mira, el Old Skool 36 de Rumi y un Slip-On de Zoey (sin el detalle del peluche), que acompa\u00f1a al de Derpy.<\/p>\n<p class=\"wp-block-paragraph\">La colecci\u00f3n K-Pop Demon Hunters x Vans se lanzar\u00e1<strong> el 18 de septiembre de 2026<\/strong> a trav\u00e9s de <a href=\"https:\/\/www.vans.com\/en-us\" target=\"_blank\" rel=\"noreferrer noopener nofollow\">la web oficial de Vans<\/a> y tiendas f\u00edsicas seleccionadas. Estar\u00e1 disponible en varios talles infantiles, en un rango de precios de los 55 a los 75 d\u00f3lares.<\/p>\n<p><img loading=\"lazy\" decoding=\"async\" width=\"1080\" height=\"1350\" src=\"https:\/\/www.europesays.com\/es\/wp-content\/uploads\/2026\/08\/vans-kpop-demon-hunters.jpg\" alt=\"\" class=\"wp-image-861582\"  \/><\/p>\n<p><img loading=\"lazy\" decoding=\"async\" width=\"1080\" height=\"1350\" src=\"https:\/\/www.europesays.com\/es\/wp-content\/uploads\/2026\/08\/vans-kpop-demon-hunters-3.jpg\" alt=\"\" class=\"wp-image-861586\"  \/><\/p>\n<p><img loading=\"lazy\" decoding=\"async\" width=\"1080\" height=\"1350\" src=\"https:\/\/www.europesays.com\/es\/wp-content\/uploads\/2026\/08\/vans-kpop-demon-hunters-7.jpg\" alt=\"\" class=\"wp-image-861590\"  \/><\/p>\n<p><img loading=\"lazy\" decoding=\"async\" width=\"1080\" height=\"1350\" src=\"https:\/\/www.europesays.com\/es\/wp-content\/uploads\/2026\/08\/vans-kpop-demon-hunters-.jpg\" alt=\"\" class=\"wp-image-861583\"  \/><\/p>\n<p><img loading=\"lazy\" decoding=\"async\" width=\"1080\" height=\"1350\" src=\"https:\/\/www.europesays.com\/es\/wp-content\/uploads\/2026\/08\/vans-kpop-demon-hunters-4.jpg\" alt=\"\" class=\"wp-image-861587\"  \/><\/p>\n<p><img loading=\"lazy\" decoding=\"async\" width=\"1080\" height=\"1350\" src=\"https:\/\/www.europesays.com\/es\/wp-content\/uploads\/2026\/08\/vans-kpop-demon-hunters-8.jpg\" alt=\"\" class=\"wp-image-861591\"  \/><\/p>\n<p><img loading=\"lazy\" decoding=\"async\" width=\"1080\" height=\"1350\" src=\"https:\/\/www.europesays.com\/es\/wp-content\/uploads\/2026\/08\/vans-kpop-demon-hunters-1.jpg\" alt=\"\" class=\"wp-image-861584\"  \/><\/p>\n<p><img loading=\"lazy\" decoding=\"async\" width=\"1080\" height=\"1350\" src=\"https:\/\/www.europesays.com\/es\/wp-content\/uploads\/2026\/08\/vans-kpop-demon-hunters-5.jpg\" alt=\"\" class=\"wp-image-861588\"  \/><\/p>\n<p><img loading=\"lazy\" decoding=\"async\" width=\"1080\" height=\"1350\" src=\"https:\/\/www.europesays.com\/es\/wp-content\/uploads\/2026\/08\/vans-kpop-demon-hunters-9.jpg\" alt=\"\" class=\"wp-image-861592\"  \/><\/p>\n<p><img loading=\"lazy\" decoding=\"async\" width=\"1080\" height=\"1350\" src=\"https:\/\/www.europesays.com\/es\/wp-content\/uploads\/2026\/08\/vans-kpop-demon-hunters-2.jpg\" alt=\"\" class=\"wp-image-861585\"  \/><\/p>\n<p><img loading=\"lazy\" decoding=\"async\" width=\"1080\" height=\"1350\" src=\"https:\/\/www.europesays.com\/es\/wp-content\/uploads\/2026\/08\/vans-kpop-demon-hunters-6.jpg\" alt=\"\" class=\"wp-image-861589\"  \/><\/p>\n<p><img loading=\"lazy\" decoding=\"async\" width=\"1080\" height=\"1350\" src=\"https:\/\/www.europesays.com\/es\/wp-content\/uploads\/2026\/08\/vans-kpop-demon-hunters-10.jpg\" alt=\"\" class=\"wp-image-861593\"  \/><\/p>\n","protected":false},"excerpt":{"rendered":"Vans, la marca de indumentaria skater, y K-Pop Demon Hunters, el fen\u00f3meno animado que ya lleva m\u00e1s de&hellip;\n","protected":false},"author":2,"featured_media":732780,"comment_status":"","ping_status":"","sticky":false,"template":"","format":"standard","meta":{"footnotes":""},"categories":[170],"tags":[146,147,25,24,184,185,23,47606],"class_list":["post-732779","post","type-post","status-publish","format-standard","has-post-thumbnail","category-musica","tag-entertainment","tag-entretenimiento","tag-es","tag-espana","tag-music","tag-musica","tag-spain","tag-vans"],"share_on_mastodon":{"url":"https:\/\/pubeurope.com\/@es\/117163958828634695","error":""},"_links":{"self":[{"href":"https:\/\/www.europesays.com\/es\/wp-json\/wp\/v2\/posts\/732779","targetHints":{"allow":["GET"]}}],"collection":[{"href":"https:\/\/www.europesays.com\/es\/wp-json\/wp\/v2\/posts"}],"about":[{"href":"https:\/\/www.europesays.com\/es\/wp-json\/wp\/v2\/types\/post"}],"author":[{"embeddable":true,"href":"https:\/\/www.europesays.com\/es\/wp-json\/wp\/v2\/users\/2"}],"replies":[{"embeddable":true,"href":"https:\/\/www.europesays.com\/es\/wp-json\/wp\/v2\/comments?post=732779"}],"version-history":[{"count":0,"href":"https:\/\/www.europesays.com\/es\/wp-json\/wp\/v2\/posts\/732779\/revisions"}],"wp:featuredmedia":[{"embeddable":true,"href":"https:\/\/www.europesays.com\/es\/wp-json\/wp\/v2\/media\/732780"}],"wp:attachment":[{"href":"https:\/\/www.europesays.com\/es\/wp-json\/wp\/v2\/media?parent=732779"}],"wp:term":[{"taxonomy":"category","embeddable":true,"href":"https:\/\/www.europesays.com\/es\/wp-json\/wp\/v2\/categories?post=732779"},{"taxonomy":"post_tag","embeddable":true,"href":"https:\/\/www.europesays.com\/es\/wp-json\/wp\/v2\/tags?post=732779"}],"curies":[{"name":"wp","href":"https:\/\/api.w.org\/{rel}","templated":true}]}}