{"id":732825,"date":"2026-08-26T22:04:12","date_gmt":"2026-08-26T22:04:12","guid":{"rendered":"https:\/\/www.europesays.com\/es\/732825\/"},"modified":"2026-08-26T22:04:12","modified_gmt":"2026-08-26T22:04:12","slug":"eeuu-pausa-temporalmente-las-citas-para-solicitar-visados-de-inmigrante-en-todo-el-mundo","status":"publish","type":"post","link":"https:\/\/www.europesays.com\/es\/732825\/","title":{"rendered":"EEUU pausa temporalmente las citas para solicitar visados de inmigrante en todo el mundo"},"content":{"rendered":"<p class=\"L6-news-detail__text\"><b>Estados Unidos ha pausado temporalmente las citas para solicitar visados<\/b> de inmigrante en todo el mundo por <b>la necesidad de formar a su personal consular sobre nuevos procedimientos<\/b>, seg\u00fan ha justificado este mi\u00e9rcoles un portavoz del Departamento de Estado.<\/p>\n<p class=\"L6-news-detail__text\">\u00abMientras trabajamos en acomodar esta formaci\u00f3n a fondo, las citas de servicios de visado ser\u00e1n ajustadas\u00bb, ha indicado a la Agencia Efe un portavoz de Estado que no ha aclarado cu\u00e1ndo se reanudar\u00e1n esos servicios.<\/p>\n<p class=\"L6-news-detail__text\">\u00abCuando hay cambios en las citas para entrevistas de visados, las embajadas y consulados comunican cualquier cambio directamente a los solicitantes\u00bb, ha a\u00f1adido el portavoz, algo que coincide con los mensajes que han comenzado a recibir solicitantes de visado en todo el mundo con suspensiones de citas ya programadas.<\/p>\n<p class=\"L6-news-detail__text\">La formaci\u00f3n est\u00e1 relacionada con nuevos procedimientos para asegurarse que los receptores de esos visados no suponen un cargo a las arcas p\u00fablicas y \u00abno se convierten en dependientes de los beneficios p\u00fablicos de Estados Unidos que necesitan los estadounidenses que califican para ello\u00bb.<\/p>\n<p class=\"L6-news-detail__text\">Seg\u00fan el Departamento de Estado, este nuevo curso para funcionarios y empleados consulares comenz\u00f3 a principios de agosto a nivel \u00abmundial\u00bb, por lo que esas cancelaciones temporales se aplican por igual en toda la red de consulados de Estados Unidos.<\/p>\n<p class=\"L6-news-detail__text\">Seg\u00fan otra fuente citada por el Washington Post, <b>las citas para obtener visados de inmigrante han sido canceladas desde el lunes hasta el final de este mes de agosto.<\/b><\/p>\n<p class=\"L6-news-detail__text\">El material formativo fue puesto a disposici\u00f3n de los consulados despu\u00e9s de que un juez federal declarara ilegal el veto a los visados a ciudadanos de 75 pa\u00edses, por el supuesto riesgo que ve la Administraci\u00f3n del presidente Donald Trump en que personas de estas naciones sean admitidas dentro de Estados Unidos y recurran a subsidios p\u00fablicos.<\/p>\n<p class=\"L6-news-detail__text\"><a title=\"*A\u00f1ade laSexta como tu medio de referencia en Google y no te pierdas toda la actualidad y el mejor contenido\" href=\"https:\/\/www.google.com\/preferences\/source?q=lasexta.com\" target=\"_blank\" rel=\"nofollow noopener\"><b>*A\u00f1ade laSexta como tu medio de referencia en Google y no te pierdas toda la actualidad y el mejor contenido<\/b><\/a><\/p>\n<p class=\"L6-support-news-video__title\">\u00abA problemas soluciones\u00bb<\/p>\n<p> <a href=\"https:\/\/www.lasexta.com\/noticias\/sociedad\/villarejo-salvanes-madrid-tendra-fiestas-vecinos-pagan-propio-bolsillo-negativa-alcalde_202608266a8f34bfae2f3735da15b9ff.html\" class=\"L6-news__link\" rel=\"nofollow noopener\" target=\"_blank\">Villarejo de Salvan\u00e9s (Madrid) s\u00ed tendr\u00e1 fiestas: los vecinos las pagan de su propio bolsillo tras la negativa del alcalde<\/p>\n<p class=\"recirculation-video-desc\">Los detalles Las fiestas han comenzado esta tarde gracias a la colaboraci\u00f3n vecinal que no solo ha costeado los gastos de las mismas, sino que tambi\u00e9n se han encargado de la organizaci\u00f3n.<\/p>\n<p> <\/a><\/p>\n","protected":false},"excerpt":{"rendered":"Estados Unidos ha pausado temporalmente las citas para solicitar visados de inmigrante en todo el mundo por la&hellip;\n","protected":false},"author":2,"featured_media":732826,"comment_status":"","ping_status":"","sticky":false,"template":"","format":"standard","meta":{"footnotes":""},"categories":[42],"tags":[17,18,2125,629,13,14,11,61,62,63,64,19,20,890,9,10,15,110362,16,12,21,22,65,66,67],"class_list":["post-732825","post","type-post","status-publish","format-standard","has-post-thumbnail","category-internacional","tag-breaking-news","tag-breakingnews","tag-directo","tag-estados-unidos","tag-featured-news","tag-featurednews","tag-headlines","tag-internacional","tag-international","tag-international-news","tag-internationalnews","tag-latest-news","tag-latestnews","tag-migrantes","tag-news","tag-noticias","tag-noticias-destacadas","tag-noticias-ultima-hora","tag-noticiasdestacadas","tag-titulares","tag-ultimas-noticias","tag-ultimasnoticias","tag-world","tag-world-news","tag-worldnews"],"share_on_mastodon":{"url":"https:\/\/pubeurope.com\/@es\/117164079110575864","error":""},"_links":{"self":[{"href":"https:\/\/www.europesays.com\/es\/wp-json\/wp\/v2\/posts\/732825","targetHints":{"allow":["GET"]}}],"collection":[{"href":"https:\/\/www.europesays.com\/es\/wp-json\/wp\/v2\/posts"}],"about":[{"href":"https:\/\/www.europesays.com\/es\/wp-json\/wp\/v2\/types\/post"}],"author":[{"embeddable":true,"href":"https:\/\/www.europesays.com\/es\/wp-json\/wp\/v2\/users\/2"}],"replies":[{"embeddable":true,"href":"https:\/\/www.europesays.com\/es\/wp-json\/wp\/v2\/comments?post=732825"}],"version-history":[{"count":0,"href":"https:\/\/www.europesays.com\/es\/wp-json\/wp\/v2\/posts\/732825\/revisions"}],"wp:featuredmedia":[{"embeddable":true,"href":"https:\/\/www.europesays.com\/es\/wp-json\/wp\/v2\/media\/732826"}],"wp:attachment":[{"href":"https:\/\/www.europesays.com\/es\/wp-json\/wp\/v2\/media?parent=732825"}],"wp:term":[{"taxonomy":"category","embeddable":true,"href":"https:\/\/www.europesays.com\/es\/wp-json\/wp\/v2\/categories?post=732825"},{"taxonomy":"post_tag","embeddable":true,"href":"https:\/\/www.europesays.com\/es\/wp-json\/wp\/v2\/tags?post=732825"}],"curies":[{"name":"wp","href":"https:\/\/api.w.org\/{rel}","templated":true}]}}