{"id":732989,"date":"2026-08-27T00:32:22","date_gmt":"2026-08-27T00:32:22","guid":{"rendered":"https:\/\/www.europesays.com\/es\/732989\/"},"modified":"2026-08-27T00:32:22","modified_gmt":"2026-08-27T00:32:22","slug":"pretemporada-primera-feb-2026-27-partidos-horarios-resultados-mvps","status":"publish","type":"post","link":"https:\/\/www.europesays.com\/es\/732989\/","title":{"rendered":"Pretemporada Primera FEB 2026\/27: Partidos, horarios, resultados, MVPs\u2026"},"content":{"rendered":"<p>Madrugar\u00e1 m\u00e1s que nunca la Primera FEB para dar comienzo a una pretemporada en la que los 18 equipos de la competici\u00f3n buscar\u00e1n alcanzar su debut liguero en la mejor forma posible. Para ello, los cuerpos t\u00e9cnicos deber\u00e1n aprovechar al m\u00e1ximo una agenda de partidos de preparaci\u00f3n compuesta por cerca de 60 encuentros y en la que los duelos amistosos se alternar\u00e1n con la disputa de los principales trofeos locales y auton\u00f3micos con la presencia de equipos tanto de la Liga Endesa como de diferentes pa\u00edses internacionales.<\/p>\n<p>\u00c1REA DE COMUNICACI\u00d3N FEB<\/p>\n<p>Entre cinco y siete semanas de preparaci\u00f3n para poder llegar al inicio liguero en la mejor forma posible. Ese ser\u00e1 el camino que recorran los 18 equipos de Primera FEB desde la \u00faltima semana de agosto en la que se pondr\u00e1 en marcha la gran maquinaria de los partidos amistosos con cerca de 60 encuentros en los que afinar el punto de mira de cara al debut oficial. Un primer contacto que nos traer\u00e1 baloncesto a diario a trav\u00e9s de una serie de partidos en los habr\u00e1 tiempo para luchar por prestigiosos torneos locales incluso para poder optar a la conquista de los principales t\u00edtulos auton\u00f3micos.<\/p>\n<p>Un periodo de tiempo en el que rivales de Segunda FEB y de Liga Endesa ayudar\u00e1n a madurar el juego de cada equipo a lo largo de una pretemporada en la que entrar\u00e1n en juego diferentes equipos internacionales y en la que varios conjuntos cruzar\u00e1n los l\u00edmites nacionales para probarse m\u00e1s all\u00e1 de nuestras fronteras.<\/p>\n<p>Descubrimos por tanto a continuaci\u00f3n el calendario de un intenso mes de preparaci\u00f3n en el que se recogen los horarios, pabellones, resultados, estad\u00edsticas y primeros MVPs, actualizados al minuto en FEB.es (Estad\u00edsticas pinchando sobre el resultado).<\/p>\n<p>ENLACE:\u00a0<a href=\"https:\/\/www.feb.es\/2026\/8\/7\/baloncesto\/tablas-mercado-oficial-fichajes-202627\/105898.aspx\" target=\"_self\" rel=\"nofollow noopener\">Mercado de fichajes 2026\/27<\/a><\/p>\n<p>ENLACE:\u00a0<a href=\"https:\/\/www.feb.es\/2026\/8\/16\/baloncesto\/nivel-exigencia-maximo-camino-una-apasionante-primera-feb\/106001.aspx\" target=\"_self\" rel=\"nofollow noopener\">Agenda de pretemporada de los 18 equipos<\/a><\/p>\n<p>&#13;<br \/>\n&#13;<\/p>\n<tr height=\"undefined\" style=\"height: 31pt; mso-height-source: userset;\">&#13;<\/p>\n<td width=\"620\" height=\"41\" colspan=\"4\" style=\"border-width: 1.5pt; border-style: solid; border-color: windowtext black windowtext windowtext; width: 466pt; height: 31pt; background-color: #0070c0;\"><strong>PRETEMPORADA PRIMERA FEB 2026\/27<\/strong><\/td>\n<\/tr>\n<p>&#13;<\/p>\n<tr height=\"undefined\" style=\"height: 15pt;\">&#13;<\/p>\n<td height=\"20\" style=\"border: 0px black; border-image: none; height: 15pt; background-color: transparent;\"\/>&#13;<\/p>\n<td style=\"border: 0px black; border-image: none; background-color: transparent;\"\/>&#13;<\/p>\n<td style=\"border: 0px black; border-image: none; background-color: transparent;\"\/>&#13;<\/p>\n<td style=\"border: 0px black; border-image: none; background-color: transparent;\"\/><\/tr>\n<p>&#13;<\/p>\n<tr height=\"undefined\" style=\"height: 15pt;\">&#13;<\/p>\n<td height=\"20\" style=\"border: 0px black; border-image: none; height: 15pt; background-color: transparent;\"\/>&#13;<\/p>\n<td style=\"border: 0px black; border-image: none; background-color: transparent;\"\/>&#13;<\/p>\n<td style=\"border: 0px black; border-image: none; background-color: transparent;\"\/>&#13;<\/p>\n<td style=\"border: 0px black; border-image: none; background-color: transparent;\"\/><\/tr>\n<p>&#13;<\/p>\n<tr height=\"undefined\" style=\"height: 19pt;\">&#13;<\/p>\n<td height=\"25\" colspan=\"4\" style=\"border-width: 1pt; border-style: solid; border-color: windowtext black windowtext windowtext; height: 19pt; background-color: #e26b0a;\"><strong>Mi\u00e9rcoles 26 de agosto de 2026<\/strong><\/td>\n<\/tr>\n<p>&#13;<\/p>\n<tr height=\"undefined\" style=\"height: 14.5pt;\">&#13;<\/p>\n<td height=\"19\" style=\"border: 0px black; border-image: none; height: 14.5pt; background-color: transparent;\"\/>&#13;<\/p>\n<td style=\"border: 0px black; border-image: none; background-color: transparent;\"\/>&#13;<\/p>\n<td style=\"border: 0px black; border-image: none; background-color: transparent;\"\/>&#13;<\/p>\n<td style=\"border: 0px black; border-image: none; background-color: transparent;\"\/><\/tr>\n<p>&#13;<\/p>\n<tr height=\"undefined\" style=\"height: 15.5pt;\">&#13;<\/p>\n<td width=\"620\" height=\"21\" colspan=\"4\" style=\"border-width: 0.5pt; border-style: solid; border-color: windowtext black windowtext windowtext; width: 466pt; height: 15.5pt; background-color: #ffc000;\"><strong>Copa Andaluc\u00eda J.1: Cajasol Coto C\u00f3rdoba vs Covir\u00e1n Granada<\/strong><\/td>\n<\/tr>\n<p>&#13;<\/p>\n<tr height=\"undefined\" style=\"height: 15.5pt;\">&#13;<\/p>\n<td width=\"115\" height=\"21\" style=\"border-width: 0px 0.5pt 0.5pt; border-style: none solid solid; border-color: black windowtext windowtext; width: 87pt; height: 15.5pt; background-color: #f2fa86;\"><strong>Hora<\/strong><\/td>\n<p>&#13;<\/p>\n<td width=\"115\" style=\"border-width: 0px 0.5pt 0.5pt 0px; border-style: none solid solid none; border-color: #333333 windowtext windowtext #333333; width: 87pt; background-color: #f2fa86;\"><strong>Resultado<\/strong><\/td>\n<p>&#13;<\/p>\n<td width=\"195\" style=\"border-width: 0px 0.5pt 0.5pt 0px; border-style: none solid solid none; border-color: #333333 windowtext windowtext #333333; width: 146pt; background-color: #f2fa86;\"><strong>MVP<\/strong><\/td>\n<p>&#13;<\/p>\n<td width=\"195\" style=\"border-width: 0px 0.5pt 0.5pt 0px; border-style: none solid solid none; border-color: #333333 windowtext windowtext #333333; width: 146pt; background-color: #f2fa86;\"><strong>Pabell\u00f3n<\/strong><\/td>\n<\/tr>\n<p>&#13;<\/p>\n<tr height=\"undefined\" style=\"height: 15.5pt;\">&#13;<\/p>\n<td width=\"115\" height=\"21\" style=\"border-width: 0px 0.5pt 0.5pt; border-style: none solid solid; border-color: black windowtext windowtext; width: 87pt; height: 15.5pt; background-color: #f2fa86;\">20:00 h.<\/td>\n<p>&#13;<\/p>\n<td width=\"115\" style=\"border-width: 0px 0.5pt 0.5pt 0px; border-style: none solid solid none; border-color: blue windowtext windowtext blue; width: 87pt; background-color: #f2fa86;\"><a href=\"https:\/\/www.feb.es\/Documentos\/Archivo\/upload\/CORvsCOV26082026.jpg\" target=\"_self\" rel=\"nofollow noopener\">66 &#8211; 86<\/a><\/td>\n<p>&#13;<\/p>\n<td width=\"195\" style=\"border-width: 0px 0.5pt 0.5pt 0px; border-style: none solid solid none; border-color: black windowtext windowtext black; width: 146pt; background-color: #f2fa86;\">Lluis Costa (Covir\u00e1n)<\/td>\n<p>&#13;<\/p>\n<td width=\"195\" style=\"border-width: 0px 0.5pt 0.5pt 0px; border-style: none solid solid none; border-color: #333333 windowtext windowtext #333333; width: 146pt; background-color: #f2fa86;\">Vista Alegre (C\u00f3rdoba)<\/td>\n<\/tr>\n<p>&#13;<\/p>\n<tr height=\"undefined\" style=\"height: 14.5pt;\">&#13;<\/p>\n<td height=\"19\" style=\"border: 0px black; border-image: none; height: 14.5pt; background-color: transparent;\"\/>&#13;<\/p>\n<td style=\"border: 0px black; border-image: none; background-color: transparent;\">&#13;\n<\/td>\n<p>&#13;<\/p>\n<td style=\"border: 0px black; border-image: none; background-color: transparent;\"\/>&#13;<\/p>\n<td style=\"border: 0px black; border-image: none; background-color: transparent;\"\/><\/tr>\n<p>&#13;<\/p>\n<tr height=\"undefined\" style=\"height: 14.5pt;\">&#13;<\/p>\n<td height=\"19\" style=\"border: 0px black; border-image: none; height: 14.5pt; background-color: transparent;\"\/>&#13;<\/p>\n<td style=\"border: 0px black; border-image: none; background-color: transparent;\">&#13;\n<\/td>\n<p>&#13;<\/p>\n<td style=\"border: 0px black; border-image: none; background-color: transparent;\">&#13;\n<\/td>\n<p>&#13;<\/p>\n<td style=\"border: 0px black; border-image: none; background-color: transparent;\"\/><\/tr>\n<p>&#13;<\/p>\n<tr height=\"undefined\" style=\"height: 14.5pt;\">&#13;<\/p>\n<td height=\"19\" style=\"border: 0px black; border-image: none; height: 14.5pt; background-color: transparent;\">&#13;\n<\/td>\n<p>&#13;<\/p>\n<td style=\"border: 0px black; border-image: none; background-color: transparent;\"\/>&#13;<\/p>\n<td style=\"border: 0px black; border-image: none; background-color: transparent;\"\/>&#13;<\/p>\n<td style=\"border: 0px black; border-image: none; background-color: transparent;\">&#13;\n<\/td>\n<\/tr>\n<p>&#13;<\/p>\n<tr height=\"undefined\" style=\"height: 19pt;\">&#13;<\/p>\n<td height=\"25\" colspan=\"4\" style=\"border-width: 1pt; border-style: solid; border-color: windowtext black windowtext windowtext; height: 19pt; background-color: #e26b0a;\"><strong>S\u00e1bado 29 de agosto de 2026<\/strong><\/td>\n<\/tr>\n<p>&#13;<\/p>\n<tr height=\"undefined\" style=\"height: 14.5pt;\">&#13;<\/p>\n<td height=\"19\" style=\"border: 0px black; border-image: none; height: 14.5pt; background-color: transparent;\"\/>&#13;<\/p>\n<td style=\"border: 0px black; border-image: none; background-color: transparent;\"\/>&#13;<\/p>\n<td style=\"border: 0px black; border-image: none; background-color: transparent;\"\/>&#13;<\/p>\n<td style=\"border: 0px black; border-image: none; background-color: transparent;\"\/><\/tr>\n<p>&#13;<\/p>\n<tr height=\"undefined\" style=\"height: 15.5pt;\">&#13;<\/p>\n<td width=\"620\" height=\"21\" colspan=\"4\" style=\"border-width: 0.5pt; border-style: solid; border-color: windowtext black windowtext windowtext; width: 466pt; height: 15.5pt; background-color: #ffc000;\"><strong>Amistoso: Club Ourense Baloncesto vs Alimerka Oviedo<\/strong><\/td>\n<\/tr>\n<p>&#13;<\/p>\n<tr height=\"undefined\" style=\"height: 15.5pt;\">&#13;<\/p>\n<td width=\"115\" height=\"21\" style=\"border-width: 0px 0.5pt 0.5pt; border-style: none solid solid; border-color: black windowtext windowtext; width: 87pt; height: 15.5pt; background-color: #f2fa86;\"><strong>Hora<\/strong><\/td>\n<p>&#13;<\/p>\n<td width=\"115\" style=\"border-width: 0px 0.5pt 0.5pt 0px; border-style: none solid solid none; border-color: #333333 windowtext windowtext #333333; width: 87pt; background-color: #f2fa86;\"><strong>Resultado<\/strong><\/td>\n<p>&#13;<\/p>\n<td width=\"195\" style=\"border-width: 0px 0.5pt 0.5pt 0px; border-style: none solid solid none; border-color: #333333 windowtext windowtext #333333; width: 146pt; background-color: #f2fa86;\"><strong>MVP<\/strong><\/td>\n<p>&#13;<\/p>\n<td width=\"195\" style=\"border-width: 0px 0.5pt 0.5pt 0px; border-style: none solid solid none; border-color: #333333 windowtext windowtext #333333; width: 146pt; background-color: #f2fa86;\"><strong>Pabell\u00f3n<\/strong><\/td>\n<\/tr>\n<p>&#13;<\/p>\n<tr height=\"undefined\" style=\"height: 15.5pt;\">&#13;<\/p>\n<td width=\"115\" height=\"21\" style=\"border-width: 0px 0.5pt 0.5pt; border-style: none solid solid; border-color: black windowtext windowtext; width: 87pt; height: 15.5pt; background-color: #f2fa86;\">12:30 h.<\/td>\n<p>&#13;<\/p>\n<td width=\"115\" style=\"border-width: 0px 0.5pt 0.5pt 0px; border-style: none solid solid none; border-color: blue windowtext windowtext blue; width: 87pt; background-color: #f2fa86;\">&#8212;&#8211;<\/td>\n<p>&#13;<\/p>\n<td width=\"195\" style=\"border-width: 0px 0.5pt 0.5pt 0px; border-style: none solid solid none; border-color: black windowtext windowtext black; width: 146pt; background-color: #f2fa86;\">&#8212;&#8212;&#8212;-<\/td>\n<p>&#13;<\/p>\n<td width=\"195\" style=\"border-width: 0px 0.5pt 0.5pt 0px; border-style: none solid solid none; border-color: #333333 windowtext windowtext #333333; width: 146pt; background-color: #f2fa86;\">La Rosaleda (Benavente)<\/td>\n<\/tr>\n<p>&#13;<\/p>\n<tr height=\"undefined\" style=\"height: 14.5pt;\">&#13;<\/p>\n<td height=\"19\" style=\"border: 0px black; border-image: none; height: 14.5pt; background-color: transparent;\">&#13;\n<\/td>\n<p>&#13;<\/p>\n<td style=\"border: 0px black; border-image: none; background-color: transparent;\"\/>&#13;<\/p>\n<td style=\"border: 0px black; border-image: none; background-color: transparent;\"\/>&#13;<\/p>\n<td style=\"border: 0px black; border-image: none; background-color: transparent;\"\/><\/tr>\n<p>&#13;<\/p>\n<tr height=\"undefined\" style=\"height: 15.5pt;\">&#13;<\/p>\n<td width=\"620\" height=\"21\" colspan=\"4\" style=\"border-width: 0.5pt; border-style: solid; border-color: windowtext black windowtext windowtext; width: 466pt; height: 15.5pt; background-color: #ffc000;\"><b>Amistoso: Recoletas San Pablo Burgos vs Movistar Estudiantes (Puerta cerrada)<\/b><\/td>\n<\/tr>\n<p>&#13;<\/p>\n<tr height=\"undefined\" style=\"height: 15.5pt;\">&#13;<\/p>\n<td width=\"115\" height=\"21\" style=\"border-width: 0px 0.5pt 0.5pt; border-style: none solid solid; border-color: black windowtext windowtext; width: 87pt; height: 15.5pt; background-color: #f2fa86;\"><strong>Hora<\/strong><\/td>\n<p>&#13;<\/p>\n<td width=\"115\" style=\"border-width: 0px 0.5pt 0.5pt 0px; border-style: none solid solid none; border-color: #333333 windowtext windowtext #333333; width: 87pt; background-color: #f2fa86;\"><strong>Resultado<\/strong><\/td>\n<p>&#13;<\/p>\n<td width=\"195\" style=\"border-width: 0px 0.5pt 0.5pt 0px; border-style: none solid solid none; border-color: #333333 windowtext windowtext #333333; width: 146pt; background-color: #f2fa86;\"><strong>MVP<\/strong><\/td>\n<p>&#13;<\/p>\n<td width=\"195\" style=\"border-width: 0px 0.5pt 0.5pt 0px; border-style: none solid solid none; border-color: #333333 windowtext windowtext #333333; width: 146pt; background-color: #f2fa86;\"><strong>Pabell\u00f3n<\/strong><\/td>\n<\/tr>\n<p>&#13;<\/p>\n<tr height=\"undefined\" style=\"height: 15.5pt;\">&#13;<\/p>\n<td width=\"115\" height=\"21\" style=\"border-width: 0px 0.5pt 0.5pt; border-style: none solid solid; border-color: black windowtext windowtext; width: 87pt; height: 15.5pt; background-color: #f2fa86;\">13:00 h.<\/td>\n<p>&#13;<\/p>\n<td width=\"115\" style=\"border-width: 0px 0.5pt 0.5pt 0px; border-style: none solid solid none; border-color: blue windowtext windowtext blue; width: 87pt; background-color: #f2fa86;\">&#8212;&#8211;<\/td>\n<p>&#13;<\/p>\n<td width=\"195\" style=\"border-width: 0px 0.5pt 0.5pt 0px; border-style: none solid solid none; border-color: black windowtext windowtext black; width: 146pt; background-color: #f2fa86;\">&#8212;&#8212;&#8212;-<\/td>\n<p>&#13;<\/p>\n<td width=\"195\" style=\"border-width: 0px 0.5pt 0.5pt 0px; border-style: none solid solid none; border-color: #333333 windowtext windowtext #333333; width: 146pt; background-color: #f2fa86;\">El Plant\u00edo (Burgos)<\/td>\n<\/tr>\n<p>&#13;<\/p>\n<tr height=\"undefined\" style=\"height: 14.5pt;\">&#13;<\/p>\n<td height=\"19\" style=\"border: 0px black; border-image: none; height: 14.5pt; background-color: transparent;\"\/>&#13;<\/p>\n<td style=\"border: 0px black; border-image: none; background-color: transparent;\">&#13;\n<\/td>\n<p>&#13;<\/p>\n<td style=\"border: 0px black; border-image: none; background-color: transparent;\"\/>&#13;<\/p>\n<td style=\"border: 0px black; border-image: none; background-color: transparent;\"\/><\/tr>\n<p>&#13;<\/p>\n<tr height=\"undefined\" style=\"height: 15.5pt;\">&#13;<\/p>\n<td width=\"620\" height=\"21\" colspan=\"4\" style=\"border-width: 0.5pt; border-style: solid; border-color: windowtext black windowtext windowtext; width: 466pt; height: 15.5pt; background-color: #ffc000;\"><strong>Amistoso: Grupo Ureta Tizona vs Cultural y Deportiva Leonesa (Puerta Cerrada)<\/strong><\/td>\n<\/tr>\n<p>&#13;<\/p>\n<tr height=\"undefined\" style=\"height: 15.5pt;\">&#13;<\/p>\n<td width=\"115\" height=\"21\" style=\"border-width: 0px 0.5pt 0.5pt; border-style: none solid solid; border-color: black windowtext windowtext; width: 87pt; height: 15.5pt; background-color: #f2fa86;\"><strong>Hora<\/strong><\/td>\n<p>&#13;<\/p>\n<td width=\"115\" style=\"border-width: 0px 0.5pt 0.5pt 0px; border-style: none solid solid none; border-color: #333333 windowtext windowtext #333333; width: 87pt; background-color: #f2fa86;\"><strong>Resultado<\/strong><\/td>\n<p>&#13;<\/p>\n<td width=\"195\" style=\"border-width: 0px 0.5pt 0.5pt 0px; border-style: none solid solid none; border-color: #333333 windowtext windowtext #333333; width: 146pt; background-color: #f2fa86;\"><strong>MVP<\/strong><\/td>\n<p>&#13;<\/p>\n<td width=\"195\" style=\"border-width: 0px 0.5pt 0.5pt 0px; border-style: none solid solid none; border-color: #333333 windowtext windowtext #333333; width: 146pt; background-color: #f2fa86;\"><strong>Pabell\u00f3n<\/strong><\/td>\n<\/tr>\n<p>&#13;<\/p>\n<tr height=\"undefined\" style=\"height: 15.5pt;\">&#13;<\/p>\n<td width=\"115\" height=\"21\" style=\"border-width: 0px 0.5pt 0.5pt; border-style: none solid solid; border-color: black windowtext windowtext; width: 87pt; height: 15.5pt; background-color: #f2fa86;\">17:00 h.<\/td>\n<p>&#13;<\/p>\n<td width=\"115\" style=\"border-width: 0px 0.5pt 0.5pt 0px; border-style: none solid solid none; border-color: blue windowtext windowtext blue; width: 87pt; background-color: #f2fa86;\">&#8212;&#8211;<\/td>\n<p>&#13;<\/p>\n<td width=\"195\" style=\"border-width: 0px 0.5pt 0.5pt 0px; border-style: none solid solid none; border-color: black windowtext windowtext black; width: 146pt; background-color: #f2fa86;\">&#8212;&#8212;&#8212;-<\/td>\n<p>&#13;<\/p>\n<td width=\"195\" style=\"border-width: 0px 0.5pt 0.5pt 0px; border-style: none solid solid none; border-color: #333333 windowtext windowtext #333333; width: 146pt; background-color: #f2fa86;\">El Plant\u00edo (Burgos)<\/td>\n<\/tr>\n<p>&#13;<\/p>\n<tr height=\"undefined\" style=\"height: 14.5pt;\">&#13;<\/p>\n<td height=\"19\" style=\"border: 0px black; border-image: none; height: 14.5pt; background-color: transparent;\"\/>&#13;<\/p>\n<td style=\"border: 0px black; border-image: none; background-color: transparent;\"\/>&#13;<\/p>\n<td style=\"border: 0px black; border-image: none; background-color: transparent;\"\/>&#13;<\/p>\n<td style=\"border: 0px black; border-image: none; background-color: transparent;\"\/><\/tr>\n<p>&#13;<br \/>\n&#13;<\/p>\n<tr height=\"undefined\" style=\"height: 15.5pt;\">&#13;<\/p>\n<td width=\"620\" height=\"21\" colspan=\"4\" style=\"border-width: 0.5pt; border-style: solid; border-color: windowtext black windowtext windowtext; width: 466pt; height: 15.5pt; background-color: #ffc000;\"><strong>Partido San Antol\u00edn: Palencia Baloncesto vs Leyma Coru\u00f1a<\/strong><\/td>\n<\/tr>\n<p>&#13;<\/p>\n<tr height=\"undefined\" style=\"height: 15.5pt;\">&#13;<\/p>\n<td width=\"115\" height=\"21\" style=\"border-width: 0px 0.5pt 0.5pt; border-style: none solid solid; border-color: black windowtext windowtext; width: 87pt; height: 15.5pt; background-color: #f2fa86;\"><strong>Hora<\/strong><\/td>\n<p>&#13;<\/p>\n<td width=\"115\" style=\"border-width: 0px 0.5pt 0.5pt 0px; border-style: none solid solid none; border-color: #333333 windowtext windowtext #333333; width: 87pt; background-color: #f2fa86;\"><strong>Resultado<\/strong><\/td>\n<p>&#13;<\/p>\n<td width=\"195\" style=\"border-width: 0px 0.5pt 0.5pt 0px; border-style: none solid solid none; border-color: #333333 windowtext windowtext #333333; width: 146pt; background-color: #f2fa86;\"><strong>MVP<\/strong><\/td>\n<p>&#13;<\/p>\n<td width=\"195\" style=\"border-width: 0px 0.5pt 0.5pt 0px; border-style: none solid solid none; border-color: #333333 windowtext windowtext #333333; width: 146pt; background-color: #f2fa86;\"><strong>Pabell\u00f3n<\/strong><\/td>\n<\/tr>\n<p>&#13;<\/p>\n<tr height=\"undefined\" style=\"height: 15.5pt;\">&#13;<\/p>\n<td width=\"115\" height=\"21\" style=\"border-width: 0px 0.5pt 0.5pt; border-style: none solid solid; border-color: black windowtext windowtext; width: 87pt; height: 15.5pt; background-color: #f2fa86;\">20:30 h.<\/td>\n<p>&#13;<\/p>\n<td width=\"115\" style=\"border-width: 0px 0.5pt 0.5pt 0px; border-style: none solid solid none; border-color: blue windowtext windowtext blue; width: 87pt; background-color: #f2fa86;\">&#8212;&#8211;<\/td>\n<p>&#13;<\/p>\n<td width=\"195\" style=\"border-width: 0px 0.5pt 0.5pt 0px; border-style: none solid solid none; border-color: black windowtext windowtext black; width: 146pt; background-color: #f2fa86;\">&#8212;&#8212;&#8212;-<\/td>\n<p>&#13;<\/p>\n<td width=\"195\" style=\"border-width: 0px 0.5pt 0.5pt 0px; border-style: none solid solid none; border-color: #333333 windowtext windowtext #333333; width: 146pt; background-color: #f2fa86;\">Pab. Municipal (Palencia)<\/td>\n<\/tr>\n<p>&#13;<\/p>\n<tr height=\"undefined\" style=\"height: 14.5pt;\">&#13;<\/p>\n<td height=\"19\" style=\"border: 0px black; border-image: none; height: 14.5pt; background-color: transparent;\"\/>&#13;<\/p>\n<td style=\"border: 0px black; border-image: none; background-color: transparent;\"\/>&#13;<\/p>\n<td style=\"border: 0px black; border-image: none; background-color: transparent;\"\/>&#13;<\/p>\n<td style=\"border: 0px black; border-image: none; background-color: transparent;\"\/><\/tr>\n<p>\n&#13;<br \/>\n&#13;<\/p>\n<tr height=\"undefined\" style=\"height: 15pt;\">&#13;<\/p>\n<td style=\"border-width: 0px; border-style: initial; border-color: black; background-color: transparent;\"\/>&#13;<\/p>\n<td style=\"border-width: 0px; border-style: initial; border-color: black; background-color: transparent;\"\/>&#13;<\/p>\n<td style=\"border-width: 0px; border-style: initial; border-color: black; background-color: transparent;\"\/><\/tr>\n<p>&#13;<\/p>\n<tr height=\"undefined\" style=\"height: 19pt;\">&#13;<\/p>\n<td height=\"25\" colspan=\"4\" style=\"border-width: 1pt; border-style: solid; border-color: windowtext black windowtext windowtext; height: 19pt; background-color: #e26b0a;\"><strong>Domingo 30 de agosto de 2026<\/strong><\/td>\n<\/tr>\n<p>&#13;<\/p>\n<tr height=\"undefined\" style=\"height: 14.5pt;\">&#13;<\/p>\n<td height=\"19\" style=\"border-width: 0px; border-style: initial; border-color: black; height: 14.5pt; background-color: transparent;\"\/>&#13;<\/p>\n<td style=\"border-width: 0px; border-style: initial; border-color: black; background-color: transparent;\"\/>&#13;<\/p>\n<td style=\"border-width: 0px; border-style: initial; border-color: black; background-color: transparent;\"\/>&#13;<\/p>\n<td style=\"border-width: 0px; border-style: initial; border-color: black; background-color: transparent;\"\/><\/tr>\n<p>&#13;<\/p>\n<tr height=\"undefined\" style=\"height: 15.5pt;\">&#13;<\/p>\n<td width=\"620\" height=\"21\" colspan=\"4\" style=\"border-width: 0.5pt; border-style: solid; border-color: windowtext black windowtext windowtext; width: 466pt; height: 15.5pt; background-color: #ffc000;\"><strong>Copa Andaluc\u00eda J.2: Cajasol Coto C\u00f3rdoba vs Insolac Caja87<\/strong><\/td>\n<\/tr>\n<p>&#13;<\/p>\n<tr height=\"undefined\" style=\"height: 15.5pt;\">&#13;<\/p>\n<td width=\"115\" height=\"21\" style=\"border-width: 0px 0.5pt 0.5pt; border-style: none solid solid; border-color: black windowtext windowtext; width: 87pt; height: 15.5pt; background-color: #f2fa86;\"><strong>Hora<\/strong><\/td>\n<p>&#13;<\/p>\n<td width=\"115\" style=\"border-width: 0px 0.5pt 0.5pt 0px; border-style: none solid solid none; border-color: #333333 windowtext windowtext #333333; width: 87pt; background-color: #f2fa86;\"><strong>Resultado<\/strong><\/td>\n<p>&#13;<\/p>\n<td width=\"195\" style=\"border-width: 0px 0.5pt 0.5pt 0px; border-style: none solid solid none; border-color: #333333 windowtext windowtext #333333; width: 146pt; background-color: #f2fa86;\"><strong>MVP<\/strong><\/td>\n<p>&#13;<\/p>\n<td width=\"195\" style=\"border-width: 0px 0.5pt 0.5pt 0px; border-style: none solid solid none; border-color: #333333 windowtext windowtext #333333; width: 146pt; background-color: #f2fa86;\"><strong>Pabell\u00f3n<\/strong><\/td>\n<\/tr>\n<p>&#13;<\/p>\n<tr height=\"undefined\" style=\"height: 15.5pt;\">&#13;<\/p>\n<td width=\"115\" height=\"21\" style=\"border-width: 0px 0.5pt 0.5pt; border-style: none solid solid; border-color: black windowtext windowtext; width: 87pt; height: 15.5pt; background-color: #f2fa86;\">20:00 h.<\/td>\n<p>&#13;<\/p>\n<td width=\"115\" style=\"border-width: 0px 0.5pt 0.5pt 0px; border-style: none solid solid none; border-color: blue windowtext windowtext blue; width: 87pt; background-color: #f2fa86;\">&#8212;&#8211;<\/td>\n<p>&#13;<\/p>\n<td width=\"195\" style=\"border-width: 0px 0.5pt 0.5pt 0px; border-style: none solid solid none; border-color: black windowtext windowtext black; width: 146pt; background-color: #f2fa86;\">&#8212;&#8212;&#8212;-<\/td>\n<p>&#13;<\/p>\n<td width=\"195\" style=\"border-width: 0px 0.5pt 0.5pt 0px; border-style: none solid solid none; border-color: #333333 windowtext windowtext #333333; width: 146pt; background-color: #f2fa86;\">Vista Alegre (C\u00f3rdoba)<\/td>\n<\/tr>\n<p>&#13;<\/p>\n<tr height=\"undefined\" style=\"height: 14.5pt;\">&#13;<\/p>\n<td height=\"19\" style=\"border-width: 0px; border-style: initial; border-color: black; height: 14.5pt; background-color: transparent;\"\/>&#13;<\/p>\n<td style=\"border-width: 0px; border-style: initial; border-color: black; background-color: transparent;\"\/>&#13;<\/p>\n<td style=\"border-width: 0px; border-style: initial; border-color: black; background-color: transparent;\"\/>&#13;<\/p>\n<td style=\"border-width: 0px; border-style: initial; border-color: black; background-color: transparent;\"\/><\/tr>\n<p>&#13;<br \/>\n&#13;<\/p>\n<tr height=\"undefined\" style=\"height: 14.5pt;\">&#13;<\/p>\n<td height=\"19\" style=\"border: 0px black; border-image: none; height: 14.5pt; background-color: transparent;\">&#13;\n<\/td>\n<p>&#13;<\/p>\n<td style=\"border: 0px black; border-image: none; background-color: transparent;\"\/>&#13;<\/p>\n<td style=\"border: 0px black; border-image: none; background-color: transparent;\"\/>&#13;<\/p>\n<td style=\"border: 0px black; border-image: none; background-color: transparent;\"\/><\/tr>\n<p>&#13;<\/p>\n<tr height=\"undefined\" style=\"height: 19pt;\">&#13;<\/p>\n<td height=\"25\" colspan=\"4\" style=\"border-width: 1pt; border-style: solid; border-color: windowtext black windowtext windowtext; height: 19pt; background-color: #e26b0a;\"><strong>Mi\u00e9rcoles 2 de septiembre de 2026<\/strong><\/td>\n<\/tr>\n<p>&#13;<\/p>\n<tr height=\"undefined\" style=\"height: 14.5pt;\">&#13;<\/p>\n<td height=\"19\" style=\"border: 0px black; border-image: none; height: 14.5pt; background-color: transparent;\">&#13;\n<\/td>\n<p>&#13;<\/p>\n<td style=\"border: 0px black; border-image: none; background-color: transparent;\"\/>&#13;<\/p>\n<td style=\"border: 0px black; border-image: none; background-color: transparent;\"\/>&#13;<\/p>\n<td style=\"border: 0px black; border-image: none; background-color: transparent;\"\/><\/tr>\n<p>&#13;<\/p>\n<tr height=\"undefined\" style=\"height: 15.5pt;\">&#13;<\/p>\n<td width=\"620\" height=\"21\" colspan=\"4\" style=\"border-width: 0.5pt; border-style: solid; border-color: windowtext black windowtext windowtext; width: 466pt; height: 15.5pt; background-color: #ffc000;\"><strong>Amistoso: Kosner Baskonia vs Inveready Askatuak Gipuzkoa (Puerta cerrada)<\/strong><\/td>\n<\/tr>\n<p>&#13;<\/p>\n<tr height=\"undefined\" style=\"height: 15.5pt;\">&#13;<\/p>\n<td width=\"115\" height=\"21\" style=\"border-width: 0px 0.5pt 0.5pt; border-style: none solid solid; border-color: black windowtext windowtext; width: 87pt; height: 15.5pt; background-color: #f2fa86;\"><strong>Hora<\/strong><\/td>\n<p>&#13;<\/p>\n<td width=\"115\" style=\"border-width: 0px 0.5pt 0.5pt 0px; border-style: none solid solid none; border-color: #333333 windowtext windowtext #333333; width: 87pt; background-color: #f2fa86;\"><strong>Resultado<\/strong><\/td>\n<p>&#13;<\/p>\n<td width=\"195\" style=\"border-width: 0px 0.5pt 0.5pt 0px; border-style: none solid solid none; border-color: #333333 windowtext windowtext #333333; width: 146pt; background-color: #f2fa86;\"><strong>MVP<\/strong><\/td>\n<p>&#13;<\/p>\n<td width=\"195\" style=\"border-width: 0px 0.5pt 0.5pt 0px; border-style: none solid solid none; border-color: #333333 windowtext windowtext #333333; width: 146pt; background-color: #f2fa86;\"><strong>Pabell\u00f3n<\/strong><\/td>\n<\/tr>\n<p>&#13;<\/p>\n<tr height=\"undefined\" style=\"height: 15.5pt;\">&#13;<\/p>\n<td width=\"115\" height=\"21\" style=\"border-width: 0px 0.5pt 0.5pt; border-style: none solid solid; border-color: black windowtext windowtext; width: 87pt; height: 15.5pt; background-color: #f2fa86;\">Por confirmar<\/td>\n<p>&#13;<\/p>\n<td width=\"115\" style=\"border-width: 0px 0.5pt 0.5pt 0px; border-style: none solid solid none; border-color: blue windowtext windowtext blue; width: 87pt; background-color: #f2fa86;\">&#8212;&#8211;<\/td>\n<p>&#13;<\/p>\n<td width=\"195\" style=\"border-width: 0px 0.5pt 0.5pt 0px; border-style: none solid solid none; border-color: black windowtext windowtext black; width: 146pt; background-color: #f2fa86;\">&#8212;&#8212;&#8212;-<\/td>\n<p>&#13;<\/p>\n<td width=\"195\" style=\"border-width: 0px 0.5pt 0.5pt 0px; border-style: none solid solid none; border-color: #333333 windowtext windowtext #333333; width: 146pt; background-color: #f2fa86;\">Palacio Deportes (Granada)<\/td>\n<\/tr>\n<p>&#13;<\/p>\n<tr height=\"undefined\" style=\"height: 14.5pt;\">&#13;<\/p>\n<td height=\"19\" style=\"border: 0px black; border-image: none; height: 14.5pt; background-color: transparent;\"\/>&#13;<\/p>\n<td style=\"border: 0px black; border-image: none; background-color: transparent;\"\/>&#13;<\/p>\n<td style=\"border: 0px black; border-image: none; background-color: transparent;\"\/>&#13;<\/p>\n<td style=\"border: 0px black; border-image: none; background-color: transparent;\"\/><\/tr>\n<p>&#13;<\/p>\n<tr height=\"undefined\" style=\"height: 15.5pt;\">&#13;<\/p>\n<td width=\"620\" height=\"21\" colspan=\"4\" style=\"border-width: 0.5pt; border-style: solid; border-color: windowtext black windowtext windowtext; width: 466pt; height: 15.5pt; background-color: #ffc000;\"><strong>Amistoso: HLA Alicante vs Amics Castell\u00f3 (Puerta cerrada)<\/strong><\/td>\n<\/tr>\n<p>&#13;<\/p>\n<tr height=\"undefined\" style=\"height: 15.5pt;\">&#13;<\/p>\n<td width=\"115\" height=\"21\" style=\"border-width: 0px 0.5pt 0.5pt; border-style: none solid solid; border-color: black windowtext windowtext; width: 87pt; height: 15.5pt; background-color: #f2fa86;\"><strong>Hora<\/strong><\/td>\n<p>&#13;<\/p>\n<td width=\"115\" style=\"border-width: 0px 0.5pt 0.5pt 0px; border-style: none solid solid none; border-color: #333333 windowtext windowtext #333333; width: 87pt; background-color: #f2fa86;\"><strong>Resultado<\/strong><\/td>\n<p>&#13;<\/p>\n<td width=\"195\" style=\"border-width: 0px 0.5pt 0.5pt 0px; border-style: none solid solid none; border-color: #333333 windowtext windowtext #333333; width: 146pt; background-color: #f2fa86;\"><strong>MVP<\/strong><\/td>\n<p>&#13;<\/p>\n<td width=\"195\" style=\"border-width: 0px 0.5pt 0.5pt 0px; border-style: none solid solid none; border-color: #333333 windowtext windowtext #333333; width: 146pt; background-color: #f2fa86;\"><strong>Pabell\u00f3n<\/strong><\/td>\n<\/tr>\n<p>&#13;<\/p>\n<tr height=\"undefined\" style=\"height: 15.5pt;\">&#13;<\/p>\n<td width=\"115\" height=\"21\" style=\"border-width: 0px 0.5pt 0.5pt; border-style: none solid solid; border-color: black windowtext windowtext; width: 87pt; height: 15.5pt; background-color: #f2fa86;\">12:30 h.<\/td>\n<p>&#13;<\/p>\n<td width=\"115\" style=\"border-width: 0px 0.5pt 0.5pt 0px; border-style: none solid solid none; border-color: blue windowtext windowtext blue; width: 87pt; background-color: #f2fa86;\">&#8212;&#8211;<\/td>\n<p>&#13;<\/p>\n<td width=\"195\" style=\"border-width: 0px 0.5pt 0.5pt 0px; border-style: none solid solid none; border-color: black windowtext windowtext black; width: 146pt; background-color: #f2fa86;\">&#8212;&#8212;&#8212;-<\/td>\n<p>&#13;<\/p>\n<td width=\"195\" style=\"border-width: 0px 0.5pt 0.5pt 0px; border-style: none solid solid none; border-color: #333333 windowtext windowtext #333333; width: 146pt; background-color: #f2fa86;\">Pedro Ferr\u00e1ndiz (Alicante)<\/td>\n<\/tr>\n<p>&#13;<\/p>\n<tr height=\"undefined\" style=\"height: 14.5pt;\">&#13;<\/p>\n<td height=\"19\" style=\"border: 0px black; border-image: none; height: 14.5pt; background-color: transparent;\"\/>&#13;<\/p>\n<td style=\"border: 0px black; border-image: none; background-color: transparent;\"\/>&#13;<\/p>\n<td style=\"border: 0px black; border-image: none; background-color: transparent;\"\/>&#13;<\/p>\n<td style=\"border: 0px black; border-image: none; background-color: transparent;\"\/><\/tr>\n<p>&#13;<\/p>\n<tr height=\"undefined\" style=\"height: 15.5pt;\">&#13;<\/p>\n<td width=\"620\" height=\"21\" colspan=\"4\" style=\"border-width: 0.5pt; border-style: solid; border-color: windowtext black windowtext windowtext; width: 466pt; height: 15.5pt; background-color: #ffc000;\"><strong>Copa Andaluc\u00eda J.3: Covir\u00e1n Granada vs Insolac Caja87<\/strong><\/td>\n<\/tr>\n<p>&#13;<\/p>\n<tr height=\"undefined\" style=\"height: 15.5pt;\">&#13;<\/p>\n<td width=\"115\" height=\"21\" style=\"border-width: 0px 0.5pt 0.5pt; border-style: none solid solid; border-color: black windowtext windowtext; width: 87pt; height: 15.5pt; background-color: #f2fa86;\"><strong>Hora<\/strong><\/td>\n<p>&#13;<\/p>\n<td width=\"115\" style=\"border-width: 0px 0.5pt 0.5pt 0px; border-style: none solid solid none; border-color: #333333 windowtext windowtext #333333; width: 87pt; background-color: #f2fa86;\"><strong>Resultado<\/strong><\/td>\n<p>&#13;<\/p>\n<td width=\"195\" style=\"border-width: 0px 0.5pt 0.5pt 0px; border-style: none solid solid none; border-color: #333333 windowtext windowtext #333333; width: 146pt; background-color: #f2fa86;\"><strong>MVP<\/strong><\/td>\n<p>&#13;<\/p>\n<td width=\"195\" style=\"border-width: 0px 0.5pt 0.5pt 0px; border-style: none solid solid none; border-color: #333333 windowtext windowtext #333333; width: 146pt; background-color: #f2fa86;\"><strong>Pabell\u00f3n<\/strong><\/td>\n<\/tr>\n<p>&#13;<\/p>\n<tr height=\"undefined\" style=\"height: 15.5pt;\">&#13;<\/p>\n<td width=\"115\" height=\"21\" style=\"border-width: 0px 0.5pt 0.5pt; border-style: none solid solid; border-color: black windowtext windowtext; width: 87pt; height: 15.5pt; background-color: #f2fa86;\">20:00 h.<\/td>\n<p>&#13;<\/p>\n<td width=\"115\" style=\"border-width: 0px 0.5pt 0.5pt 0px; border-style: none solid solid none; border-color: blue windowtext windowtext blue; width: 87pt; background-color: #f2fa86;\">&#8212;&#8211;<\/td>\n<p>&#13;<\/p>\n<td width=\"195\" style=\"border-width: 0px 0.5pt 0.5pt 0px; border-style: none solid solid none; border-color: black windowtext windowtext black; width: 146pt; background-color: #f2fa86;\">&#8212;&#8212;&#8212;-<\/td>\n<p>&#13;<\/p>\n<td width=\"195\" style=\"border-width: 0px 0.5pt 0.5pt 0px; border-style: none solid solid none; border-color: #333333 windowtext windowtext #333333; width: 146pt; background-color: #f2fa86;\">Palacio Deportes (Granada)<\/td>\n<\/tr>\n<p>&#13;<\/p>\n<tr height=\"undefined\" style=\"height: 14.5pt;\">&#13;<\/p>\n<td height=\"19\" style=\"border: 0px black; border-image: none; height: 14.5pt; background-color: transparent;\">&#13;\n<\/td>\n<p>&#13;<\/p>\n<td style=\"border: 0px black; border-image: none; background-color: transparent;\">&#13;\n<\/td>\n<p>&#13;<\/p>\n<td style=\"border: 0px black; border-image: none; background-color: transparent;\"\/>&#13;<\/p>\n<td style=\"border: 0px black; border-image: none; background-color: transparent;\"\/><\/tr>\n<p>&#13;<br \/>\n&#13;<\/p>\n<tr height=\"undefined\" style=\"height: 14.5pt;\">&#13;<\/p>\n<td style=\"border-width: 0px; border-style: none; border-color: black; background-color: transparent;\"\/>&#13;<\/p>\n<td style=\"border-width: 0px; border-style: none; border-color: black; background-color: transparent;\"\/>&#13;<\/p>\n<td style=\"border-width: 0px; border-style: none; border-color: black; background-color: transparent;\"\/><\/tr>\n<p>&#13;<\/p>\n<tr height=\"undefined\" style=\"height: 19pt;\">&#13;<\/p>\n<td height=\"25\" colspan=\"4\" style=\"border-width: 1pt; border-style: solid; border-color: windowtext black windowtext windowtext; height: 19pt; background-color: #e26b0a;\"><strong>Jueves 3 de septiembre de 2026<\/strong><\/td>\n<\/tr>\n<p>&#13;<\/p>\n<tr height=\"undefined\" style=\"height: 14.5pt;\">&#13;<\/p>\n<td height=\"19\" style=\"border-width: 0px; border-style: none; border-color: black; height: 14.5pt; background-color: transparent;\">&#13;\n<\/td>\n<p>&#13;<\/p>\n<td style=\"border-width: 0px; border-style: none; border-color: black; background-color: transparent;\"\/>&#13;<\/p>\n<td style=\"border-width: 0px; border-style: none; border-color: black; background-color: transparent;\"\/>&#13;<\/p>\n<td style=\"border-width: 0px; border-style: none; border-color: black; background-color: transparent;\"\/><\/tr>\n<p>&#13;<\/p>\n<tr height=\"undefined\" style=\"height: 15.5pt;\">&#13;<\/p>\n<td width=\"620\" height=\"21\" colspan=\"4\" style=\"border-width: 0.5pt; border-style: solid; border-color: windowtext black windowtext windowtext; width: 466pt; height: 15.5pt; background-color: #ffc000;\"><strong>Amistoso: La Laguna Tenerife vs Gran Canaria (Puerta cerrada)<\/strong><\/td>\n<\/tr>\n<p>&#13;<\/p>\n<tr height=\"undefined\" style=\"height: 15.5pt;\">&#13;<\/p>\n<td width=\"115\" height=\"21\" style=\"border-width: 0px 0.5pt 0.5pt; border-style: none solid solid; border-color: black windowtext windowtext; width: 87pt; height: 15.5pt; background-color: #f2fa86;\"><strong>Hora<\/strong><\/td>\n<p>&#13;<\/p>\n<td width=\"115\" style=\"border-width: 0px 0.5pt 0.5pt 0px; border-style: none solid solid none; border-color: #333333 windowtext windowtext #333333; width: 87pt; background-color: #f2fa86;\"><strong>Resultado<\/strong><\/td>\n<p>&#13;<\/p>\n<td width=\"195\" style=\"border-width: 0px 0.5pt 0.5pt 0px; border-style: none solid solid none; border-color: #333333 windowtext windowtext #333333; width: 146pt; background-color: #f2fa86;\"><strong>MVP<\/strong><\/td>\n<p>&#13;<\/p>\n<td width=\"195\" style=\"border-width: 0px 0.5pt 0.5pt 0px; border-style: none solid solid none; border-color: #333333 windowtext windowtext #333333; width: 146pt; background-color: #f2fa86;\"><strong>Pabell\u00f3n<\/strong><\/td>\n<\/tr>\n<p>&#13;<\/p>\n<tr height=\"undefined\" style=\"height: 15.5pt;\">&#13;<\/p>\n<td width=\"115\" height=\"21\" style=\"border-width: 0px 0.5pt 0.5pt; border-style: none solid solid; border-color: black windowtext windowtext; width: 87pt; height: 15.5pt; background-color: #f2fa86;\">Por confirmar<\/td>\n<p>&#13;<\/p>\n<td width=\"115\" style=\"border-width: 0px 0.5pt 0.5pt 0px; border-style: none solid solid none; border-color: blue windowtext windowtext blue; width: 87pt; background-color: #f2fa86;\">&#8212;&#8211;<\/td>\n<p>&#13;<\/p>\n<td width=\"195\" style=\"border-width: 0px 0.5pt 0.5pt 0px; border-style: none solid solid none; border-color: black windowtext windowtext black; width: 146pt; background-color: #f2fa86;\">&#8212;&#8212;&#8212;-<\/td>\n<p>&#13;<\/p>\n<td width=\"195\" style=\"border-width: 0px 0.5pt 0.5pt 0px; border-style: none solid solid none; border-color: #333333 windowtext windowtext #333333; width: 146pt; background-color: #f2fa86;\">Santiago Mart\u00edn (Tenerife)<\/td>\n<\/tr>\n<p>&#13;<\/p>\n<tr height=\"undefined\" style=\"height: 14.5pt;\">&#13;<\/p>\n<td height=\"19\" style=\"border-width: 0px; border-style: none; border-color: black; height: 14.5pt; background-color: transparent;\"\/>&#13;<\/p>\n<td style=\"border-width: 0px; border-style: none; border-color: black; background-color: transparent;\"\/>&#13;<\/p>\n<td style=\"border-width: 0px; border-style: none; border-color: black; background-color: transparent;\"\/>&#13;<\/p>\n<td style=\"border-width: 0px; border-style: none; border-color: black; background-color: transparent;\"\/><\/tr>\n<p>&#13;<\/p>\n<tr height=\"undefined\" style=\"height: 15.5pt;\">&#13;<\/p>\n<td width=\"620\" height=\"21\" colspan=\"4\" style=\"border-width: 0.5pt; border-style: solid; border-color: windowtext black windowtext windowtext; width: 466pt; height: 15.5pt; background-color: #ffc000;\"><strong>Copa CyL &#8211; J.1: Caja Rural Zamora vs Palencia Baloncesto<\/strong><\/td>\n<\/tr>\n<p>&#13;<\/p>\n<tr height=\"undefined\" style=\"height: 15.5pt;\">&#13;<\/p>\n<td width=\"115\" height=\"21\" style=\"border-width: 0px 0.5pt 0.5pt; border-style: none solid solid; border-color: black windowtext windowtext; width: 87pt; height: 15.5pt; background-color: #f2fa86;\"><strong>Hora<\/strong><\/td>\n<p>&#13;<\/p>\n<td width=\"115\" style=\"border-width: 0px 0.5pt 0.5pt 0px; border-style: none solid solid none; border-color: #333333 windowtext windowtext #333333; width: 87pt; background-color: #f2fa86;\"><strong>Resultado<\/strong><\/td>\n<p>&#13;<\/p>\n<td width=\"195\" style=\"border-width: 0px 0.5pt 0.5pt 0px; border-style: none solid solid none; border-color: #333333 windowtext windowtext #333333; width: 146pt; background-color: #f2fa86;\"><strong>MVP<\/strong><\/td>\n<p>&#13;<\/p>\n<td width=\"195\" style=\"border-width: 0px 0.5pt 0.5pt 0px; border-style: none solid solid none; border-color: #333333 windowtext windowtext #333333; width: 146pt; background-color: #f2fa86;\"><strong>Pabell\u00f3n<\/strong><\/td>\n<\/tr>\n<p>&#13;<\/p>\n<tr height=\"undefined\" style=\"height: 15.5pt;\">&#13;<\/p>\n<td width=\"115\" height=\"21\" style=\"border-width: 0px 0.5pt 0.5pt; border-style: none solid solid; border-color: black windowtext windowtext; width: 87pt; height: 15.5pt; background-color: #f2fa86;\">20:00 h.<\/td>\n<p>&#13;<\/p>\n<td width=\"115\" style=\"border-width: 0px 0.5pt 0.5pt 0px; border-style: none solid solid none; border-color: blue windowtext windowtext blue; width: 87pt; background-color: #f2fa86;\">&#8212;&#8211;<\/td>\n<p>&#13;<\/p>\n<td width=\"195\" style=\"border-width: 0px 0.5pt 0.5pt 0px; border-style: none solid solid none; border-color: black windowtext windowtext black; width: 146pt; background-color: #f2fa86;\">&#8212;&#8212;&#8212;-<\/td>\n<p>&#13;<\/p>\n<td width=\"195\" style=\"border-width: 0px 0.5pt 0.5pt 0px; border-style: none solid solid none; border-color: #333333 windowtext windowtext #333333; width: 146pt; background-color: #f2fa86;\">\u00c1ngel Nieto (Zamora)<\/td>\n<\/tr>\n<p>&#13;<\/p>\n<tr height=\"undefined\" style=\"height: 14.5pt;\">&#13;<\/p>\n<td height=\"19\" style=\"border-width: 0px; border-style: none; border-color: black; height: 14.5pt; background-color: transparent;\">&#13;\n<\/td>\n<p>&#13;<\/p>\n<td style=\"border-width: 0px; border-style: none; border-color: black; background-color: transparent;\"\/>&#13;<\/p>\n<td style=\"border-width: 0px; border-style: none; border-color: black; background-color: transparent;\"\/>&#13;<\/p>\n<td style=\"border-width: 0px; border-style: none; border-color: black; background-color: transparent;\"\/><\/tr>\n<p>\n&#13;<br \/>\n&#13;<\/p>\n<tr height=\"undefined\" style=\"height: 14.5pt;\">&#13;<\/p>\n<td style=\"border-width: 0px; border-style: none; border-color: black; background-color: transparent;\">&#13;\n<\/td>\n<p>&#13;<\/p>\n<td style=\"border-width: 0px; border-style: none; border-color: black; background-color: transparent;\"\/>&#13;<\/p>\n<td style=\"border-width: 0px; border-style: none; border-color: black; background-color: transparent;\"\/><\/tr>\n<p>&#13;<\/p>\n<tr height=\"undefined\" style=\"height: 19pt;\">&#13;<\/p>\n<td height=\"25\" colspan=\"4\" style=\"border-width: 1pt; border-style: solid; border-color: windowtext black windowtext windowtext; height: 19pt; background-color: #e26b0a;\"><strong>Viernes 4 de septiembre de 2026<\/strong><\/td>\n<\/tr>\n<p>&#13;<\/p>\n<tr height=\"undefined\" style=\"height: 14.5pt;\">&#13;<\/p>\n<td height=\"19\" style=\"border-width: 0px; border-style: none; border-color: black; height: 14.5pt; background-color: transparent;\">&#13;\n<\/td>\n<p>&#13;<\/p>\n<td style=\"border-width: 0px; border-style: none; border-color: black; background-color: transparent;\"\/>&#13;<\/p>\n<td style=\"border-width: 0px; border-style: none; border-color: black; background-color: transparent;\"\/>&#13;<\/p>\n<td style=\"border-width: 0px; border-style: none; border-color: black; background-color: transparent;\"\/><\/tr>\n<p>&#13;<\/p>\n<tr height=\"undefined\" style=\"height: 15.5pt;\">&#13;<\/p>\n<td width=\"620\" height=\"21\" colspan=\"4\" style=\"border-width: 0.5pt; border-style: solid; border-color: windowtext black windowtext windowtext; width: 466pt; height: 15.5pt; background-color: #ffc000;\"><strong>Copa CyL &#8211; J.2: Palencia Baloncesto vs Grupo Ureta Tizona<\/strong><\/td>\n<\/tr>\n<p>&#13;<\/p>\n<tr height=\"undefined\" style=\"height: 15.5pt;\">&#13;<\/p>\n<td width=\"115\" height=\"21\" style=\"border-width: 0px 0.5pt 0.5pt; border-style: none solid solid; border-color: black windowtext windowtext; width: 87pt; height: 15.5pt; background-color: #f2fa86;\"><strong>Hora<\/strong><\/td>\n<p>&#13;<\/p>\n<td width=\"115\" style=\"border-width: 0px 0.5pt 0.5pt 0px; border-style: none solid solid none; border-color: #333333 windowtext windowtext #333333; width: 87pt; background-color: #f2fa86;\"><strong>Resultado<\/strong><\/td>\n<p>&#13;<\/p>\n<td width=\"195\" style=\"border-width: 0px 0.5pt 0.5pt 0px; border-style: none solid solid none; border-color: #333333 windowtext windowtext #333333; width: 146pt; background-color: #f2fa86;\"><strong>MVP<\/strong><\/td>\n<p>&#13;<\/p>\n<td width=\"195\" style=\"border-width: 0px 0.5pt 0.5pt 0px; border-style: none solid solid none; border-color: #333333 windowtext windowtext #333333; width: 146pt; background-color: #f2fa86;\"><strong>Pabell\u00f3n<\/strong><\/td>\n<\/tr>\n<p>&#13;<\/p>\n<tr height=\"undefined\" style=\"height: 15.5pt;\">&#13;<\/p>\n<td width=\"115\" height=\"21\" style=\"border-width: 0px 0.5pt 0.5pt; border-style: none solid solid; border-color: black windowtext windowtext; width: 87pt; height: 15.5pt; background-color: #f2fa86;\">19:00 h.<\/td>\n<p>&#13;<\/p>\n<td width=\"115\" style=\"border-width: 0px 0.5pt 0.5pt 0px; border-style: none solid solid none; border-color: blue windowtext windowtext blue; width: 87pt; background-color: #f2fa86;\">&#8212;&#8211;<\/td>\n<p>&#13;<\/p>\n<td width=\"195\" style=\"border-width: 0px 0.5pt 0.5pt 0px; border-style: none solid solid none; border-color: black windowtext windowtext black; width: 146pt; background-color: #f2fa86;\">&#8212;&#8212;&#8212;-<\/td>\n<p>&#13;<\/p>\n<td width=\"195\" style=\"border-width: 0px 0.5pt 0.5pt 0px; border-style: none solid solid none; border-color: #333333 windowtext windowtext #333333; width: 146pt; background-color: #f2fa86;\">\u00c1ngel Nieto (Zamora)<\/td>\n<\/tr>\n<p>&#13;<\/p>\n<tr height=\"undefined\" style=\"height: 14.5pt;\">&#13;<\/p>\n<td height=\"19\" style=\"border-width: 0px; border-style: none; border-color: black; height: 14.5pt; background-color: transparent;\"\/>&#13;<\/p>\n<td style=\"border-width: 0px; border-style: none; border-color: black; background-color: transparent;\"\/>&#13;<\/p>\n<td style=\"border-width: 0px; border-style: none; border-color: black; background-color: transparent;\"\/>&#13;<\/p>\n<td style=\"border-width: 0px; border-style: none; border-color: black; background-color: transparent;\"\/><\/tr>\n<p>&#13;<\/p>\n<tr height=\"undefined\" style=\"height: 15.5pt;\">&#13;<\/p>\n<td width=\"620\" height=\"21\" colspan=\"4\" style=\"border-width: 0.5pt; border-style: solid; border-color: windowtext black windowtext windowtext; width: 466pt; height: 15.5pt; background-color: #ffc000;\"><strong>Estrella Damm Ciudad de Ma\u00f3: Menorca B\u00e0squet vs Par\u00eds Basketball<\/strong><\/td>\n<\/tr>\n<p>&#13;<\/p>\n<tr height=\"undefined\" style=\"height: 15.5pt;\">&#13;<\/p>\n<td width=\"115\" height=\"21\" style=\"border-width: 0px 0.5pt 0.5pt; border-style: none solid solid; border-color: black windowtext windowtext; width: 87pt; height: 15.5pt; background-color: #f2fa86;\"><strong>Hora<\/strong><\/td>\n<p>&#13;<\/p>\n<td width=\"115\" style=\"border-width: 0px 0.5pt 0.5pt 0px; border-style: none solid solid none; border-color: #333333 windowtext windowtext #333333; width: 87pt; background-color: #f2fa86;\"><strong>Resultado<\/strong><\/td>\n<p>&#13;<\/p>\n<td width=\"195\" style=\"border-width: 0px 0.5pt 0.5pt 0px; border-style: none solid solid none; border-color: #333333 windowtext windowtext #333333; width: 146pt; background-color: #f2fa86;\"><strong>MVP<\/strong><\/td>\n<p>&#13;<\/p>\n<td width=\"195\" style=\"border-width: 0px 0.5pt 0.5pt 0px; border-style: none solid solid none; border-color: #333333 windowtext windowtext #333333; width: 146pt; background-color: #f2fa86;\"><strong>Pabell\u00f3n<\/strong><\/td>\n<\/tr>\n<p>&#13;<\/p>\n<tr height=\"undefined\" style=\"height: 15.5pt;\">&#13;<\/p>\n<td width=\"115\" height=\"21\" style=\"border-width: 0px 0.5pt 0.5pt; border-style: none solid solid; border-color: black windowtext windowtext; width: 87pt; height: 15.5pt; background-color: #f2fa86;\">20:00 h.<\/td>\n<p>&#13;<\/p>\n<td width=\"115\" style=\"border-width: 0px 0.5pt 0.5pt 0px; border-style: none solid solid none; border-color: blue windowtext windowtext blue; width: 87pt; background-color: #f2fa86;\">&#8212;&#8211;<\/td>\n<p>&#13;<\/p>\n<td width=\"195\" style=\"border-width: 0px 0.5pt 0.5pt 0px; border-style: none solid solid none; border-color: black windowtext windowtext black; width: 146pt; background-color: #f2fa86;\">&#8212;&#8212;&#8212;-<\/td>\n<p>&#13;<\/p>\n<td width=\"195\" style=\"border-width: 0px 0.5pt 0.5pt 0px; border-style: none solid solid none; border-color: #333333 windowtext windowtext #333333; width: 146pt; background-color: #f2fa86;\">Pavell\u00f3 Menorca (Mah\u00f3n)<\/td>\n<\/tr>\n<p>&#13;<\/p>\n<tr height=\"undefined\" style=\"height: 14.5pt;\">&#13;<\/p>\n<td height=\"19\" style=\"border-width: 0px; border-style: none; border-color: black; height: 14.5pt; background-color: transparent;\">&#13;\n<\/td>\n<p>&#13;<\/p>\n<td style=\"border-width: 0px; border-style: none; border-color: black; background-color: transparent;\"\/>&#13;<\/p>\n<td style=\"border-width: 0px; border-style: none; border-color: black; background-color: transparent;\"\/><\/tr>\n<p>\n&#13;<br \/>\n&#13;<\/p>\n<tr height=\"undefined\" style=\"height: 14.5pt;\">&#13;<\/p>\n<td style=\"border-width: 0px; border-style: none; border-color: black; background-color: transparent;\"\/><\/tr>\n<p>&#13;<\/p>\n<tr height=\"undefined\" style=\"height: 19pt;\">&#13;<\/p>\n<td height=\"25\" colspan=\"4\" style=\"border-width: 1pt; border-style: solid; border-color: windowtext black windowtext windowtext; height: 19pt; background-color: #e26b0a;\"><strong>S\u00e1bado 5 de septiembre de 2026<\/strong><\/td>\n<\/tr>\n<p>&#13;<\/p>\n<tr height=\"undefined\" style=\"height: 14.5pt;\">&#13;<\/p>\n<td height=\"19\" style=\"border-width: 0px; border-style: none; border-color: black; height: 14.5pt; background-color: transparent;\">&#13;\n<\/td>\n<p>&#13;<\/p>\n<td style=\"border-width: 0px; border-style: none; border-color: black; background-color: transparent;\"\/>&#13;<\/p>\n<td style=\"border-width: 0px; border-style: none; border-color: black; background-color: transparent;\"\/>&#13;<\/p>\n<td style=\"border-width: 0px; border-style: none; border-color: black; background-color: transparent;\"\/><\/tr>\n<p>&#13;<\/p>\n<tr height=\"undefined\" style=\"height: 15.5pt;\">&#13;<\/p>\n<td width=\"620\" height=\"21\" colspan=\"4\" style=\"border-width: 0.5pt; border-style: solid; border-color: windowtext black windowtext windowtext; width: 466pt; height: 15.5pt; background-color: #ffc000;\"><strong>Amistoso: HLA Alicante vs Movistar Estudiantes\u00a0<\/strong><\/td>\n<\/tr>\n<p>&#13;<\/p>\n<tr height=\"undefined\" style=\"height: 15.5pt;\">&#13;<\/p>\n<td width=\"115\" height=\"21\" style=\"border-width: 0px 0.5pt 0.5pt; border-style: none solid solid; border-color: black windowtext windowtext; width: 87pt; height: 15.5pt; background-color: #f2fa86;\"><strong>Hora<\/strong><\/td>\n<p>&#13;<\/p>\n<td width=\"115\" style=\"border-width: 0px 0.5pt 0.5pt 0px; border-style: none solid solid none; border-color: #333333 windowtext windowtext #333333; width: 87pt; background-color: #f2fa86;\"><strong>Resultado<\/strong><\/td>\n<p>&#13;<\/p>\n<td width=\"195\" style=\"border-width: 0px 0.5pt 0.5pt 0px; border-style: none solid solid none; border-color: #333333 windowtext windowtext #333333; width: 146pt; background-color: #f2fa86;\"><strong>MVP<\/strong><\/td>\n<p>&#13;<\/p>\n<td width=\"195\" style=\"border-width: 0px 0.5pt 0.5pt 0px; border-style: none solid solid none; border-color: #333333 windowtext windowtext #333333; width: 146pt; background-color: #f2fa86;\"><strong>Pabell\u00f3n<\/strong><\/td>\n<\/tr>\n<p>&#13;<\/p>\n<tr height=\"undefined\" style=\"height: 15.5pt;\">&#13;<\/p>\n<td width=\"115\" height=\"21\" style=\"border-width: 0px 0.5pt 0.5pt; border-style: none solid solid; border-color: black windowtext windowtext; width: 87pt; height: 15.5pt; background-color: #f2fa86;\">Por confirmar<\/td>\n<p>&#13;<\/p>\n<td width=\"115\" style=\"border-width: 0px 0.5pt 0.5pt 0px; border-style: none solid solid none; border-color: blue windowtext windowtext blue; width: 87pt; background-color: #f2fa86;\">&#8212;&#8211;<\/td>\n<p>&#13;<\/p>\n<td width=\"195\" style=\"border-width: 0px 0.5pt 0.5pt 0px; border-style: none solid solid none; border-color: black windowtext windowtext black; width: 146pt; background-color: #f2fa86;\">&#8212;&#8212;&#8212;-<\/td>\n<p>&#13;<\/p>\n<td width=\"195\" style=\"border-width: 0px 0.5pt 0.5pt 0px; border-style: none solid solid none; border-color: #333333 windowtext windowtext #333333; width: 146pt; background-color: #f2fa86;\">Por determinar<\/td>\n<\/tr>\n<p>&#13;<\/p>\n<tr height=\"undefined\" style=\"height: 14.5pt;\">&#13;<\/p>\n<td height=\"19\" style=\"border-width: 0px; border-style: none; border-color: black; height: 14.5pt; background-color: transparent;\"\/>&#13;<\/p>\n<td style=\"border-width: 0px; border-style: none; border-color: black; background-color: transparent;\"\/>&#13;<\/p>\n<td style=\"border-width: 0px; border-style: none; border-color: black; background-color: transparent;\"\/>&#13;<\/p>\n<td style=\"border-width: 0px; border-style: none; border-color: black; background-color: transparent;\"\/><\/tr>\n<p>&#13;<\/p>\n<tr height=\"undefined\" style=\"height: 15.5pt;\">&#13;<\/p>\n<td width=\"620\" height=\"21\" colspan=\"4\" style=\"border-width: 0.5pt; border-style: solid; border-color: windowtext black windowtext windowtext; width: 466pt; height: 15.5pt; background-color: #ffc000;\"><strong>Copa CyL &#8211; J.3: Caja Rural Zamora vs Grupo Ureta Tizona<\/strong><\/td>\n<\/tr>\n<p>&#13;<\/p>\n<tr height=\"undefined\" style=\"height: 15.5pt;\">&#13;<\/p>\n<td width=\"115\" height=\"21\" style=\"border-width: 0px 0.5pt 0.5pt; border-style: none solid solid; border-color: black windowtext windowtext; width: 87pt; height: 15.5pt; background-color: #f2fa86;\"><strong>Hora<\/strong><\/td>\n<p>&#13;<\/p>\n<td width=\"115\" style=\"border-width: 0px 0.5pt 0.5pt 0px; border-style: none solid solid none; border-color: #333333 windowtext windowtext #333333; width: 87pt; background-color: #f2fa86;\"><strong>Resultado<\/strong><\/td>\n<p>&#13;<\/p>\n<td width=\"195\" style=\"border-width: 0px 0.5pt 0.5pt 0px; border-style: none solid solid none; border-color: #333333 windowtext windowtext #333333; width: 146pt; background-color: #f2fa86;\"><strong>MVP<\/strong><\/td>\n<p>&#13;<\/p>\n<td width=\"195\" style=\"border-width: 0px 0.5pt 0.5pt 0px; border-style: none solid solid none; border-color: #333333 windowtext windowtext #333333; width: 146pt; background-color: #f2fa86;\"><strong>Pabell\u00f3n<\/strong><\/td>\n<\/tr>\n<p>&#13;<\/p>\n<tr height=\"undefined\" style=\"height: 15.5pt;\">&#13;<\/p>\n<td width=\"115\" height=\"21\" style=\"border-width: 0px 0.5pt 0.5pt; border-style: none solid solid; border-color: black windowtext windowtext; width: 87pt; height: 15.5pt; background-color: #f2fa86;\">17:00 h.<\/td>\n<p>&#13;<\/p>\n<td width=\"115\" style=\"border-width: 0px 0.5pt 0.5pt 0px; border-style: none solid solid none; border-color: blue windowtext windowtext blue; width: 87pt; background-color: #f2fa86;\">&#8212;&#8211;<\/td>\n<p>&#13;<\/p>\n<td width=\"195\" style=\"border-width: 0px 0.5pt 0.5pt 0px; border-style: none solid solid none; border-color: black windowtext windowtext black; width: 146pt; background-color: #f2fa86;\">&#8212;&#8212;&#8212;-<\/td>\n<p>&#13;<\/p>\n<td width=\"195\" style=\"border-width: 0px 0.5pt 0.5pt 0px; border-style: none solid solid none; border-color: #333333 windowtext windowtext #333333; width: 146pt; background-color: #f2fa86;\">\u00c1ngel Nieto (Zamora)<\/td>\n<\/tr>\n<p>&#13;<\/p>\n<tr height=\"undefined\" style=\"height: 14.5pt;\">&#13;<\/p>\n<td height=\"19\" style=\"border-width: 0px; border-style: none; border-color: black; height: 14.5pt; background-color: transparent;\">&#13;\n<\/td>\n<p>&#13;<\/p>\n<td style=\"border-width: 0px; border-style: none; border-color: black; background-color: transparent;\"\/>&#13;<\/p>\n<td style=\"border-width: 0px; border-style: none; border-color: black; background-color: transparent;\"\/><\/tr>\n<p>&#13;<br \/>\n&#13;<\/p>\n<tr height=\"undefined\" style=\"height: 15.5pt;\">&#13;<\/p>\n<td width=\"620\" height=\"21\" colspan=\"4\" style=\"border-width: 0.5pt; border-style: solid; border-color: windowtext black windowtext windowtext; width: 466pt; height: 15.5pt; background-color: #ffc000;\"><strong>IV Torneo Viana do Castelo &#8211; Semi 1: FC Porto vs Sporting CP<\/strong><\/td>\n<\/tr>\n<p>&#13;<\/p>\n<tr height=\"undefined\" style=\"height: 15.5pt;\">&#13;<\/p>\n<td width=\"115\" height=\"21\" style=\"border-width: 0px 0.5pt 0.5pt; border-style: none solid solid; border-color: black windowtext windowtext; width: 87pt; height: 15.5pt; background-color: #f2fa86;\"><strong>Hora<\/strong><\/td>\n<p>&#13;<\/p>\n<td width=\"115\" style=\"border-width: 0px 0.5pt 0.5pt 0px; border-style: none solid solid none; border-color: #333333 windowtext windowtext #333333; width: 87pt; background-color: #f2fa86;\"><strong>Resultado<\/strong><\/td>\n<p>&#13;<\/p>\n<td width=\"195\" style=\"border-width: 0px 0.5pt 0.5pt 0px; border-style: none solid solid none; border-color: #333333 windowtext windowtext #333333; width: 146pt; background-color: #f2fa86;\"><strong>MVP<\/strong><\/td>\n<p>&#13;<\/p>\n<td width=\"195\" style=\"border-width: 0px 0.5pt 0.5pt 0px; border-style: none solid solid none; border-color: #333333 windowtext windowtext #333333; width: 146pt; background-color: #f2fa86;\"><strong>Pabell\u00f3n<\/strong><\/td>\n<\/tr>\n<p>&#13;<\/p>\n<tr height=\"undefined\" style=\"height: 15.5pt;\">&#13;<\/p>\n<td width=\"115\" height=\"21\" style=\"border-width: 0px 0.5pt 0.5pt; border-style: none solid solid; border-color: black windowtext windowtext; width: 87pt; height: 15.5pt; background-color: #f2fa86;\">17:00 h.<\/td>\n<p>&#13;<\/p>\n<td width=\"115\" style=\"border-width: 0px 0.5pt 0.5pt 0px; border-style: none solid solid none; border-color: blue windowtext windowtext blue; width: 87pt; background-color: #f2fa86;\">&#8212;&#8211;<\/td>\n<p>&#13;<\/p>\n<td width=\"195\" style=\"border-width: 0px 0.5pt 0.5pt 0px; border-style: none solid solid none; border-color: black windowtext windowtext black; width: 146pt; background-color: #f2fa86;\">&#8212;&#8212;&#8212;-<\/td>\n<p>&#13;<\/p>\n<td width=\"195\" style=\"border-width: 0px 0.5pt 0.5pt 0px; border-style: none solid solid none; border-color: #333333 windowtext windowtext #333333; width: 146pt; background-color: #f2fa86;\">Z\u00e9 Natario (Monserrate)<\/td>\n<\/tr>\n<p>&#13;<\/p>\n<tr height=\"undefined\" style=\"height: 14.5pt;\">&#13;<\/p>\n<td height=\"19\" style=\"border-width: 0px; border-style: none; border-color: black; height: 14.5pt; background-color: transparent;\"\/>&#13;<\/p>\n<td style=\"border-width: 0px; border-style: none; border-color: black; background-color: transparent;\"\/>&#13;<\/p>\n<td style=\"border-width: 0px; border-style: none; border-color: black; background-color: transparent;\"\/>&#13;<\/p>\n<td style=\"border-width: 0px; border-style: none; border-color: black; background-color: transparent;\"\/><\/tr>\n<p>&#13;<\/p>\n<tr height=\"undefined\" style=\"height: 15.5pt;\">&#13;<\/p>\n<td width=\"620\" height=\"21\" colspan=\"4\" style=\"border-width: 0.5pt; border-style: solid; border-color: windowtext black windowtext windowtext; width: 466pt; height: 15.5pt; background-color: #ffc000;\"><strong>Copa Galicia &#8211; Semi 1: Leyma Coru\u00f1a vs Ourense Baloncesto<\/strong><\/td>\n<\/tr>\n<p>&#13;<\/p>\n<tr height=\"undefined\" style=\"height: 15.5pt;\">&#13;<\/p>\n<td width=\"115\" height=\"21\" style=\"border-width: 0px 0.5pt 0.5pt; border-style: none solid solid; border-color: black windowtext windowtext; width: 87pt; height: 15.5pt; background-color: #f2fa86;\"><strong>Hora<\/strong><\/td>\n<p>&#13;<\/p>\n<td width=\"115\" style=\"border-width: 0px 0.5pt 0.5pt 0px; border-style: none solid solid none; border-color: #333333 windowtext windowtext #333333; width: 87pt; background-color: #f2fa86;\"><strong>Resultado<\/strong><\/td>\n<p>&#13;<\/p>\n<td width=\"195\" style=\"border-width: 0px 0.5pt 0.5pt 0px; border-style: none solid solid none; border-color: #333333 windowtext windowtext #333333; width: 146pt; background-color: #f2fa86;\"><strong>MVP<\/strong><\/td>\n<p>&#13;<\/p>\n<td width=\"195\" style=\"border-width: 0px 0.5pt 0.5pt 0px; border-style: none solid solid none; border-color: #333333 windowtext windowtext #333333; width: 146pt; background-color: #f2fa86;\"><strong>Pabell\u00f3n<\/strong><\/td>\n<\/tr>\n<p>&#13;<\/p>\n<tr height=\"undefined\" style=\"height: 15.5pt;\">&#13;<\/p>\n<td width=\"115\" height=\"21\" style=\"border-width: 0px 0.5pt 0.5pt; border-style: none solid solid; border-color: black windowtext windowtext; width: 87pt; height: 15.5pt; background-color: #f2fa86;\">18:00 h.<\/td>\n<p>&#13;<\/p>\n<td width=\"115\" style=\"border-width: 0px 0.5pt 0.5pt 0px; border-style: none solid solid none; border-color: blue windowtext windowtext blue; width: 87pt; background-color: #f2fa86;\">&#8212;&#8211;<\/td>\n<p>&#13;<\/p>\n<td width=\"195\" style=\"border-width: 0px 0.5pt 0.5pt 0px; border-style: none solid solid none; border-color: black windowtext windowtext black; width: 146pt; background-color: #f2fa86;\">&#8212;&#8212;&#8212;-<\/td>\n<p>&#13;<\/p>\n<td width=\"195\" style=\"border-width: 0px 0.5pt 0.5pt 0px; border-style: none solid solid none; border-color: #333333 windowtext windowtext #333333; width: 146pt; background-color: #f2fa86;\">Fontes do Sar (Santiago)<\/td>\n<\/tr>\n<p>&#13;<\/p>\n<tr height=\"undefined\" style=\"height: 14.5pt;\">&#13;<\/p>\n<td height=\"19\" style=\"border-width: 0px; border-style: none; border-color: black; height: 14.5pt; background-color: transparent;\">&#13;\n<\/td>\n<\/tr>\n<p>&#13;<br \/>\n&#13;<\/p>\n<tr height=\"undefined\" style=\"height: 15.5pt;\">&#13;<\/p>\n<td width=\"620\" height=\"21\" colspan=\"4\" style=\"border-width: 0.5pt; border-style: solid; border-color: windowtext black windowtext windowtext; width: 466pt; height: 15.5pt; background-color: #ffc000;\"><strong>Amistoso: Flexicar Fuenlabrada vs Club Atl\u00e9tico Boca Juniors\u00a0<\/strong><\/td>\n<\/tr>\n<p>&#13;<\/p>\n<tr height=\"undefined\" style=\"height: 15.5pt;\">&#13;<\/p>\n<td width=\"115\" height=\"21\" style=\"border-width: 0px 0.5pt 0.5pt; border-style: none solid solid; border-color: black windowtext windowtext; width: 87pt; height: 15.5pt; background-color: #f2fa86;\"><strong>Hora<\/strong><\/td>\n<p>&#13;<\/p>\n<td width=\"115\" style=\"border-width: 0px 0.5pt 0.5pt 0px; border-style: none solid solid none; border-color: #333333 windowtext windowtext #333333; width: 87pt; background-color: #f2fa86;\"><strong>Resultado<\/strong><\/td>\n<p>&#13;<\/p>\n<td width=\"195\" style=\"border-width: 0px 0.5pt 0.5pt 0px; border-style: none solid solid none; border-color: #333333 windowtext windowtext #333333; width: 146pt; background-color: #f2fa86;\"><strong>MVP<\/strong><\/td>\n<p>&#13;<\/p>\n<td width=\"195\" style=\"border-width: 0px 0.5pt 0.5pt 0px; border-style: none solid solid none; border-color: #333333 windowtext windowtext #333333; width: 146pt; background-color: #f2fa86;\"><strong>Pabell\u00f3n<\/strong><\/td>\n<\/tr>\n<p>&#13;<\/p>\n<tr height=\"undefined\" style=\"height: 15.5pt;\">&#13;<\/p>\n<td width=\"115\" height=\"21\" style=\"border-width: 0px 0.5pt 0.5pt; border-style: none solid solid; border-color: black windowtext windowtext; width: 87pt; height: 15.5pt; background-color: #f2fa86;\">19:30 h.<\/td>\n<p>&#13;<\/p>\n<td width=\"115\" style=\"border-width: 0px 0.5pt 0.5pt 0px; border-style: none solid solid none; border-color: blue windowtext windowtext blue; width: 87pt; background-color: #f2fa86;\">&#8212;&#8211;<\/td>\n<p>&#13;<\/p>\n<td width=\"195\" style=\"border-width: 0px 0.5pt 0.5pt 0px; border-style: none solid solid none; border-color: black windowtext windowtext black; width: 146pt; background-color: #f2fa86;\">&#8212;&#8212;&#8212;-<\/td>\n<p>&#13;<\/p>\n<td width=\"195\" style=\"border-width: 0px 0.5pt 0.5pt 0px; border-style: none solid solid none; border-color: #333333 windowtext windowtext #333333; width: 146pt; background-color: #f2fa86;\">Illescas (Toledo)<\/td>\n<\/tr>\n<p>&#13;<\/p>\n<tr height=\"undefined\" style=\"height: 14.5pt;\">&#13;<\/p>\n<td height=\"19\" style=\"border-width: 0px; border-style: none; border-color: black; height: 14.5pt; background-color: transparent;\"\/>&#13;<\/p>\n<td style=\"border-width: 0px; border-style: none; border-color: black; background-color: transparent;\"\/>&#13;<\/p>\n<td style=\"border-width: 0px; border-style: none; border-color: black; background-color: transparent;\"\/>&#13;<\/p>\n<td style=\"border-width: 0px; border-style: none; border-color: black; background-color: transparent;\"\/><\/tr>\n<p>&#13;<\/p>\n<tr height=\"undefined\" style=\"height: 15.5pt;\">&#13;<\/p>\n<td width=\"620\" height=\"21\" colspan=\"4\" style=\"border-width: 0.5pt; border-style: solid; border-color: windowtext black windowtext windowtext; width: 466pt; height: 15.5pt; background-color: #ffc000;\"><strong>Copa Andaluc\u00eda &#8211; Final: Unicaja M\u00e1laga vs Vencedor Fase previa<\/strong><\/td>\n<\/tr>\n<p>&#13;<\/p>\n<tr height=\"undefined\" style=\"height: 15.5pt;\">&#13;<\/p>\n<td width=\"115\" height=\"21\" style=\"border-width: 0px 0.5pt 0.5pt; border-style: none solid solid; border-color: black windowtext windowtext; width: 87pt; height: 15.5pt; background-color: #f2fa86;\"><strong>Hora<\/strong><\/td>\n<p>&#13;<\/p>\n<td width=\"115\" style=\"border-width: 0px 0.5pt 0.5pt 0px; border-style: none solid solid none; border-color: #333333 windowtext windowtext #333333; width: 87pt; background-color: #f2fa86;\"><strong>Resultado<\/strong><\/td>\n<p>&#13;<\/p>\n<td width=\"195\" style=\"border-width: 0px 0.5pt 0.5pt 0px; border-style: none solid solid none; border-color: #333333 windowtext windowtext #333333; width: 146pt; background-color: #f2fa86;\"><strong>MVP<\/strong><\/td>\n<p>&#13;<\/p>\n<td width=\"195\" style=\"border-width: 0px 0.5pt 0.5pt 0px; border-style: none solid solid none; border-color: #333333 windowtext windowtext #333333; width: 146pt; background-color: #f2fa86;\"><strong>Pabell\u00f3n<\/strong><\/td>\n<\/tr>\n<p>&#13;<\/p>\n<tr height=\"undefined\" style=\"height: 15.5pt;\">&#13;<\/p>\n<td width=\"115\" height=\"21\" style=\"border-width: 0px 0.5pt 0.5pt; border-style: none solid solid; border-color: black windowtext windowtext; width: 87pt; height: 15.5pt; background-color: #f2fa86;\">20:00 h.<\/td>\n<p>&#13;<\/p>\n<td width=\"115\" style=\"border-width: 0px 0.5pt 0.5pt 0px; border-style: none solid solid none; border-color: blue windowtext windowtext blue; width: 87pt; background-color: #f2fa86;\">&#8212;&#8211;<\/td>\n<p>&#13;<\/p>\n<td width=\"195\" style=\"border-width: 0px 0.5pt 0.5pt 0px; border-style: none solid solid none; border-color: black windowtext windowtext black; width: 146pt; background-color: #f2fa86;\">&#8212;&#8212;&#8212;-<\/td>\n<p>&#13;<\/p>\n<td width=\"195\" style=\"border-width: 0px 0.5pt 0.5pt 0px; border-style: none solid solid none; border-color: #333333 windowtext windowtext #333333; width: 146pt; background-color: #f2fa86;\">Vista Alegre (C\u00f3rdoba)<\/td>\n<\/tr>\n<p>&#13;<\/p>\n<tr height=\"undefined\" style=\"height: 14.5pt;\">&#13;<\/p>\n<td height=\"19\" style=\"border-width: 0px; border-style: none; border-color: black; height: 14.5pt; background-color: transparent;\">&#13;\n<\/td>\n<p>&#13;<\/p>\n<td style=\"border-width: 0px; border-style: none; border-color: black; background-color: transparent;\"\/>&#13;<\/p>\n<td style=\"border-width: 0px; border-style: none; border-color: black; background-color: transparent;\"\/><\/tr>\n<p>&#13;<br \/>\n&#13;<\/p>\n<tr height=\"undefined\" style=\"height: 15.5pt;\">&#13;<\/p>\n<td width=\"620\" height=\"21\" colspan=\"4\" style=\"border-width: 0.5pt; border-style: solid; border-color: windowtext black windowtext windowtext; width: 466pt; height: 15.5pt; background-color: #ffc000;\"><strong>Copa Galicia &#8211; Semi 2: R\u00edo Breog\u00e1n vs Monbus Obradoiro\u00a0<\/strong><\/td>\n<\/tr>\n<p>&#13;<\/p>\n<tr height=\"undefined\" style=\"height: 15.5pt;\">&#13;<\/p>\n<td width=\"115\" height=\"21\" style=\"border-width: 0px 0.5pt 0.5pt; border-style: none solid solid; border-color: black windowtext windowtext; width: 87pt; height: 15.5pt; background-color: #f2fa86;\"><strong>Hora<\/strong><\/td>\n<p>&#13;<\/p>\n<td width=\"115\" style=\"border-width: 0px 0.5pt 0.5pt 0px; border-style: none solid solid none; border-color: #333333 windowtext windowtext #333333; width: 87pt; background-color: #f2fa86;\"><strong>Resultado<\/strong><\/td>\n<p>&#13;<\/p>\n<td width=\"195\" style=\"border-width: 0px 0.5pt 0.5pt 0px; border-style: none solid solid none; border-color: #333333 windowtext windowtext #333333; width: 146pt; background-color: #f2fa86;\"><strong>MVP<\/strong><\/td>\n<p>&#13;<\/p>\n<td width=\"195\" style=\"border-width: 0px 0.5pt 0.5pt 0px; border-style: none solid solid none; border-color: #333333 windowtext windowtext #333333; width: 146pt; background-color: #f2fa86;\"><strong>Pabell\u00f3n<\/strong><\/td>\n<\/tr>\n<p>&#13;<\/p>\n<tr height=\"undefined\" style=\"height: 15.5pt;\">&#13;<\/p>\n<td width=\"115\" height=\"21\" style=\"border-width: 0px 0.5pt 0.5pt; border-style: none solid solid; border-color: black windowtext windowtext; width: 87pt; height: 15.5pt; background-color: #f2fa86;\">20:30 h.<\/td>\n<p>&#13;<\/p>\n<td width=\"115\" style=\"border-width: 0px 0.5pt 0.5pt 0px; border-style: none solid solid none; border-color: blue windowtext windowtext blue; width: 87pt; background-color: #f2fa86;\">&#8212;&#8211;<\/td>\n<p>&#13;<\/p>\n<td width=\"195\" style=\"border-width: 0px 0.5pt 0.5pt 0px; border-style: none solid solid none; border-color: black windowtext windowtext black; width: 146pt; background-color: #f2fa86;\">&#8212;&#8212;&#8212;-<\/td>\n<p>&#13;<\/p>\n<td width=\"195\" style=\"border-width: 0px 0.5pt 0.5pt 0px; border-style: none solid solid none; border-color: #333333 windowtext windowtext #333333; width: 146pt; background-color: #f2fa86;\">Fontes do Sar (Santiago)<\/td>\n<\/tr>\n<p>&#13;<\/p>\n<tr height=\"undefined\" style=\"height: 14.5pt;\">&#13;<\/p>\n<td height=\"19\" style=\"border-width: 0px; border-style: none; border-color: black; height: 14.5pt; background-color: transparent;\"\/>&#13;<\/p>\n<td style=\"border-width: 0px; border-style: none; border-color: black; background-color: transparent;\"\/>&#13;<\/p>\n<td style=\"border-width: 0px; border-style: none; border-color: black; background-color: transparent;\"\/>&#13;<\/p>\n<td style=\"border-width: 0px; border-style: none; border-color: black; background-color: transparent;\"\/><\/tr>\n<p>&#13;<\/p>\n<tr height=\"undefined\" style=\"height: 15.5pt;\">&#13;<\/p>\n<td width=\"620\" height=\"21\" colspan=\"4\" style=\"border-width: 0.5pt; border-style: solid; border-color: windowtext black windowtext windowtext; width: 466pt; height: 15.5pt; background-color: #ffc000;\"><strong>IV Torneo Viana do Castelo &#8211; Semi 2: SL Benfica vs Alimerka Oviedo<\/strong><\/td>\n<\/tr>\n<p>&#13;<\/p>\n<tr height=\"undefined\" style=\"height: 15.5pt;\">&#13;<\/p>\n<td width=\"115\" height=\"21\" style=\"border-width: 0px 0.5pt 0.5pt; border-style: none solid solid; border-color: black windowtext windowtext; width: 87pt; height: 15.5pt; background-color: #f2fa86;\"><strong>Hora<\/strong><\/td>\n<p>&#13;<\/p>\n<td width=\"115\" style=\"border-width: 0px 0.5pt 0.5pt 0px; border-style: none solid solid none; border-color: #333333 windowtext windowtext #333333; width: 87pt; background-color: #f2fa86;\"><strong>Resultado<\/strong><\/td>\n<p>&#13;<\/p>\n<td width=\"195\" style=\"border-width: 0px 0.5pt 0.5pt 0px; border-style: none solid solid none; border-color: #333333 windowtext windowtext #333333; width: 146pt; background-color: #f2fa86;\"><strong>MVP<\/strong><\/td>\n<p>&#13;<\/p>\n<td width=\"195\" style=\"border-width: 0px 0.5pt 0.5pt 0px; border-style: none solid solid none; border-color: #333333 windowtext windowtext #333333; width: 146pt; background-color: #f2fa86;\"><strong>Pabell\u00f3n<\/strong><\/td>\n<\/tr>\n<p>&#13;<\/p>\n<tr height=\"undefined\" style=\"height: 15.5pt;\">&#13;<\/p>\n<td width=\"115\" height=\"21\" style=\"border-width: 0px 0.5pt 0.5pt; border-style: none solid solid; border-color: black windowtext windowtext; width: 87pt; height: 15.5pt; background-color: #f2fa86;\">21:00 h.<\/td>\n<p>&#13;<\/p>\n<td width=\"115\" style=\"border-width: 0px 0.5pt 0.5pt 0px; border-style: none solid solid none; border-color: blue windowtext windowtext blue; width: 87pt; background-color: #f2fa86;\">&#8212;&#8211;<\/td>\n<p>&#13;<\/p>\n<td width=\"195\" style=\"border-width: 0px 0.5pt 0.5pt 0px; border-style: none solid solid none; border-color: black windowtext windowtext black; width: 146pt; background-color: #f2fa86;\">&#8212;&#8212;&#8212;-<\/td>\n<p>&#13;<\/p>\n<td width=\"195\" style=\"border-width: 0px 0.5pt 0.5pt 0px; border-style: none solid solid none; border-color: #333333 windowtext windowtext #333333; width: 146pt; background-color: #f2fa86;\">Z\u00e9 Natario (Monserrate))<\/td>\n<\/tr>\n<p>\n&#13;<br \/>\n&#13;<\/p>\n<tr height=\"undefined\" style=\"height: 14.5pt;\">&#13;<\/p>\n<td style=\"border-width: 0px; border-style: none; border-color: black; background-color: transparent;\"\/><\/tr>\n<p>&#13;<\/p>\n<tr height=\"undefined\" style=\"height: 19pt;\">&#13;<\/p>\n<td height=\"25\" colspan=\"4\" style=\"border-width: 1pt; border-style: solid; border-color: windowtext black windowtext windowtext; height: 19pt; background-color: #e26b0a;\"><strong>Domingo 6 de septiembre de 2026<\/strong><\/td>\n<\/tr>\n<p>&#13;<\/p>\n<tr height=\"undefined\" style=\"height: 14.5pt;\">&#13;<\/p>\n<td height=\"19\" style=\"border-width: 0px; border-style: none; border-color: black; height: 14.5pt; background-color: transparent;\">&#13;\n<\/td>\n<p>&#13;<\/p>\n<td style=\"border-width: 0px; border-style: none; border-color: black; background-color: transparent;\"\/>&#13;<\/p>\n<td style=\"border-width: 0px; border-style: none; border-color: black; background-color: transparent;\"\/>&#13;<\/p>\n<td style=\"border-width: 0px; border-style: none; border-color: black; background-color: transparent;\"\/><\/tr>\n<p>&#13;<\/p>\n<tr height=\"undefined\" style=\"height: 15.5pt;\">&#13;<\/p>\n<td width=\"620\" height=\"21\" colspan=\"4\" style=\"border-width: 0.5pt; border-style: solid; border-color: windowtext black windowtext windowtext; width: 466pt; height: 15.5pt; background-color: #ffc000;\"><strong>Copa Diputaci\u00f3n: CB Algeciras vs Insolac Caja87\u00a0<\/strong><\/td>\n<\/tr>\n<p>&#13;<\/p>\n<tr height=\"undefined\" style=\"height: 15.5pt;\">&#13;<\/p>\n<td width=\"115\" height=\"21\" style=\"border-width: 0px 0.5pt 0.5pt; border-style: none solid solid; border-color: black windowtext windowtext; width: 87pt; height: 15.5pt; background-color: #f2fa86;\"><strong>Hora<\/strong><\/td>\n<p>&#13;<\/p>\n<td width=\"115\" style=\"border-width: 0px 0.5pt 0.5pt 0px; border-style: none solid solid none; border-color: #333333 windowtext windowtext #333333; width: 87pt; background-color: #f2fa86;\"><strong>Resultado<\/strong><\/td>\n<p>&#13;<\/p>\n<td width=\"195\" style=\"border-width: 0px 0.5pt 0.5pt 0px; border-style: none solid solid none; border-color: #333333 windowtext windowtext #333333; width: 146pt; background-color: #f2fa86;\"><strong>MVP<\/strong><\/td>\n<p>&#13;<\/p>\n<td width=\"195\" style=\"border-width: 0px 0.5pt 0.5pt 0px; border-style: none solid solid none; border-color: #333333 windowtext windowtext #333333; width: 146pt; background-color: #f2fa86;\"><strong>Pabell\u00f3n<\/strong><\/td>\n<\/tr>\n<p>&#13;<\/p>\n<tr height=\"undefined\" style=\"height: 15.5pt;\">&#13;<\/p>\n<td width=\"115\" height=\"21\" style=\"border-width: 0px 0.5pt 0.5pt; border-style: none solid solid; border-color: black windowtext windowtext; width: 87pt; height: 15.5pt; background-color: #f2fa86;\">12:00 h.<\/td>\n<p>&#13;<\/p>\n<td width=\"115\" style=\"border-width: 0px 0.5pt 0.5pt 0px; border-style: none solid solid none; border-color: blue windowtext windowtext blue; width: 87pt; background-color: #f2fa86;\">&#8212;&#8211;<\/td>\n<p>&#13;<\/p>\n<td width=\"195\" style=\"border-width: 0px 0.5pt 0.5pt 0px; border-style: none solid solid none; border-color: black windowtext windowtext black; width: 146pt; background-color: #f2fa86;\">&#8212;&#8212;&#8212;-<\/td>\n<p>&#13;<\/p>\n<td width=\"195\" style=\"border-width: 0px 0.5pt 0.5pt 0px; border-style: none solid solid none; border-color: #333333 windowtext windowtext #333333; width: 146pt; background-color: #f2fa86;\">J. Carlos Mateo (Algeciras)<\/td>\n<\/tr>\n<p>&#13;<\/p>\n<tr height=\"undefined\" style=\"height: 14.5pt;\">&#13;<\/p>\n<td height=\"19\" style=\"border-width: 0px; border-style: none; border-color: black; height: 14.5pt; background-color: transparent;\"\/>&#13;<\/p>\n<td style=\"border-width: 0px; border-style: none; border-color: black; background-color: transparent;\"\/>&#13;<\/p>\n<td style=\"border-width: 0px; border-style: none; border-color: black; background-color: transparent;\"\/>&#13;<\/p>\n<td style=\"border-width: 0px; border-style: none; border-color: black; background-color: transparent;\"\/><\/tr>\n<p>&#13;<\/p>\n<tr height=\"undefined\" style=\"height: 15.5pt;\">&#13;<\/p>\n<td width=\"620\" height=\"21\" colspan=\"4\" style=\"border-width: 0.5pt; border-style: solid; border-color: windowtext black windowtext windowtext; width: 466pt; height: 15.5pt; background-color: #ffc000;\"><strong>Amistoso: Grupo Alega Cantabria vs Surne Bilbao Basket<\/strong><\/td>\n<\/tr>\n<p>&#13;<\/p>\n<tr height=\"undefined\" style=\"height: 15.5pt;\">&#13;<\/p>\n<td width=\"115\" height=\"21\" style=\"border-width: 0px 0.5pt 0.5pt; border-style: none solid solid; border-color: black windowtext windowtext; width: 87pt; height: 15.5pt; background-color: #f2fa86;\"><strong>Hora<\/strong><\/td>\n<p>&#13;<\/p>\n<td width=\"115\" style=\"border-width: 0px 0.5pt 0.5pt 0px; border-style: none solid solid none; border-color: #333333 windowtext windowtext #333333; width: 87pt; background-color: #f2fa86;\"><strong>Resultado<\/strong><\/td>\n<p>&#13;<\/p>\n<td width=\"195\" style=\"border-width: 0px 0.5pt 0.5pt 0px; border-style: none solid solid none; border-color: #333333 windowtext windowtext #333333; width: 146pt; background-color: #f2fa86;\"><strong>MVP<\/strong><\/td>\n<p>&#13;<\/p>\n<td width=\"195\" style=\"border-width: 0px 0.5pt 0.5pt 0px; border-style: none solid solid none; border-color: #333333 windowtext windowtext #333333; width: 146pt; background-color: #f2fa86;\"><strong>Pabell\u00f3n<\/strong><\/td>\n<\/tr>\n<p>&#13;<\/p>\n<tr height=\"undefined\" style=\"height: 15.5pt;\">&#13;<\/p>\n<td width=\"115\" height=\"21\" style=\"border-width: 0px 0.5pt 0.5pt; border-style: none solid solid; border-color: black windowtext windowtext; width: 87pt; height: 15.5pt; background-color: #f2fa86;\">12:30 h.<\/td>\n<p>&#13;<\/p>\n<td width=\"115\" style=\"border-width: 0px 0.5pt 0.5pt 0px; border-style: none solid solid none; border-color: blue windowtext windowtext blue; width: 87pt; background-color: #f2fa86;\">&#8212;&#8211;<\/td>\n<p>&#13;<\/p>\n<td width=\"195\" style=\"border-width: 0px 0.5pt 0.5pt 0px; border-style: none solid solid none; border-color: black windowtext windowtext black; width: 146pt; background-color: #f2fa86;\">&#8212;&#8212;&#8212;-<\/td>\n<p>&#13;<\/p>\n<td width=\"195\" style=\"border-width: 0px 0.5pt 0.5pt 0px; border-style: none solid solid none; border-color: #333333 windowtext windowtext #333333; width: 146pt; background-color: #f2fa86;\">Emilio Amavisca (Laredo)<\/td>\n<\/tr>\n<p>&#13;<\/p>\n<tr height=\"undefined\" style=\"height: 14.5pt;\">&#13;<\/p>\n<td height=\"19\" style=\"border-width: 0px; border-style: none; border-color: black; height: 14.5pt; background-color: transparent;\">&#13;\n<\/td>\n<p>&#13;<\/p>\n<td style=\"border-width: 0px; border-style: none; border-color: black; background-color: transparent;\"\/>&#13;<\/p>\n<td style=\"border-width: 0px; border-style: none; border-color: black; background-color: transparent;\"\/><\/tr>\n<p>&#13;<br \/>\n&#13;<\/p>\n<tr height=\"undefined\" style=\"height: 15.5pt;\">&#13;<\/p>\n<td width=\"620\" height=\"21\" colspan=\"4\" style=\"border-width: 0.5pt; border-style: solid; border-color: windowtext black windowtext windowtext; width: 466pt; height: 15.5pt; background-color: #ffc000;\"><strong>IV Torneo Viana do Castelo &#8211; 3er Puesto: Perdedor Semi 1 vs Perdedor Semi 2<\/strong><\/td>\n<\/tr>\n<p>&#13;<\/p>\n<tr height=\"undefined\" style=\"height: 15.5pt;\">&#13;<\/p>\n<td width=\"115\" height=\"21\" style=\"border-width: 0px 0.5pt 0.5pt; border-style: none solid solid; border-color: black windowtext windowtext; width: 87pt; height: 15.5pt; background-color: #f2fa86;\"><strong>Hora<\/strong><\/td>\n<p>&#13;<\/p>\n<td width=\"115\" style=\"border-width: 0px 0.5pt 0.5pt 0px; border-style: none solid solid none; border-color: #333333 windowtext windowtext #333333; width: 87pt; background-color: #f2fa86;\"><strong>Resultado<\/strong><\/td>\n<p>&#13;<\/p>\n<td width=\"195\" style=\"border-width: 0px 0.5pt 0.5pt 0px; border-style: none solid solid none; border-color: #333333 windowtext windowtext #333333; width: 146pt; background-color: #f2fa86;\"><strong>MVP<\/strong><\/td>\n<p>&#13;<\/p>\n<td width=\"195\" style=\"border-width: 0px 0.5pt 0.5pt 0px; border-style: none solid solid none; border-color: #333333 windowtext windowtext #333333; width: 146pt; background-color: #f2fa86;\"><strong>Pabell\u00f3n<\/strong><\/td>\n<\/tr>\n<p>&#13;<\/p>\n<tr height=\"undefined\" style=\"height: 15.5pt;\">&#13;<\/p>\n<td width=\"115\" height=\"21\" style=\"border-width: 0px 0.5pt 0.5pt; border-style: none solid solid; border-color: black windowtext windowtext; width: 87pt; height: 15.5pt; background-color: #f2fa86;\">15:00 h.<\/td>\n<p>&#13;<\/p>\n<td width=\"115\" style=\"border-width: 0px 0.5pt 0.5pt 0px; border-style: none solid solid none; border-color: blue windowtext windowtext blue; width: 87pt; background-color: #f2fa86;\">&#8212;&#8211;<\/td>\n<p>&#13;<\/p>\n<td width=\"195\" style=\"border-width: 0px 0.5pt 0.5pt 0px; border-style: none solid solid none; border-color: black windowtext windowtext black; width: 146pt; background-color: #f2fa86;\">&#8212;&#8212;&#8212;-<\/td>\n<p>&#13;<\/p>\n<td width=\"195\" style=\"border-width: 0px 0.5pt 0.5pt 0px; border-style: none solid solid none; border-color: #333333 windowtext windowtext #333333; width: 146pt; background-color: #f2fa86;\">Z\u00e9 Natario (Monserrate)<\/td>\n<\/tr>\n<p>&#13;<\/p>\n<tr height=\"undefined\" style=\"height: 14.5pt;\">&#13;<\/p>\n<td height=\"19\" style=\"border-width: 0px; border-style: none; border-color: black; height: 14.5pt; background-color: transparent;\"\/>&#13;<\/p>\n<td style=\"border-width: 0px; border-style: none; border-color: black; background-color: transparent;\"\/>&#13;<\/p>\n<td style=\"border-width: 0px; border-style: none; border-color: black; background-color: transparent;\"\/>&#13;<\/p>\n<td style=\"border-width: 0px; border-style: none; border-color: black; background-color: transparent;\"\/><\/tr>\n<p>&#13;<\/p>\n<tr height=\"undefined\" style=\"height: 15.5pt;\">&#13;<\/p>\n<td width=\"620\" height=\"21\" colspan=\"4\" style=\"border-width: 0.5pt; border-style: solid; border-color: windowtext black windowtext windowtext; width: 466pt; height: 15.5pt; background-color: #ffc000;\"><strong>IV Torneo Viana do Castelo &#8211; Final: Vencedor S1 vs Vencedor S2<\/strong><\/td>\n<\/tr>\n<p>&#13;<\/p>\n<tr height=\"undefined\" style=\"height: 15.5pt;\">&#13;<\/p>\n<td width=\"115\" height=\"21\" style=\"border-width: 0px 0.5pt 0.5pt; border-style: none solid solid; border-color: black windowtext windowtext; width: 87pt; height: 15.5pt; background-color: #f2fa86;\"><strong>Hora<\/strong><\/td>\n<p>&#13;<\/p>\n<td width=\"115\" style=\"border-width: 0px 0.5pt 0.5pt 0px; border-style: none solid solid none; border-color: #333333 windowtext windowtext #333333; width: 87pt; background-color: #f2fa86;\"><strong>Resultado<\/strong><\/td>\n<p>&#13;<\/p>\n<td width=\"195\" style=\"border-width: 0px 0.5pt 0.5pt 0px; border-style: none solid solid none; border-color: #333333 windowtext windowtext #333333; width: 146pt; background-color: #f2fa86;\"><strong>MVP<\/strong><\/td>\n<p>&#13;<\/p>\n<td width=\"195\" style=\"border-width: 0px 0.5pt 0.5pt 0px; border-style: none solid solid none; border-color: #333333 windowtext windowtext #333333; width: 146pt; background-color: #f2fa86;\"><strong>Pabell\u00f3n<\/strong><\/td>\n<\/tr>\n<p>&#13;<\/p>\n<tr height=\"undefined\" style=\"height: 15.5pt;\">&#13;<\/p>\n<td width=\"115\" height=\"21\" style=\"border-width: 0px 0.5pt 0.5pt; border-style: none solid solid; border-color: black windowtext windowtext; width: 87pt; height: 15.5pt; background-color: #f2fa86;\">18:00 h.<\/td>\n<p>&#13;<\/p>\n<td width=\"115\" style=\"border-width: 0px 0.5pt 0.5pt 0px; border-style: none solid solid none; border-color: blue windowtext windowtext blue; width: 87pt; background-color: #f2fa86;\">&#8212;&#8211;<\/td>\n<p>&#13;<\/p>\n<td width=\"195\" style=\"border-width: 0px 0.5pt 0.5pt 0px; border-style: none solid solid none; border-color: black windowtext windowtext black; width: 146pt; background-color: #f2fa86;\">&#8212;&#8212;&#8212;-<\/td>\n<p>&#13;<\/p>\n<td width=\"195\" style=\"border-width: 0px 0.5pt 0.5pt 0px; border-style: none solid solid none; border-color: #333333 windowtext windowtext #333333; width: 146pt; background-color: #f2fa86;\">Z\u00e9 Natario (Monserrate)<\/td>\n<\/tr>\n<p>&#13;<\/p>\n<tr height=\"undefined\" style=\"height: 14.5pt;\">&#13;<\/p>\n<td height=\"19\" style=\"border-width: 0px; border-style: none; border-color: black; height: 14.5pt; background-color: transparent;\">&#13;\n<\/td>\n<\/tr>\n<p>&#13;<br \/>\n&#13;<\/p>\n<tr height=\"undefined\" style=\"height: 15.5pt;\">&#13;<\/p>\n<td width=\"620\" height=\"21\" colspan=\"4\" style=\"border-width: 0.5pt; border-style: solid; border-color: windowtext black windowtext windowtext; width: 466pt; height: 15.5pt; background-color: #ffc000;\"><strong>Copa Galicia &#8211; Final: Vencedor S1 vs Vencedor S2<\/strong><\/td>\n<\/tr>\n<p>&#13;<\/p>\n<tr height=\"undefined\" style=\"height: 15.5pt;\">&#13;<\/p>\n<td width=\"115\" height=\"21\" style=\"border-width: 0px 0.5pt 0.5pt; border-style: none solid solid; border-color: black windowtext windowtext; width: 87pt; height: 15.5pt; background-color: #f2fa86;\"><strong>Hora<\/strong><\/td>\n<p>&#13;<\/p>\n<td width=\"115\" style=\"border-width: 0px 0.5pt 0.5pt 0px; border-style: none solid solid none; border-color: #333333 windowtext windowtext #333333; width: 87pt; background-color: #f2fa86;\"><strong>Resultado<\/strong><\/td>\n<p>&#13;<\/p>\n<td width=\"195\" style=\"border-width: 0px 0.5pt 0.5pt 0px; border-style: none solid solid none; border-color: #333333 windowtext windowtext #333333; width: 146pt; background-color: #f2fa86;\"><strong>MVP<\/strong><\/td>\n<p>&#13;<\/p>\n<td width=\"195\" style=\"border-width: 0px 0.5pt 0.5pt 0px; border-style: none solid solid none; border-color: #333333 windowtext windowtext #333333; width: 146pt; background-color: #f2fa86;\"><strong>Pabell\u00f3n<\/strong><\/td>\n<\/tr>\n<p>&#13;<\/p>\n<tr height=\"undefined\" style=\"height: 15.5pt;\">&#13;<\/p>\n<td width=\"115\" height=\"21\" style=\"border-width: 0px 0.5pt 0.5pt; border-style: none solid solid; border-color: black windowtext windowtext; width: 87pt; height: 15.5pt; background-color: #f2fa86;\">19:00 h.<\/td>\n<p>&#13;<\/p>\n<td width=\"115\" style=\"border-width: 0px 0.5pt 0.5pt 0px; border-style: none solid solid none; border-color: blue windowtext windowtext blue; width: 87pt; background-color: #f2fa86;\">&#8212;&#8211;<\/td>\n<p>&#13;<\/p>\n<td width=\"195\" style=\"border-width: 0px 0.5pt 0.5pt 0px; border-style: none solid solid none; border-color: black windowtext windowtext black; width: 146pt; background-color: #f2fa86;\">&#8212;&#8212;&#8212;-<\/td>\n<p>&#13;<\/p>\n<td width=\"195\" style=\"border-width: 0px 0.5pt 0.5pt 0px; border-style: none solid solid none; border-color: #333333 windowtext windowtext #333333; width: 146pt; background-color: #f2fa86;\">Fontes do Sar (Santiago)<\/td>\n<\/tr>\n<p>&#13;<\/p>\n<tr height=\"undefined\" style=\"height: 14.5pt;\">&#13;<\/p>\n<td height=\"19\" style=\"border-width: 0px; border-style: none; border-color: black; height: 14.5pt; background-color: transparent;\"\/>&#13;<\/p>\n<td style=\"border-width: 0px; border-style: none; border-color: black; background-color: transparent;\"\/>&#13;<\/p>\n<td style=\"border-width: 0px; border-style: none; border-color: black; background-color: transparent;\"\/>&#13;<\/p>\n<td style=\"border-width: 0px; border-style: none; border-color: black; background-color: transparent;\"\/><\/tr>\n<p>&#13;<\/p>\n<tr height=\"undefined\" style=\"height: 15.5pt;\">&#13;<\/p>\n<td width=\"620\" height=\"21\" colspan=\"4\" style=\"border-width: 0.5pt; border-style: solid; border-color: windowtext black windowtext windowtext; width: 466pt; height: 15.5pt; background-color: #ffc000;\"><strong>Trofeo AON Illes Balears &#8211; J.1: Class Sant Antoni Ibiza vs Fibwi Mallorca Palma<\/strong><\/td>\n<\/tr>\n<p>&#13;<\/p>\n<tr height=\"undefined\" style=\"height: 15.5pt;\">&#13;<\/p>\n<td width=\"115\" height=\"21\" style=\"border-width: 0px 0.5pt 0.5pt; border-style: none solid solid; border-color: black windowtext windowtext; width: 87pt; height: 15.5pt; background-color: #f2fa86;\"><strong>Hora<\/strong><\/td>\n<p>&#13;<\/p>\n<td width=\"115\" style=\"border-width: 0px 0.5pt 0.5pt 0px; border-style: none solid solid none; border-color: #333333 windowtext windowtext #333333; width: 87pt; background-color: #f2fa86;\"><strong>Resultado<\/strong><\/td>\n<p>&#13;<\/p>\n<td width=\"195\" style=\"border-width: 0px 0.5pt 0.5pt 0px; border-style: none solid solid none; border-color: #333333 windowtext windowtext #333333; width: 146pt; background-color: #f2fa86;\"><strong>MVP<\/strong><\/td>\n<p>&#13;<\/p>\n<td width=\"195\" style=\"border-width: 0px 0.5pt 0.5pt 0px; border-style: none solid solid none; border-color: #333333 windowtext windowtext #333333; width: 146pt; background-color: #f2fa86;\"><strong>Pabell\u00f3n<\/strong><\/td>\n<\/tr>\n<p>&#13;<\/p>\n<tr height=\"undefined\" style=\"height: 15.5pt;\">&#13;<\/p>\n<td width=\"115\" height=\"21\" style=\"border-width: 0px 0.5pt 0.5pt; border-style: none solid solid; border-color: black windowtext windowtext; width: 87pt; height: 15.5pt; background-color: #f2fa86;\">19:00 h.<\/td>\n<p>&#13;<\/p>\n<td width=\"115\" style=\"border-width: 0px 0.5pt 0.5pt 0px; border-style: none solid solid none; border-color: blue windowtext windowtext blue; width: 87pt; background-color: #f2fa86;\">&#8212;&#8211;<\/td>\n<p>&#13;<\/p>\n<td width=\"195\" style=\"border-width: 0px 0.5pt 0.5pt 0px; border-style: none solid solid none; border-color: black windowtext windowtext black; width: 146pt; background-color: #f2fa86;\">&#8212;&#8212;&#8212;-<\/td>\n<p>&#13;<\/p>\n<td width=\"195\" style=\"border-width: 0px 0.5pt 0.5pt 0px; border-style: none solid solid none; border-color: #333333 windowtext windowtext #333333; width: 146pt; background-color: #f2fa86;\">Siroko Sa Pedrera (Ibiza)<\/td>\n<\/tr>\n<p>&#13;<\/p>\n<tr height=\"undefined\" style=\"height: 14.5pt;\">&#13;<\/p>\n<td height=\"19\" style=\"border-width: 0px; border-style: none; border-color: black; height: 14.5pt; background-color: transparent;\">&#13;\n<\/td>\n<p>&#13;<\/p>\n<td style=\"border-width: 0px; border-style: none; border-color: black; background-color: transparent;\"\/>&#13;<\/p>\n<td style=\"border-width: 0px; border-style: none; border-color: black; background-color: transparent;\"\/><\/tr>\n<p>&#13;<br \/>\n&#13;<\/p>\n<tr height=\"undefined\" style=\"height: 19pt;\">&#13;<\/p>\n<td height=\"25\" colspan=\"4\" style=\"border-width: 1pt; border-style: solid; border-color: windowtext black windowtext windowtext; height: 19pt; background-color: #e26b0a;\"><strong>Mi\u00e9rcoles 9 de septiembre de 2026<\/strong><\/td>\n<\/tr>\n<p>&#13;<\/p>\n<tr height=\"undefined\" style=\"height: 14.5pt;\">&#13;<\/p>\n<td height=\"19\" style=\"border-width: 0px; border-style: none; border-color: black; height: 14.5pt; background-color: transparent;\">&#13;\n<\/td>\n<p>&#13;<\/p>\n<td style=\"border-width: 0px; border-style: none; border-color: black; background-color: transparent;\"\/>&#13;<\/p>\n<td style=\"border-width: 0px; border-style: none; border-color: black; background-color: transparent;\"\/>&#13;<\/p>\n<td style=\"border-width: 0px; border-style: none; border-color: black; background-color: transparent;\"\/><\/tr>\n<p>&#13;<\/p>\n<tr height=\"undefined\" style=\"height: 15.5pt;\">&#13;<\/p>\n<td width=\"620\" height=\"21\" colspan=\"4\" style=\"border-width: 0.5pt; border-style: solid; border-color: windowtext black windowtext windowtext; width: 466pt; height: 15.5pt; background-color: #ffc000;\"><strong>Amistoso: Biele ISB vs Inveready Askatuak Gipuzkoa<\/strong><\/td>\n<\/tr>\n<p>&#13;<\/p>\n<tr height=\"undefined\" style=\"height: 15.5pt;\">&#13;<\/p>\n<td width=\"115\" height=\"21\" style=\"border-width: 0px 0.5pt 0.5pt; border-style: none solid solid; border-color: black windowtext windowtext; width: 87pt; height: 15.5pt; background-color: #f2fa86;\"><strong>Hora<\/strong><\/td>\n<p>&#13;<\/p>\n<td width=\"115\" style=\"border-width: 0px 0.5pt 0.5pt 0px; border-style: none solid solid none; border-color: #333333 windowtext windowtext #333333; width: 87pt; background-color: #f2fa86;\"><strong>Resultado<\/strong><\/td>\n<p>&#13;<\/p>\n<td width=\"195\" style=\"border-width: 0px 0.5pt 0.5pt 0px; border-style: none solid solid none; border-color: #333333 windowtext windowtext #333333; width: 146pt; background-color: #f2fa86;\"><strong>MVP<\/strong><\/td>\n<p>&#13;<\/p>\n<td width=\"195\" style=\"border-width: 0px 0.5pt 0.5pt 0px; border-style: none solid solid none; border-color: #333333 windowtext windowtext #333333; width: 146pt; background-color: #f2fa86;\"><strong>Pabell\u00f3n<\/strong><\/td>\n<\/tr>\n<p>&#13;<\/p>\n<tr height=\"undefined\" style=\"height: 15.5pt;\">&#13;<\/p>\n<td width=\"115\" height=\"21\" style=\"border-width: 0px 0.5pt 0.5pt; border-style: none solid solid; border-color: black windowtext windowtext; width: 87pt; height: 15.5pt; background-color: #f2fa86;\">18:00 h.<\/td>\n<p>&#13;<\/p>\n<td width=\"115\" style=\"border-width: 0px 0.5pt 0.5pt 0px; border-style: none solid solid none; border-color: blue windowtext windowtext blue; width: 87pt; background-color: #f2fa86;\">&#8212;&#8211;<\/td>\n<p>&#13;<\/p>\n<td width=\"195\" style=\"border-width: 0px 0.5pt 0.5pt 0px; border-style: none solid solid none; border-color: black windowtext windowtext black; width: 146pt; background-color: #f2fa86;\">&#8212;&#8212;&#8212;-<\/td>\n<p>&#13;<\/p>\n<td width=\"195\" style=\"border-width: 0px 0.5pt 0.5pt 0px; border-style: none solid solid none; border-color: #333333 windowtext windowtext #333333; width: 146pt; background-color: #f2fa86;\">Municipal (Azkoitia)<\/td>\n<\/tr>\n<p>&#13;<\/p>\n<tr height=\"undefined\" style=\"height: 14.5pt;\">&#13;<\/p>\n<td height=\"19\" style=\"border-width: 0px; border-style: none; border-color: black; height: 14.5pt; background-color: transparent;\"\/>&#13;<\/p>\n<td style=\"border-width: 0px; border-style: none; border-color: black; background-color: transparent;\"\/>&#13;<\/p>\n<td style=\"border-width: 0px; border-style: none; border-color: black; background-color: transparent;\"\/>&#13;<\/p>\n<td style=\"border-width: 0px; border-style: none; border-color: black; background-color: transparent;\"\/><\/tr>\n<p>&#13;<\/p>\n<tr height=\"undefined\" style=\"height: 15.5pt;\">&#13;<\/p>\n<td width=\"620\" height=\"21\" colspan=\"4\" style=\"border-width: 0.5pt; border-style: solid; border-color: windowtext black windowtext windowtext; width: 466pt; height: 15.5pt; background-color: #ffc000;\"><strong>Torneo de Feria: Bueno Arenas Albacete vs UCAM Murcia<\/strong><\/td>\n<\/tr>\n<p>&#13;<\/p>\n<tr height=\"undefined\" style=\"height: 15.5pt;\">&#13;<\/p>\n<td width=\"115\" height=\"21\" style=\"border-width: 0px 0.5pt 0.5pt; border-style: none solid solid; border-color: black windowtext windowtext; width: 87pt; height: 15.5pt; background-color: #f2fa86;\"><strong>Hora<\/strong><\/td>\n<p>&#13;<\/p>\n<td width=\"115\" style=\"border-width: 0px 0.5pt 0.5pt 0px; border-style: none solid solid none; border-color: #333333 windowtext windowtext #333333; width: 87pt; background-color: #f2fa86;\"><strong>Resultado<\/strong><\/td>\n<p>&#13;<\/p>\n<td width=\"195\" style=\"border-width: 0px 0.5pt 0.5pt 0px; border-style: none solid solid none; border-color: #333333 windowtext windowtext #333333; width: 146pt; background-color: #f2fa86;\"><strong>MVP<\/strong><\/td>\n<p>&#13;<\/p>\n<td width=\"195\" style=\"border-width: 0px 0.5pt 0.5pt 0px; border-style: none solid solid none; border-color: #333333 windowtext windowtext #333333; width: 146pt; background-color: #f2fa86;\"><strong>Pabell\u00f3n<\/strong><\/td>\n<\/tr>\n<p>&#13;<\/p>\n<tr height=\"undefined\" style=\"height: 15.5pt;\">&#13;<\/p>\n<td width=\"115\" height=\"21\" style=\"border-width: 0px 0.5pt 0.5pt; border-style: none solid solid; border-color: black windowtext windowtext; width: 87pt; height: 15.5pt; background-color: #f2fa86;\">19:00 h.<\/td>\n<p>&#13;<\/p>\n<td width=\"115\" style=\"border-width: 0px 0.5pt 0.5pt 0px; border-style: none solid solid none; border-color: blue windowtext windowtext blue; width: 87pt; background-color: #f2fa86;\">&#8212;&#8211;<\/td>\n<p>&#13;<\/p>\n<td width=\"195\" style=\"border-width: 0px 0.5pt 0.5pt 0px; border-style: none solid solid none; border-color: black windowtext windowtext black; width: 146pt; background-color: #f2fa86;\">&#8212;&#8212;&#8212;-<\/td>\n<p>&#13;<\/p>\n<td width=\"195\" style=\"border-width: 0px 0.5pt 0.5pt 0px; border-style: none solid solid none; border-color: #333333 windowtext windowtext #333333; width: 146pt; background-color: #f2fa86;\">El Parque (Albacete)<\/td>\n<\/tr>\n<p>&#13;<\/p>\n<tr height=\"undefined\" style=\"height: 14.5pt;\">&#13;<\/p>\n<td height=\"19\" style=\"border-width: 0px; border-style: none; border-color: black; height: 14.5pt; background-color: transparent;\">&#13;\n<\/td>\n<p>&#13;<\/p>\n<td style=\"border-width: 0px; border-style: none; border-color: black; background-color: transparent;\"\/>&#13;<\/p>\n<td style=\"border-width: 0px; border-style: none; border-color: black; background-color: transparent;\"\/><\/tr>\n<p>&#13;<br \/>\n&#13;<\/p>\n<tr height=\"undefined\" style=\"height: 15.5pt;\">&#13;<\/p>\n<td width=\"620\" height=\"21\" colspan=\"4\" style=\"border-width: 0.5pt; border-style: solid; border-color: windowtext black windowtext windowtext; width: 466pt; height: 15.5pt; background-color: #ffc000;\"><strong>Amistoso: Cultural y Deportiva Leonesa vs Grupo Alega Cantabria<\/strong><\/td>\n<\/tr>\n<p>&#13;<\/p>\n<tr height=\"undefined\" style=\"height: 15.5pt;\">&#13;<\/p>\n<td width=\"115\" height=\"21\" style=\"border-width: 0px 0.5pt 0.5pt; border-style: none solid solid; border-color: black windowtext windowtext; width: 87pt; height: 15.5pt; background-color: #f2fa86;\"><strong>Hora<\/strong><\/td>\n<p>&#13;<\/p>\n<td width=\"115\" style=\"border-width: 0px 0.5pt 0.5pt 0px; border-style: none solid solid none; border-color: #333333 windowtext windowtext #333333; width: 87pt; background-color: #f2fa86;\"><strong>Resultado<\/strong><\/td>\n<p>&#13;<\/p>\n<td width=\"195\" style=\"border-width: 0px 0.5pt 0.5pt 0px; border-style: none solid solid none; border-color: #333333 windowtext windowtext #333333; width: 146pt; background-color: #f2fa86;\"><strong>MVP<\/strong><\/td>\n<p>&#13;<\/p>\n<td width=\"195\" style=\"border-width: 0px 0.5pt 0.5pt 0px; border-style: none solid solid none; border-color: #333333 windowtext windowtext #333333; width: 146pt; background-color: #f2fa86;\"><strong>Pabell\u00f3n<\/strong><\/td>\n<\/tr>\n<p>&#13;<\/p>\n<tr height=\"undefined\" style=\"height: 15.5pt;\">&#13;<\/p>\n<td width=\"115\" height=\"21\" style=\"border-width: 0px 0.5pt 0.5pt; border-style: none solid solid; border-color: black windowtext windowtext; width: 87pt; height: 15.5pt; background-color: #f2fa86;\">19:30 h.<\/td>\n<p>&#13;<\/p>\n<td width=\"115\" style=\"border-width: 0px 0.5pt 0.5pt 0px; border-style: none solid solid none; border-color: blue windowtext windowtext blue; width: 87pt; background-color: #f2fa86;\">&#8212;&#8211;<\/td>\n<p>&#13;<\/p>\n<td width=\"195\" style=\"border-width: 0px 0.5pt 0.5pt 0px; border-style: none solid solid none; border-color: black windowtext windowtext black; width: 146pt; background-color: #f2fa86;\">&#8212;&#8212;&#8212;-<\/td>\n<p>&#13;<\/p>\n<td width=\"195\" style=\"border-width: 0px 0.5pt 0.5pt 0px; border-style: none solid solid none; border-color: #333333 windowtext windowtext #333333; width: 146pt; background-color: #f2fa86;\">Felipe Mi\u00f1ambres (Astorga)<\/td>\n<\/tr>\n<p>&#13;<\/p>\n<tr height=\"undefined\" style=\"height: 14.5pt;\">&#13;<\/p>\n<td height=\"19\" style=\"border-width: 0px; border-style: none; border-color: black; height: 14.5pt; background-color: transparent;\"\/>&#13;<\/p>\n<td style=\"border-width: 0px; border-style: none; border-color: black; background-color: transparent;\"\/>&#13;<\/p>\n<td style=\"border-width: 0px; border-style: none; border-color: black; background-color: transparent;\"\/>&#13;<\/p>\n<td style=\"border-width: 0px; border-style: none; border-color: black; background-color: transparent;\"\/><\/tr>\n<p>&#13;<\/p>\n<tr height=\"undefined\" style=\"height: 15.5pt;\">&#13;<\/p>\n<td width=\"620\" height=\"21\" colspan=\"4\" style=\"border-width: 0.5pt; border-style: solid; border-color: windowtext black windowtext windowtext; width: 466pt; height: 15.5pt; background-color: #ffc000;\"><strong>Torneo de Fiestas: Flexicar Fuenlabrada vs Gran Canaria<\/strong><\/td>\n<\/tr>\n<p>&#13;<\/p>\n<tr height=\"undefined\" style=\"height: 15.5pt;\">&#13;<\/p>\n<td width=\"115\" height=\"21\" style=\"border-width: 0px 0.5pt 0.5pt; border-style: none solid solid; border-color: black windowtext windowtext; width: 87pt; height: 15.5pt; background-color: #f2fa86;\"><strong>Hora<\/strong><\/td>\n<p>&#13;<\/p>\n<td width=\"115\" style=\"border-width: 0px 0.5pt 0.5pt 0px; border-style: none solid solid none; border-color: #333333 windowtext windowtext #333333; width: 87pt; background-color: #f2fa86;\"><strong>Resultado<\/strong><\/td>\n<p>&#13;<\/p>\n<td width=\"195\" style=\"border-width: 0px 0.5pt 0.5pt 0px; border-style: none solid solid none; border-color: #333333 windowtext windowtext #333333; width: 146pt; background-color: #f2fa86;\"><strong>MVP<\/strong><\/td>\n<p>&#13;<\/p>\n<td width=\"195\" style=\"border-width: 0px 0.5pt 0.5pt 0px; border-style: none solid solid none; border-color: #333333 windowtext windowtext #333333; width: 146pt; background-color: #f2fa86;\"><strong>Pabell\u00f3n<\/strong><\/td>\n<\/tr>\n<p>&#13;<\/p>\n<tr height=\"undefined\" style=\"height: 15.5pt;\">&#13;<\/p>\n<td width=\"115\" height=\"21\" style=\"border-width: 0px 0.5pt 0.5pt; border-style: none solid solid; border-color: black windowtext windowtext; width: 87pt; height: 15.5pt; background-color: #f2fa86;\">20:30 h.<\/td>\n<p>&#13;<\/p>\n<td width=\"115\" style=\"border-width: 0px 0.5pt 0.5pt 0px; border-style: none solid solid none; border-color: blue windowtext windowtext blue; width: 87pt; background-color: #f2fa86;\">&#8212;&#8211;<\/td>\n<p>&#13;<\/p>\n<td width=\"195\" style=\"border-width: 0px 0.5pt 0.5pt 0px; border-style: none solid solid none; border-color: black windowtext windowtext black; width: 146pt; background-color: #f2fa86;\">&#8212;&#8212;&#8212;-<\/td>\n<p>&#13;<\/p>\n<td width=\"195\" style=\"border-width: 0px 0.5pt 0.5pt 0px; border-style: none solid solid none; border-color: #333333 windowtext windowtext #333333; width: 146pt; background-color: #f2fa86;\">F. Mart\u00edn (Fuenlabrada)<\/td>\n<\/tr>\n<p>&#13;<\/p>\n<tr height=\"undefined\" style=\"height: 14.5pt;\">&#13;<\/p>\n<td height=\"19\" style=\"border-width: 0px; border-style: none; border-color: black; height: 14.5pt; background-color: transparent;\">&#13;\n<\/td>\n<\/tr>\n<p><\/p>\n<p>&#13;<br \/>\n&#13;<\/p>\n<tr height=\"undefined\" style=\"height: 19pt;\">&#13;<\/p>\n<td height=\"25\" colspan=\"4\" style=\"border-width: 1pt; border-style: solid; border-color: windowtext black windowtext windowtext; height: 19pt; background-color: #e26b0a;\"><strong>Viernes 11 de septiembre de 2026<\/strong><\/td>\n<\/tr>\n<p>&#13;<\/p>\n<tr height=\"undefined\" style=\"height: 14.5pt;\">&#13;<\/p>\n<td height=\"19\" style=\"border-width: 0px; border-style: none; border-color: black; height: 14.5pt; background-color: transparent;\">&#13;\n<\/td>\n<p>&#13;<\/p>\n<td style=\"border-width: 0px; border-style: none; border-color: black; background-color: transparent;\"\/>&#13;<\/p>\n<td style=\"border-width: 0px; border-style: none; border-color: black; background-color: transparent;\"\/>&#13;<\/p>\n<td style=\"border-width: 0px; border-style: none; border-color: black; background-color: transparent;\"\/><\/tr>\n<p>&#13;<\/p>\n<tr height=\"undefined\" style=\"height: 15.5pt;\">&#13;<\/p>\n<td width=\"620\" height=\"21\" colspan=\"4\" style=\"border-width: 0.5pt; border-style: solid; border-color: windowtext black windowtext windowtext; width: 466pt; height: 15.5pt; background-color: #ffc000;\"><strong>Trofeo AON Illes Balears J.2: B\u00e0squet Menorca vs Fibwi Mallorca Palma<\/strong><\/td>\n<\/tr>\n<p>&#13;<\/p>\n<tr height=\"undefined\" style=\"height: 15.5pt;\">&#13;<\/p>\n<td width=\"115\" height=\"21\" style=\"border-width: 0px 0.5pt 0.5pt; border-style: none solid solid; border-color: black windowtext windowtext; width: 87pt; height: 15.5pt; background-color: #f2fa86;\"><strong>Hora<\/strong><\/td>\n<p>&#13;<\/p>\n<td width=\"115\" style=\"border-width: 0px 0.5pt 0.5pt 0px; border-style: none solid solid none; border-color: #333333 windowtext windowtext #333333; width: 87pt; background-color: #f2fa86;\"><strong>Resultado<\/strong><\/td>\n<p>&#13;<\/p>\n<td width=\"195\" style=\"border-width: 0px 0.5pt 0.5pt 0px; border-style: none solid solid none; border-color: #333333 windowtext windowtext #333333; width: 146pt; background-color: #f2fa86;\"><strong>MVP<\/strong><\/td>\n<p>&#13;<\/p>\n<td width=\"195\" style=\"border-width: 0px 0.5pt 0.5pt 0px; border-style: none solid solid none; border-color: #333333 windowtext windowtext #333333; width: 146pt; background-color: #f2fa86;\"><strong>Pabell\u00f3n<\/strong><\/td>\n<\/tr>\n<p>&#13;<\/p>\n<tr height=\"undefined\" style=\"height: 15.5pt;\">&#13;<\/p>\n<td width=\"115\" height=\"21\" style=\"border-width: 0px 0.5pt 0.5pt; border-style: none solid solid; border-color: black windowtext windowtext; width: 87pt; height: 15.5pt; background-color: #f2fa86;\">18:30 h.<\/td>\n<p>&#13;<\/p>\n<td width=\"115\" style=\"border-width: 0px 0.5pt 0.5pt 0px; border-style: none solid solid none; border-color: blue windowtext windowtext blue; width: 87pt; background-color: #f2fa86;\">&#8212;&#8211;<\/td>\n<p>&#13;<\/p>\n<td width=\"195\" style=\"border-width: 0px 0.5pt 0.5pt 0px; border-style: none solid solid none; border-color: black windowtext windowtext black; width: 146pt; background-color: #f2fa86;\">&#8212;&#8212;&#8212;-<\/td>\n<p>&#13;<\/p>\n<td width=\"195\" style=\"border-width: 0px 0.5pt 0.5pt 0px; border-style: none solid solid none; border-color: #333333 windowtext windowtext #333333; width: 146pt; background-color: #f2fa86;\">Pavell\u00f3 Menorca (Mah\u00f3n)<\/td>\n<\/tr>\n<p>&#13;<\/p>\n<tr height=\"undefined\" style=\"height: 14.5pt;\">&#13;<\/p>\n<td height=\"19\" style=\"border-width: 0px; border-style: none; border-color: black; height: 14.5pt; background-color: transparent;\"\/>&#13;<\/p>\n<td style=\"border-width: 0px; border-style: none; border-color: black; background-color: transparent;\"\/>&#13;<\/p>\n<td style=\"border-width: 0px; border-style: none; border-color: black; background-color: transparent;\"\/>&#13;<\/p>\n<td style=\"border-width: 0px; border-style: none; border-color: black; background-color: transparent;\"\/><\/tr>\n<p>&#13;<\/p>\n<tr height=\"undefined\" style=\"height: 15.5pt;\">&#13;<\/p>\n<td width=\"620\" height=\"21\" colspan=\"4\" style=\"border-width: 0.5pt; border-style: solid; border-color: windowtext black windowtext windowtext; width: 466pt; height: 15.5pt; background-color: #ffc000;\"><strong>Torneo AdmiralBet Open Air: Partizan Mozart Bet vs Flexicar Fuenlabrada<\/strong><\/td>\n<\/tr>\n<p>&#13;<\/p>\n<tr height=\"undefined\" style=\"height: 15.5pt;\">&#13;<\/p>\n<td width=\"115\" height=\"21\" style=\"border-width: 0px 0.5pt 0.5pt; border-style: none solid solid; border-color: black windowtext windowtext; width: 87pt; height: 15.5pt; background-color: #f2fa86;\"><strong>Hora<\/strong><\/td>\n<p>&#13;<\/p>\n<td width=\"115\" style=\"border-width: 0px 0.5pt 0.5pt 0px; border-style: none solid solid none; border-color: #333333 windowtext windowtext #333333; width: 87pt; background-color: #f2fa86;\"><strong>Resultado<\/strong><\/td>\n<p>&#13;<\/p>\n<td width=\"195\" style=\"border-width: 0px 0.5pt 0.5pt 0px; border-style: none solid solid none; border-color: #333333 windowtext windowtext #333333; width: 146pt; background-color: #f2fa86;\"><strong>MVP<\/strong><\/td>\n<p>&#13;<\/p>\n<td width=\"195\" style=\"border-width: 0px 0.5pt 0.5pt 0px; border-style: none solid solid none; border-color: #333333 windowtext windowtext #333333; width: 146pt; background-color: #f2fa86;\"><strong>Pabell\u00f3n<\/strong><\/td>\n<\/tr>\n<p>&#13;<\/p>\n<tr height=\"undefined\" style=\"height: 15.5pt;\">&#13;<\/p>\n<td width=\"115\" height=\"21\" style=\"border-width: 0px 0.5pt 0.5pt; border-style: none solid solid; border-color: black windowtext windowtext; width: 87pt; height: 15.5pt; background-color: #f2fa86;\">19:30 h.<\/td>\n<p>&#13;<\/p>\n<td width=\"115\" style=\"border-width: 0px 0.5pt 0.5pt 0px; border-style: none solid solid none; border-color: blue windowtext windowtext blue; width: 87pt; background-color: #f2fa86;\">&#8212;&#8211;<\/td>\n<p>&#13;<\/p>\n<td width=\"195\" style=\"border-width: 0px 0.5pt 0.5pt 0px; border-style: none solid solid none; border-color: black windowtext windowtext black; width: 146pt; background-color: #f2fa86;\">&#8212;&#8212;&#8212;-<\/td>\n<p>&#13;<\/p>\n<td width=\"195\" style=\"border-width: 0px 0.5pt 0.5pt 0px; border-style: none solid solid none; border-color: #333333 windowtext windowtext #333333; width: 146pt; background-color: #f2fa86;\">Belgrado (Serbia)<\/td>\n<\/tr>\n<p>&#13;<\/p>\n<tr height=\"undefined\" style=\"height: 14.5pt;\">&#13;<\/p>\n<td height=\"19\" style=\"border-width: 0px; border-style: none; border-color: black; height: 14.5pt; background-color: transparent;\">&#13;\n<\/td>\n<p>&#13;<\/p>\n<td style=\"border-width: 0px; border-style: none; border-color: black; background-color: transparent;\"\/>&#13;<\/p>\n<td style=\"border-width: 0px; border-style: none; border-color: black; background-color: transparent;\"\/><\/tr>\n<p>&#13;<br \/>\n&#13;<\/p>\n<tr height=\"undefined\" style=\"height: 15.5pt;\">&#13;<\/p>\n<td width=\"620\" height=\"21\" colspan=\"4\" style=\"border-width: 0.5pt; border-style: solid; border-color: windowtext black windowtext windowtext; width: 466pt; height: 15.5pt; background-color: #ffc000;\"><strong>Amistoso: Palencia Baloncesto vs Movistar Estudiantes<\/strong><\/td>\n<\/tr>\n<p>&#13;<\/p>\n<tr height=\"undefined\" style=\"height: 15.5pt;\">&#13;<\/p>\n<td width=\"115\" height=\"21\" style=\"border-width: 0px 0.5pt 0.5pt; border-style: none solid solid; border-color: black windowtext windowtext; width: 87pt; height: 15.5pt; background-color: #f2fa86;\"><strong>Hora<\/strong><\/td>\n<p>&#13;<\/p>\n<td width=\"115\" style=\"border-width: 0px 0.5pt 0.5pt 0px; border-style: none solid solid none; border-color: #333333 windowtext windowtext #333333; width: 87pt; background-color: #f2fa86;\"><strong>Resultado<\/strong><\/td>\n<p>&#13;<\/p>\n<td width=\"195\" style=\"border-width: 0px 0.5pt 0.5pt 0px; border-style: none solid solid none; border-color: #333333 windowtext windowtext #333333; width: 146pt; background-color: #f2fa86;\"><strong>MVP<\/strong><\/td>\n<p>&#13;<\/p>\n<td width=\"195\" style=\"border-width: 0px 0.5pt 0.5pt 0px; border-style: none solid solid none; border-color: #333333 windowtext windowtext #333333; width: 146pt; background-color: #f2fa86;\"><strong>Pabell\u00f3n<\/strong><\/td>\n<\/tr>\n<p>&#13;<\/p>\n<tr height=\"undefined\" style=\"height: 15.5pt;\">&#13;<\/p>\n<td width=\"115\" height=\"21\" style=\"border-width: 0px 0.5pt 0.5pt; border-style: none solid solid; border-color: black windowtext windowtext; width: 87pt; height: 15.5pt; background-color: #f2fa86;\">20:30 h.<\/td>\n<p>&#13;<\/p>\n<td width=\"115\" style=\"border-width: 0px 0.5pt 0.5pt 0px; border-style: none solid solid none; border-color: blue windowtext windowtext blue; width: 87pt; background-color: #f2fa86;\">&#8212;&#8211;<\/td>\n<p>&#13;<\/p>\n<td width=\"195\" style=\"border-width: 0px 0.5pt 0.5pt 0px; border-style: none solid solid none; border-color: black windowtext windowtext black; width: 146pt; background-color: #f2fa86;\">&#8212;&#8212;&#8212;-<\/td>\n<p>&#13;<\/p>\n<td width=\"195\" style=\"border-width: 0px 0.5pt 0.5pt 0px; border-style: none solid solid none; border-color: #333333 windowtext windowtext #333333; width: 146pt; background-color: #f2fa86;\">Municipal (Palencia)<\/td>\n<\/tr>\n<p>&#13;<\/p>\n<tr height=\"undefined\" style=\"height: 14.5pt;\">&#13;<\/p>\n<td height=\"19\" style=\"border-width: 0px; border-style: none; border-color: black; height: 14.5pt; background-color: transparent;\"\/>&#13;<\/p>\n<td style=\"border-width: 0px; border-style: none; border-color: black; background-color: transparent;\"\/>&#13;<\/p>\n<td style=\"border-width: 0px; border-style: none; border-color: black; background-color: transparent;\"\/>&#13;<\/p>\n<td style=\"border-width: 0px; border-style: none; border-color: black; background-color: transparent;\"\/><\/tr>\n<p>&#13;<\/p>\n<tr height=\"undefined\" style=\"height: 15.5pt;\">&#13;<\/p>\n<td width=\"620\" height=\"21\" colspan=\"4\" style=\"border-width: 0.5pt; border-style: solid; border-color: windowtext black windowtext windowtext; width: 466pt; height: 15.5pt; background-color: #ffc000;\"><strong>Amistoso: Grupo Ureta Tizona vs Gran Canaria<\/strong><\/td>\n<\/tr>\n<p>&#13;<\/p>\n<tr height=\"undefined\" style=\"height: 15.5pt;\">&#13;<\/p>\n<td width=\"115\" height=\"21\" style=\"border-width: 0px 0.5pt 0.5pt; border-style: none solid solid; border-color: black windowtext windowtext; width: 87pt; height: 15.5pt; background-color: #f2fa86;\"><strong>Hora<\/strong><\/td>\n<p>&#13;<\/p>\n<td width=\"115\" style=\"border-width: 0px 0.5pt 0.5pt 0px; border-style: none solid solid none; border-color: #333333 windowtext windowtext #333333; width: 87pt; background-color: #f2fa86;\"><strong>Resultado<\/strong><\/td>\n<p>&#13;<\/p>\n<td width=\"195\" style=\"border-width: 0px 0.5pt 0.5pt 0px; border-style: none solid solid none; border-color: #333333 windowtext windowtext #333333; width: 146pt; background-color: #f2fa86;\"><strong>MVP<\/strong><\/td>\n<p>&#13;<\/p>\n<td width=\"195\" style=\"border-width: 0px 0.5pt 0.5pt 0px; border-style: none solid solid none; border-color: #333333 windowtext windowtext #333333; width: 146pt; background-color: #f2fa86;\"><strong>Pabell\u00f3n<\/strong><\/td>\n<\/tr>\n<p>&#13;<\/p>\n<tr height=\"undefined\" style=\"height: 15.5pt;\">&#13;<\/p>\n<td width=\"115\" height=\"21\" style=\"border-width: 0px 0.5pt 0.5pt; border-style: none solid solid; border-color: black windowtext windowtext; width: 87pt; height: 15.5pt; background-color: #f2fa86;\">20:45 h.<\/td>\n<p>&#13;<\/p>\n<td width=\"115\" style=\"border-width: 0px 0.5pt 0.5pt 0px; border-style: none solid solid none; border-color: blue windowtext windowtext blue; width: 87pt; background-color: #f2fa86;\">&#8212;&#8211;<\/td>\n<p>&#13;<\/p>\n<td width=\"195\" style=\"border-width: 0px 0.5pt 0.5pt 0px; border-style: none solid solid none; border-color: black windowtext windowtext black; width: 146pt; background-color: #f2fa86;\">&#8212;&#8212;&#8212;-<\/td>\n<p>&#13;<\/p>\n<td width=\"195\" style=\"border-width: 0px 0.5pt 0.5pt 0px; border-style: none solid solid none; border-color: #333333 windowtext windowtext #333333; width: 146pt; background-color: #f2fa86;\">El Plant\u00edo (Burgos)<\/td>\n<\/tr>\n<p>&#13;<\/p>\n<tr height=\"undefined\" style=\"height: 14.5pt;\">&#13;<\/p>\n<td height=\"19\" style=\"border-width: 0px; border-style: none; border-color: black; height: 14.5pt; background-color: transparent;\">&#13;\n<\/td>\n<\/tr>\n<p><\/p>\n<p>&#13;<br \/>\n&#13;<\/p>\n<tr height=\"undefined\" style=\"height: 19pt;\">&#13;<\/p>\n<td height=\"25\" colspan=\"4\" style=\"border-width: 1pt; border-style: solid; border-color: windowtext black windowtext windowtext; height: 19pt; background-color: #e26b0a;\"><strong>S\u00e1bado 12 de septiembre de 2026<\/strong><\/td>\n<\/tr>\n<p>&#13;<\/p>\n<tr height=\"undefined\" style=\"height: 14.5pt;\">&#13;<\/p>\n<td height=\"19\" style=\"border-width: 0px; border-style: none; border-color: black; height: 14.5pt; background-color: transparent;\">&#13;\n<\/td>\n<p>&#13;<\/p>\n<td style=\"border-width: 0px; border-style: none; border-color: black; background-color: transparent;\"\/>&#13;<\/p>\n<td style=\"border-width: 0px; border-style: none; border-color: black; background-color: transparent;\"\/>&#13;<\/p>\n<td style=\"border-width: 0px; border-style: none; border-color: black; background-color: transparent;\"\/><\/tr>\n<p>&#13;<\/p>\n<tr height=\"undefined\" style=\"height: 15.5pt;\">&#13;<\/p>\n<td width=\"620\" height=\"21\" colspan=\"4\" style=\"border-width: 0.5pt; border-style: solid; border-color: windowtext black windowtext windowtext; width: 466pt; height: 15.5pt; background-color: #ffc000;\"><strong>Trofeo Diputaci\u00f3n: Caja Rural Zamora vs Ourense Baloncesto<\/strong><\/td>\n<\/tr>\n<p>&#13;<\/p>\n<tr height=\"undefined\" style=\"height: 15.5pt;\">&#13;<\/p>\n<td width=\"115\" height=\"21\" style=\"border-width: 0px 0.5pt 0.5pt; border-style: none solid solid; border-color: black windowtext windowtext; width: 87pt; height: 15.5pt; background-color: #f2fa86;\"><strong>Hora<\/strong><\/td>\n<p>&#13;<\/p>\n<td width=\"115\" style=\"border-width: 0px 0.5pt 0.5pt 0px; border-style: none solid solid none; border-color: #333333 windowtext windowtext #333333; width: 87pt; background-color: #f2fa86;\"><strong>Resultado<\/strong><\/td>\n<p>&#13;<\/p>\n<td width=\"195\" style=\"border-width: 0px 0.5pt 0.5pt 0px; border-style: none solid solid none; border-color: #333333 windowtext windowtext #333333; width: 146pt; background-color: #f2fa86;\"><strong>MVP<\/strong><\/td>\n<p>&#13;<\/p>\n<td width=\"195\" style=\"border-width: 0px 0.5pt 0.5pt 0px; border-style: none solid solid none; border-color: #333333 windowtext windowtext #333333; width: 146pt; background-color: #f2fa86;\"><strong>Pabell\u00f3n<\/strong><\/td>\n<\/tr>\n<p>&#13;<\/p>\n<tr height=\"undefined\" style=\"height: 15.5pt;\">&#13;<\/p>\n<td width=\"115\" height=\"21\" style=\"border-width: 0px 0.5pt 0.5pt; border-style: none solid solid; border-color: black windowtext windowtext; width: 87pt; height: 15.5pt; background-color: #f2fa86;\">17:00 h.<\/td>\n<p>&#13;<\/p>\n<td width=\"115\" style=\"border-width: 0px 0.5pt 0.5pt 0px; border-style: none solid solid none; border-color: blue windowtext windowtext blue; width: 87pt; background-color: #f2fa86;\">&#8212;&#8211;<\/td>\n<p>&#13;<\/p>\n<td width=\"195\" style=\"border-width: 0px 0.5pt 0.5pt 0px; border-style: none solid solid none; border-color: black windowtext windowtext black; width: 146pt; background-color: #f2fa86;\">&#8212;&#8212;&#8212;-<\/td>\n<p>&#13;<\/p>\n<td width=\"195\" style=\"border-width: 0px 0.5pt 0.5pt 0px; border-style: none solid solid none; border-color: #333333 windowtext windowtext #333333; width: 146pt; background-color: #f2fa86;\">\u00c1ngel Nieto (Zamora)<\/td>\n<\/tr>\n<p>&#13;<\/p>\n<tr height=\"undefined\" style=\"height: 14.5pt;\">&#13;<\/p>\n<td height=\"19\" style=\"border-width: 0px; border-style: none; border-color: black; height: 14.5pt; background-color: transparent;\"\/>&#13;<\/p>\n<td style=\"border-width: 0px; border-style: none; border-color: black; background-color: transparent;\"\/>&#13;<\/p>\n<td style=\"border-width: 0px; border-style: none; border-color: black; background-color: transparent;\"\/>&#13;<\/p>\n<td style=\"border-width: 0px; border-style: none; border-color: black; background-color: transparent;\"\/><\/tr>\n<p>&#13;<\/p>\n<tr height=\"undefined\" style=\"height: 15.5pt;\">&#13;<\/p>\n<td width=\"620\" height=\"21\" colspan=\"4\" style=\"border-width: 0.5pt; border-style: solid; border-color: windowtext black windowtext windowtext; width: 466pt; height: 15.5pt; background-color: #ffc000;\"><strong>Amistoso: HLA Alicante vs Covir\u00e1n Granada<\/strong><\/td>\n<\/tr>\n<p>&#13;<\/p>\n<tr height=\"undefined\" style=\"height: 15.5pt;\">&#13;<\/p>\n<td width=\"115\" height=\"21\" style=\"border-width: 0px 0.5pt 0.5pt; border-style: none solid solid; border-color: black windowtext windowtext; width: 87pt; height: 15.5pt; background-color: #f2fa86;\"><strong>Hora<\/strong><\/td>\n<p>&#13;<\/p>\n<td width=\"115\" style=\"border-width: 0px 0.5pt 0.5pt 0px; border-style: none solid solid none; border-color: #333333 windowtext windowtext #333333; width: 87pt; background-color: #f2fa86;\"><strong>Resultado<\/strong><\/td>\n<p>&#13;<\/p>\n<td width=\"195\" style=\"border-width: 0px 0.5pt 0.5pt 0px; border-style: none solid solid none; border-color: #333333 windowtext windowtext #333333; width: 146pt; background-color: #f2fa86;\"><strong>MVP<\/strong><\/td>\n<p>&#13;<\/p>\n<td width=\"195\" style=\"border-width: 0px 0.5pt 0.5pt 0px; border-style: none solid solid none; border-color: #333333 windowtext windowtext #333333; width: 146pt; background-color: #f2fa86;\"><strong>Pabell\u00f3n<\/strong><\/td>\n<\/tr>\n<p>&#13;<\/p>\n<tr height=\"undefined\" style=\"height: 15.5pt;\">&#13;<\/p>\n<td width=\"115\" height=\"21\" style=\"border-width: 0px 0.5pt 0.5pt; border-style: none solid solid; border-color: black windowtext windowtext; width: 87pt; height: 15.5pt; background-color: #f2fa86;\">19:00 h.<\/td>\n<p>&#13;<\/p>\n<td width=\"115\" style=\"border-width: 0px 0.5pt 0.5pt 0px; border-style: none solid solid none; border-color: blue windowtext windowtext blue; width: 87pt; background-color: #f2fa86;\">&#8212;&#8211;<\/td>\n<p>&#13;<\/p>\n<td width=\"195\" style=\"border-width: 0px 0.5pt 0.5pt 0px; border-style: none solid solid none; border-color: black windowtext windowtext black; width: 146pt; background-color: #f2fa86;\">&#8212;&#8212;&#8212;-<\/td>\n<p>&#13;<\/p>\n<td width=\"195\" style=\"border-width: 0px 0.5pt 0.5pt 0px; border-style: none solid solid none; border-color: #333333 windowtext windowtext #333333; width: 146pt; background-color: #f2fa86;\">Pedro Fer\u00e1ndiz (Alicante)<\/td>\n<\/tr>\n<p>&#13;<\/p>\n<tr height=\"undefined\" style=\"height: 14.5pt;\">&#13;<\/p>\n<td height=\"19\" style=\"border-width: 0px; border-style: none; border-color: black; height: 14.5pt; background-color: transparent;\">&#13;\n<\/td>\n<p>&#13;<\/p>\n<td style=\"border-width: 0px; border-style: none; border-color: black; background-color: transparent;\"\/>&#13;<\/p>\n<td style=\"border-width: 0px; border-style: none; border-color: black; background-color: transparent;\"\/><\/tr>\n<p>&#13;<br \/>\n&#13;<\/p>\n<tr height=\"undefined\" style=\"height: 15.5pt;\">&#13;<\/p>\n<td width=\"620\" height=\"21\" colspan=\"4\" style=\"border-width: 0.5pt; border-style: solid; border-color: windowtext black windowtext windowtext; width: 466pt; height: 15.5pt; background-color: #ffc000;\"><strong>Amistoso: Grupo Alega Cantabria vs Alimerka Oviedo<\/strong><\/td>\n<\/tr>\n<p>&#13;<\/p>\n<tr height=\"undefined\" style=\"height: 15.5pt;\">&#13;<\/p>\n<td width=\"115\" height=\"21\" style=\"border-width: 0px 0.5pt 0.5pt; border-style: none solid solid; border-color: black windowtext windowtext; width: 87pt; height: 15.5pt; background-color: #f2fa86;\"><strong>Hora<\/strong><\/td>\n<p>&#13;<\/p>\n<td width=\"115\" style=\"border-width: 0px 0.5pt 0.5pt 0px; border-style: none solid solid none; border-color: #333333 windowtext windowtext #333333; width: 87pt; background-color: #f2fa86;\"><strong>Resultado<\/strong><\/td>\n<p>&#13;<\/p>\n<td width=\"195\" style=\"border-width: 0px 0.5pt 0.5pt 0px; border-style: none solid solid none; border-color: #333333 windowtext windowtext #333333; width: 146pt; background-color: #f2fa86;\"><strong>MVP<\/strong><\/td>\n<p>&#13;<\/p>\n<td width=\"195\" style=\"border-width: 0px 0.5pt 0.5pt 0px; border-style: none solid solid none; border-color: #333333 windowtext windowtext #333333; width: 146pt; background-color: #f2fa86;\"><strong>Pabell\u00f3n<\/strong><\/td>\n<\/tr>\n<p>&#13;<\/p>\n<tr height=\"undefined\" style=\"height: 15.5pt;\">&#13;<\/p>\n<td width=\"115\" height=\"21\" style=\"border-width: 0px 0.5pt 0.5pt; border-style: none solid solid; border-color: black windowtext windowtext; width: 87pt; height: 15.5pt; background-color: #f2fa86;\">19:00 h.<\/td>\n<p>&#13;<\/p>\n<td width=\"115\" style=\"border-width: 0px 0.5pt 0.5pt 0px; border-style: none solid solid none; border-color: blue windowtext windowtext blue; width: 87pt; background-color: #f2fa86;\">&#8212;&#8211;<\/td>\n<p>&#13;<\/p>\n<td width=\"195\" style=\"border-width: 0px 0.5pt 0.5pt 0px; border-style: none solid solid none; border-color: black windowtext windowtext black; width: 146pt; background-color: #f2fa86;\">&#8212;&#8212;&#8212;-<\/td>\n<p>&#13;<\/p>\n<td width=\"195\" style=\"border-width: 0px 0.5pt 0.5pt 0px; border-style: none solid solid none; border-color: #333333 windowtext windowtext #333333; width: 146pt; background-color: #f2fa86;\">Vicente Trueba (Torrelavega)<\/td>\n<\/tr>\n<p>&#13;<\/p>\n<tr height=\"undefined\" style=\"height: 14.5pt;\">&#13;<\/p>\n<td height=\"19\" style=\"border-width: 0px; border-style: none; border-color: black; height: 14.5pt; background-color: transparent;\"\/>&#13;<\/p>\n<td style=\"border-width: 0px; border-style: none; border-color: black; background-color: transparent;\"\/>&#13;<\/p>\n<td style=\"border-width: 0px; border-style: none; border-color: black; background-color: transparent;\"\/>&#13;<\/p>\n<td style=\"border-width: 0px; border-style: none; border-color: black; background-color: transparent;\"\/><\/tr>\n<p>&#13;<\/p>\n<tr height=\"undefined\" style=\"height: 15.5pt;\">&#13;<\/p>\n<td width=\"620\" height=\"21\" colspan=\"4\" style=\"border-width: 0.5pt; border-style: solid; border-color: windowtext black windowtext windowtext; width: 466pt; height: 15.5pt; background-color: #ffc000;\"><strong>Torneo AdmiralBet Open Air: Besiktas Istambul vs Flexicar Fuenlabrada<\/strong><\/td>\n<\/tr>\n<p>&#13;<\/p>\n<tr height=\"undefined\" style=\"height: 15.5pt;\">&#13;<\/p>\n<td width=\"115\" height=\"21\" style=\"border-width: 0px 0.5pt 0.5pt; border-style: none solid solid; border-color: black windowtext windowtext; width: 87pt; height: 15.5pt; background-color: #f2fa86;\"><strong>Hora<\/strong><\/td>\n<p>&#13;<\/p>\n<td width=\"115\" style=\"border-width: 0px 0.5pt 0.5pt 0px; border-style: none solid solid none; border-color: #333333 windowtext windowtext #333333; width: 87pt; background-color: #f2fa86;\"><strong>Resultado<\/strong><\/td>\n<p>&#13;<\/p>\n<td width=\"195\" style=\"border-width: 0px 0.5pt 0.5pt 0px; border-style: none solid solid none; border-color: #333333 windowtext windowtext #333333; width: 146pt; background-color: #f2fa86;\"><strong>MVP<\/strong><\/td>\n<p>&#13;<\/p>\n<td width=\"195\" style=\"border-width: 0px 0.5pt 0.5pt 0px; border-style: none solid solid none; border-color: #333333 windowtext windowtext #333333; width: 146pt; background-color: #f2fa86;\"><strong>Pabell\u00f3n<\/strong><\/td>\n<\/tr>\n<p>&#13;<\/p>\n<tr height=\"undefined\" style=\"height: 15.5pt;\">&#13;<\/p>\n<td width=\"115\" height=\"21\" style=\"border-width: 0px 0.5pt 0.5pt; border-style: none solid solid; border-color: black windowtext windowtext; width: 87pt; height: 15.5pt; background-color: #f2fa86;\">19:30 h.<\/td>\n<p>&#13;<\/p>\n<td width=\"115\" style=\"border-width: 0px 0.5pt 0.5pt 0px; border-style: none solid solid none; border-color: blue windowtext windowtext blue; width: 87pt; background-color: #f2fa86;\">&#8212;&#8211;<\/td>\n<p>&#13;<\/p>\n<td width=\"195\" style=\"border-width: 0px 0.5pt 0.5pt 0px; border-style: none solid solid none; border-color: black windowtext windowtext black; width: 146pt; background-color: #f2fa86;\">&#8212;&#8212;&#8212;-<\/td>\n<p>&#13;<\/p>\n<td width=\"195\" style=\"border-width: 0px 0.5pt 0.5pt 0px; border-style: none solid solid none; border-color: #333333 windowtext windowtext #333333; width: 146pt; background-color: #f2fa86;\">Belgrado (Serbia)<\/td>\n<\/tr>\n<p>&#13;<\/p>\n<tr height=\"undefined\" style=\"height: 14.5pt;\">&#13;<\/p>\n<td height=\"19\" style=\"border-width: 0px; border-style: none; border-color: black; height: 14.5pt; background-color: transparent;\">&#13;\n<\/td>\n<\/tr>\n<p><\/p>\n<p>&#13;<br \/>\n&#13;<\/p>\n<tr height=\"undefined\" style=\"height: 19pt;\">&#13;<\/p>\n<td height=\"25\" colspan=\"4\" style=\"border-width: 1pt; border-style: solid; border-color: windowtext black windowtext windowtext; height: 19pt; background-color: #e26b0a;\"><strong>Domingo 13 de septiembre de 2026<\/strong><\/td>\n<\/tr>\n<p>&#13;<\/p>\n<tr height=\"undefined\" style=\"height: 14.5pt;\">&#13;<\/p>\n<td height=\"19\" style=\"border-width: 0px; border-style: none; border-color: black; height: 14.5pt; background-color: transparent;\">&#13;\n<\/td>\n<p>&#13;<\/p>\n<td style=\"border-width: 0px; border-style: none; border-color: black; background-color: transparent;\"\/>&#13;<\/p>\n<td style=\"border-width: 0px; border-style: none; border-color: black; background-color: transparent;\"\/>&#13;<\/p>\n<td style=\"border-width: 0px; border-style: none; border-color: black; background-color: transparent;\"\/><\/tr>\n<p>&#13;<\/p>\n<tr height=\"undefined\" style=\"height: 15.5pt;\">&#13;<\/p>\n<td width=\"620\" height=\"21\" colspan=\"4\" style=\"border-width: 0.5pt; border-style: solid; border-color: windowtext black windowtext windowtext; width: 466pt; height: 15.5pt; background-color: #ffc000;\"><strong>Amistoso: Inveready Askatuak Gipuzkoa vs Movistar Estudiantes<\/strong><\/td>\n<\/tr>\n<p>&#13;<\/p>\n<tr height=\"undefined\" style=\"height: 15.5pt;\">&#13;<\/p>\n<td width=\"115\" height=\"21\" style=\"border-width: 0px 0.5pt 0.5pt; border-style: none solid solid; border-color: black windowtext windowtext; width: 87pt; height: 15.5pt; background-color: #f2fa86;\"><strong>Hora<\/strong><\/td>\n<p>&#13;<\/p>\n<td width=\"115\" style=\"border-width: 0px 0.5pt 0.5pt 0px; border-style: none solid solid none; border-color: #333333 windowtext windowtext #333333; width: 87pt; background-color: #f2fa86;\"><strong>Resultado<\/strong><\/td>\n<p>&#13;<\/p>\n<td width=\"195\" style=\"border-width: 0px 0.5pt 0.5pt 0px; border-style: none solid solid none; border-color: #333333 windowtext windowtext #333333; width: 146pt; background-color: #f2fa86;\"><strong>MVP<\/strong><\/td>\n<p>&#13;<\/p>\n<td width=\"195\" style=\"border-width: 0px 0.5pt 0.5pt 0px; border-style: none solid solid none; border-color: #333333 windowtext windowtext #333333; width: 146pt; background-color: #f2fa86;\"><strong>Pabell\u00f3n<\/strong><\/td>\n<\/tr>\n<p>&#13;<\/p>\n<tr height=\"undefined\" style=\"height: 15.5pt;\">&#13;<\/p>\n<td width=\"115\" height=\"21\" style=\"border-width: 0px 0.5pt 0.5pt; border-style: none solid solid; border-color: black windowtext windowtext; width: 87pt; height: 15.5pt; background-color: #f2fa86;\">18:00 h.<\/td>\n<p>&#13;<\/p>\n<td width=\"115\" style=\"border-width: 0px 0.5pt 0.5pt 0px; border-style: none solid solid none; border-color: blue windowtext windowtext blue; width: 87pt; background-color: #f2fa86;\">&#8212;&#8211;<\/td>\n<p>&#13;<\/p>\n<td width=\"195\" style=\"border-width: 0px 0.5pt 0.5pt 0px; border-style: none solid solid none; border-color: black windowtext windowtext black; width: 146pt; background-color: #f2fa86;\">&#8212;&#8212;&#8212;-<\/td>\n<p>&#13;<\/p>\n<td width=\"195\" style=\"border-width: 0px 0.5pt 0.5pt 0px; border-style: none solid solid none; border-color: #333333 windowtext windowtext #333333; width: 146pt; background-color: #f2fa86;\">Josean Gasca (San Sebasti\u00e1n)<\/td>\n<\/tr>\n<p>&#13;<\/p>\n<tr height=\"undefined\" style=\"height: 14.5pt;\">&#13;<\/p>\n<td height=\"19\" style=\"border-width: 0px; border-style: none; border-color: black; height: 14.5pt; background-color: transparent;\"\/>&#13;<\/p>\n<td style=\"border-width: 0px; border-style: none; border-color: black; background-color: transparent;\"\/>&#13;<\/p>\n<td style=\"border-width: 0px; border-style: none; border-color: black; background-color: transparent;\"\/>&#13;<\/p>\n<td style=\"border-width: 0px; border-style: none; border-color: black; background-color: transparent;\"\/><\/tr>\n<p>&#13;<\/p>\n<tr height=\"undefined\" style=\"height: 15.5pt;\">&#13;<\/p>\n<td width=\"620\" height=\"21\" colspan=\"4\" style=\"border-width: 0.5pt; border-style: solid; border-color: windowtext black windowtext windowtext; width: 466pt; height: 15.5pt; background-color: #ffc000;\"><strong>Trofeo AON illes Balears J.3: B\u00e0squet Menorca vs Palmer Mallorca<\/strong><\/td>\n<\/tr>\n<p>&#13;<\/p>\n<tr height=\"undefined\" style=\"height: 15.5pt;\">&#13;<\/p>\n<td width=\"115\" height=\"21\" style=\"border-width: 0px 0.5pt 0.5pt; border-style: none solid solid; border-color: black windowtext windowtext; width: 87pt; height: 15.5pt; background-color: #f2fa86;\"><strong>Hora<\/strong><\/td>\n<p>&#13;<\/p>\n<td width=\"115\" style=\"border-width: 0px 0.5pt 0.5pt 0px; border-style: none solid solid none; border-color: #333333 windowtext windowtext #333333; width: 87pt; background-color: #f2fa86;\"><strong>Resultado<\/strong><\/td>\n<p>&#13;<\/p>\n<td width=\"195\" style=\"border-width: 0px 0.5pt 0.5pt 0px; border-style: none solid solid none; border-color: #333333 windowtext windowtext #333333; width: 146pt; background-color: #f2fa86;\"><strong>MVP<\/strong><\/td>\n<p>&#13;<\/p>\n<td width=\"195\" style=\"border-width: 0px 0.5pt 0.5pt 0px; border-style: none solid solid none; border-color: #333333 windowtext windowtext #333333; width: 146pt; background-color: #f2fa86;\"><strong>Pabell\u00f3n<\/strong><\/td>\n<\/tr>\n<p>&#13;<\/p>\n<tr height=\"undefined\" style=\"height: 15.5pt;\">&#13;<\/p>\n<td width=\"115\" height=\"21\" style=\"border-width: 0px 0.5pt 0.5pt; border-style: none solid solid; border-color: black windowtext windowtext; width: 87pt; height: 15.5pt; background-color: #f2fa86;\">18:30 h.<\/td>\n<p>&#13;<\/p>\n<td width=\"115\" style=\"border-width: 0px 0.5pt 0.5pt 0px; border-style: none solid solid none; border-color: blue windowtext windowtext blue; width: 87pt; background-color: #f2fa86;\">&#8212;&#8211;<\/td>\n<p>&#13;<\/p>\n<td width=\"195\" style=\"border-width: 0px 0.5pt 0.5pt 0px; border-style: none solid solid none; border-color: black windowtext windowtext black; width: 146pt; background-color: #f2fa86;\">&#8212;&#8212;&#8212;-<\/td>\n<p>&#13;<\/p>\n<td width=\"195\" style=\"border-width: 0px 0.5pt 0.5pt 0px; border-style: none solid solid none; border-color: #333333 windowtext windowtext #333333; width: 146pt; background-color: #f2fa86;\">Pavell\u00f3 Menorca (Mah\u00f3n)<\/td>\n<\/tr>\n<p>&#13;<\/p>\n<tr height=\"undefined\" style=\"height: 14.5pt;\">&#13;<\/p>\n<td height=\"19\" style=\"border-width: 0px; border-style: none; border-color: black; height: 14.5pt; background-color: transparent;\">&#13;\n<\/td>\n<p>&#13;<\/p>\n<td style=\"border-width: 0px; border-style: none; border-color: black; background-color: transparent;\">&#13;\n<\/td>\n<p>&#13;<\/p>\n<td style=\"border-width: 0px; border-style: none; border-color: black; background-color: transparent;\"\/><\/tr>\n<p><\/p>\n<p>&#13;<br \/>\n&#13;<\/p>\n<tr height=\"undefined\" style=\"height: 19pt;\">&#13;<\/p>\n<td height=\"25\" colspan=\"4\" style=\"border-width: 1pt; border-style: solid; border-color: windowtext black windowtext windowtext; height: 19pt; background-color: #e26b0a;\"><strong>Mi\u00e9rcoles 16 de septiembre de 2026<\/strong><\/td>\n<\/tr>\n<p>&#13;<\/p>\n<tr height=\"undefined\" style=\"height: 14.5pt;\">&#13;<\/p>\n<td height=\"19\" style=\"border-width: 0px; border-style: none; border-color: black; height: 14.5pt; background-color: transparent;\">&#13;\n<\/td>\n<p>&#13;<\/p>\n<td style=\"border-width: 0px; border-style: none; border-color: black; background-color: transparent;\"\/>&#13;<\/p>\n<td style=\"border-width: 0px; border-style: none; border-color: black; background-color: transparent;\"\/>&#13;<\/p>\n<td style=\"border-width: 0px; border-style: none; border-color: black; background-color: transparent;\"\/><\/tr>\n<p>&#13;<\/p>\n<tr height=\"undefined\" style=\"height: 15.5pt;\">&#13;<\/p>\n<td width=\"620\" height=\"21\" colspan=\"4\" style=\"border-width: 0.5pt; border-style: solid; border-color: windowtext black windowtext windowtext; width: 466pt; height: 15.5pt; background-color: #ffc000;\"><strong>Partido presentaci\u00f3n. Gran Canaria vs Insolac Caja87<\/strong><\/td>\n<\/tr>\n<p>&#13;<\/p>\n<tr height=\"undefined\" style=\"height: 15.5pt;\">&#13;<\/p>\n<td width=\"115\" height=\"21\" style=\"border-width: 0px 0.5pt 0.5pt; border-style: none solid solid; border-color: black windowtext windowtext; width: 87pt; height: 15.5pt; background-color: #f2fa86;\"><strong>Hora<\/strong><\/td>\n<p>&#13;<\/p>\n<td width=\"115\" style=\"border-width: 0px 0.5pt 0.5pt 0px; border-style: none solid solid none; border-color: #333333 windowtext windowtext #333333; width: 87pt; background-color: #f2fa86;\"><strong>Resultado<\/strong><\/td>\n<p>&#13;<\/p>\n<td width=\"195\" style=\"border-width: 0px 0.5pt 0.5pt 0px; border-style: none solid solid none; border-color: #333333 windowtext windowtext #333333; width: 146pt; background-color: #f2fa86;\"><strong>MVP<\/strong><\/td>\n<p>&#13;<\/p>\n<td width=\"195\" style=\"border-width: 0px 0.5pt 0.5pt 0px; border-style: none solid solid none; border-color: #333333 windowtext windowtext #333333; width: 146pt; background-color: #f2fa86;\"><strong>Pabell\u00f3n<\/strong><\/td>\n<\/tr>\n<p>&#13;<\/p>\n<tr height=\"undefined\" style=\"height: 15.5pt;\">&#13;<\/p>\n<td width=\"115\" height=\"21\" style=\"border-width: 0px 0.5pt 0.5pt; border-style: none solid solid; border-color: black windowtext windowtext; width: 87pt; height: 15.5pt; background-color: #f2fa86;\">20:00 h. *<\/td>\n<p>&#13;<\/p>\n<td width=\"115\" style=\"border-width: 0px 0.5pt 0.5pt 0px; border-style: none solid solid none; border-color: blue windowtext windowtext blue; width: 87pt; background-color: #f2fa86;\">&#8212;&#8211;<\/td>\n<p>&#13;<\/p>\n<td width=\"195\" style=\"border-width: 0px 0.5pt 0.5pt 0px; border-style: none solid solid none; border-color: black windowtext windowtext black; width: 146pt; background-color: #f2fa86;\">&#8212;&#8212;&#8212;-<\/td>\n<p>&#13;<\/p>\n<td width=\"195\" style=\"border-width: 0px 0.5pt 0.5pt 0px; border-style: none solid solid none; border-color: #333333 windowtext windowtext #333333; width: 146pt; background-color: #f2fa86;\">Gran Canaria Arena (LPGC)<\/td>\n<\/tr>\n<p>&#13;<\/p>\n<tr height=\"undefined\" style=\"height: 14.5pt;\">&#13;<\/p>\n<td height=\"19\" style=\"border-width: 0px; border-style: none; border-color: black; height: 14.5pt; background-color: transparent;\"\/>&#13;<\/p>\n<td style=\"border-width: 0px; border-style: none; border-color: black; background-color: transparent;\"\/>&#13;<\/p>\n<td style=\"border-width: 0px; border-style: none; border-color: black; background-color: transparent;\"\/>&#13;<\/p>\n<td style=\"border-width: 0px; border-style: none; border-color: black; background-color: transparent;\"\/><\/tr>\n<p>&#13;<\/p>\n<tr height=\"undefined\" style=\"height: 15.5pt;\">&#13;<\/p>\n<td width=\"620\" height=\"21\" colspan=\"4\" style=\"border-width: 0.5pt; border-style: solid; border-color: windowtext black windowtext windowtext; width: 466pt; height: 15.5pt; background-color: #ffc000;\"><strong>Copa CyL &#8211; Final: Recoletas San Pablo Burgos vs Vencedor fase previa<\/strong><\/td>\n<\/tr>\n<p>&#13;<\/p>\n<tr height=\"undefined\" style=\"height: 15.5pt;\">&#13;<\/p>\n<td width=\"115\" height=\"21\" style=\"border-width: 0px 0.5pt 0.5pt; border-style: none solid solid; border-color: black windowtext windowtext; width: 87pt; height: 15.5pt; background-color: #f2fa86;\"><strong>Hora<\/strong><\/td>\n<p>&#13;<\/p>\n<td width=\"115\" style=\"border-width: 0px 0.5pt 0.5pt 0px; border-style: none solid solid none; border-color: #333333 windowtext windowtext #333333; width: 87pt; background-color: #f2fa86;\"><strong>Resultado<\/strong><\/td>\n<p>&#13;<\/p>\n<td width=\"195\" style=\"border-width: 0px 0.5pt 0.5pt 0px; border-style: none solid solid none; border-color: #333333 windowtext windowtext #333333; width: 146pt; background-color: #f2fa86;\"><strong>MVP<\/strong><\/td>\n<p>&#13;<\/p>\n<td width=\"195\" style=\"border-width: 0px 0.5pt 0.5pt 0px; border-style: none solid solid none; border-color: #333333 windowtext windowtext #333333; width: 146pt; background-color: #f2fa86;\"><strong>Pabell\u00f3n<\/strong><\/td>\n<\/tr>\n<p>&#13;<\/p>\n<tr height=\"undefined\" style=\"height: 15.5pt;\">&#13;<\/p>\n<td width=\"115\" height=\"21\" style=\"border-width: 0px 0.5pt 0.5pt; border-style: none solid solid; border-color: black windowtext windowtext; width: 87pt; height: 15.5pt; background-color: #f2fa86;\">20:30 h.<\/td>\n<p>&#13;<\/p>\n<td width=\"115\" style=\"border-width: 0px 0.5pt 0.5pt 0px; border-style: none solid solid none; border-color: blue windowtext windowtext blue; width: 87pt; background-color: #f2fa86;\">&#8212;&#8211;<\/td>\n<p>&#13;<\/p>\n<td width=\"195\" style=\"border-width: 0px 0.5pt 0.5pt 0px; border-style: none solid solid none; border-color: black windowtext windowtext black; width: 146pt; background-color: #f2fa86;\">&#8212;&#8212;&#8212;-<\/td>\n<p>&#13;<\/p>\n<td width=\"195\" style=\"border-width: 0px 0.5pt 0.5pt 0px; border-style: none solid solid none; border-color: #333333 windowtext windowtext #333333; width: 146pt; background-color: #f2fa86;\">Por determinar<\/td>\n<\/tr>\n<p>&#13;<\/p>\n<tr height=\"undefined\" style=\"height: 14.5pt;\">&#13;<\/p>\n<td height=\"19\" style=\"border-width: 0px; border-style: none; border-color: black; height: 14.5pt; background-color: transparent;\">&#13;\n<\/td>\n<p>&#13;<\/p>\n<td style=\"border-width: 0px; border-style: none; border-color: black; background-color: transparent;\">&#13;\n<\/td>\n<\/tr>\n<p><\/p>\n<p>&#13;<br \/>\n&#13;<\/p>\n<tr height=\"undefined\" style=\"height: 19pt;\">&#13;<\/p>\n<td height=\"25\" colspan=\"4\" style=\"border-width: 1pt; border-style: solid; border-color: windowtext black windowtext windowtext; height: 19pt; background-color: #e26b0a;\"><strong>Viernes 18 de septiembre de 2026<\/strong><\/td>\n<\/tr>\n<p>&#13;<\/p>\n<tr height=\"undefined\" style=\"height: 14.5pt;\">&#13;<\/p>\n<td height=\"19\" style=\"border-width: 0px; border-style: none; border-color: black; height: 14.5pt; background-color: transparent;\">&#13;\n<\/td>\n<p>&#13;<\/p>\n<td style=\"border-width: 0px; border-style: none; border-color: black; background-color: transparent;\"\/>&#13;<\/p>\n<td style=\"border-width: 0px; border-style: none; border-color: black; background-color: transparent;\"\/>&#13;<\/p>\n<td style=\"border-width: 0px; border-style: none; border-color: black; background-color: transparent;\"\/><\/tr>\n<p>&#13;<\/p>\n<tr height=\"undefined\" style=\"height: 15.5pt;\">&#13;<\/p>\n<td width=\"620\" height=\"21\" colspan=\"4\" style=\"border-width: 0.5pt; border-style: solid; border-color: windowtext black windowtext windowtext; width: 466pt; height: 15.5pt; background-color: #ffc000;\"><strong>As Burgas Basket Cup &#8211; Semi 1: Palencia Bto, Ourense Bto, Porto y Oliveirense<\/strong><\/td>\n<\/tr>\n<p>&#13;<\/p>\n<tr height=\"undefined\" style=\"height: 15.5pt;\">&#13;<\/p>\n<td width=\"115\" height=\"21\" style=\"border-width: 0px 0.5pt 0.5pt; border-style: none solid solid; border-color: black windowtext windowtext; width: 87pt; height: 15.5pt; background-color: #f2fa86;\"><strong>Hora<\/strong><\/td>\n<p>&#13;<\/p>\n<td width=\"115\" style=\"border-width: 0px 0.5pt 0.5pt 0px; border-style: none solid solid none; border-color: #333333 windowtext windowtext #333333; width: 87pt; background-color: #f2fa86;\"><strong>Resultado<\/strong><\/td>\n<p>&#13;<\/p>\n<td width=\"195\" style=\"border-width: 0px 0.5pt 0.5pt 0px; border-style: none solid solid none; border-color: #333333 windowtext windowtext #333333; width: 146pt; background-color: #f2fa86;\"><strong>MVP<\/strong><\/td>\n<p>&#13;<\/p>\n<td width=\"195\" style=\"border-width: 0px 0.5pt 0.5pt 0px; border-style: none solid solid none; border-color: #333333 windowtext windowtext #333333; width: 146pt; background-color: #f2fa86;\"><strong>Pabell\u00f3n<\/strong><\/td>\n<\/tr>\n<p>&#13;<\/p>\n<tr height=\"undefined\" style=\"height: 15.5pt;\">&#13;<\/p>\n<td width=\"115\" height=\"21\" style=\"border-width: 0px 0.5pt 0.5pt; border-style: none solid solid; border-color: black windowtext windowtext; width: 87pt; height: 15.5pt; background-color: #f2fa86;\">Por confirmar<\/td>\n<p>&#13;<\/p>\n<td width=\"115\" style=\"border-width: 0px 0.5pt 0.5pt 0px; border-style: none solid solid none; border-color: blue windowtext windowtext blue; width: 87pt; background-color: #f2fa86;\">&#8212;&#8211;<\/td>\n<p>&#13;<\/p>\n<td width=\"195\" style=\"border-width: 0px 0.5pt 0.5pt 0px; border-style: none solid solid none; border-color: black windowtext windowtext black; width: 146pt; background-color: #f2fa86;\">&#8212;&#8212;&#8212;-<\/td>\n<p>&#13;<\/p>\n<td width=\"195\" style=\"border-width: 0px 0.5pt 0.5pt 0px; border-style: none solid solid none; border-color: #333333 windowtext windowtext #333333; width: 146pt; background-color: #f2fa86;\">Pazo dos Deportes (Ourense)<\/td>\n<\/tr>\n<p>&#13;<\/p>\n<tr height=\"undefined\" style=\"height: 14.5pt;\">&#13;<\/p>\n<td height=\"19\" style=\"border-width: 0px; border-style: none; border-color: black; height: 14.5pt; background-color: transparent;\"\/>&#13;<\/p>\n<td style=\"border-width: 0px; border-style: none; border-color: black; background-color: transparent;\"\/>&#13;<\/p>\n<td style=\"border-width: 0px; border-style: none; border-color: black; background-color: transparent;\"\/>&#13;<\/p>\n<td style=\"border-width: 0px; border-style: none; border-color: black; background-color: transparent;\"\/><\/tr>\n<p>&#13;<\/p>\n<tr height=\"undefined\" style=\"height: 15.5pt;\">&#13;<\/p>\n<td width=\"620\" height=\"21\" colspan=\"4\" style=\"border-width: 0.5pt; border-style: solid; border-color: windowtext black windowtext windowtext; width: 466pt; height: 15.5pt; background-color: #ffc000;\"><strong>Partido Alimerka: Alimerka Oviedo vs Caja Rural Zamora<\/strong><\/td>\n<\/tr>\n<p>&#13;<\/p>\n<tr height=\"undefined\" style=\"height: 15.5pt;\">&#13;<\/p>\n<td width=\"115\" height=\"21\" style=\"border-width: 0px 0.5pt 0.5pt; border-style: none solid solid; border-color: black windowtext windowtext; width: 87pt; height: 15.5pt; background-color: #f2fa86;\"><strong>Hora<\/strong><\/td>\n<p>&#13;<\/p>\n<td width=\"115\" style=\"border-width: 0px 0.5pt 0.5pt 0px; border-style: none solid solid none; border-color: #333333 windowtext windowtext #333333; width: 87pt; background-color: #f2fa86;\"><strong>Resultado<\/strong><\/td>\n<p>&#13;<\/p>\n<td width=\"195\" style=\"border-width: 0px 0.5pt 0.5pt 0px; border-style: none solid solid none; border-color: #333333 windowtext windowtext #333333; width: 146pt; background-color: #f2fa86;\"><strong>MVP<\/strong><\/td>\n<p>&#13;<\/p>\n<td width=\"195\" style=\"border-width: 0px 0.5pt 0.5pt 0px; border-style: none solid solid none; border-color: #333333 windowtext windowtext #333333; width: 146pt; background-color: #f2fa86;\"><strong>Pabell\u00f3n<\/strong><\/td>\n<\/tr>\n<p>&#13;<\/p>\n<tr height=\"undefined\" style=\"height: 15.5pt;\">&#13;<\/p>\n<td width=\"115\" height=\"21\" style=\"border-width: 0px 0.5pt 0.5pt; border-style: none solid solid; border-color: black windowtext windowtext; width: 87pt; height: 15.5pt; background-color: #f2fa86;\">Por confirmar<\/td>\n<p>&#13;<\/p>\n<td width=\"115\" style=\"border-width: 0px 0.5pt 0.5pt 0px; border-style: none solid solid none; border-color: blue windowtext windowtext blue; width: 87pt; background-color: #f2fa86;\">&#8212;&#8211;<\/td>\n<p>&#13;<\/p>\n<td width=\"195\" style=\"border-width: 0px 0.5pt 0.5pt 0px; border-style: none solid solid none; border-color: black windowtext windowtext black; width: 146pt; background-color: #f2fa86;\">&#8212;&#8212;&#8212;-<\/td>\n<p>&#13;<\/p>\n<td width=\"195\" style=\"border-width: 0px 0.5pt 0.5pt 0px; border-style: none solid solid none; border-color: #333333 windowtext windowtext #333333; width: 146pt; background-color: #f2fa86;\">Palacio Deportes (Oviedo)<\/td>\n<\/tr>\n<p>&#13;<\/p>\n<tr height=\"undefined\" style=\"height: 14.5pt;\">&#13;<\/p>\n<td height=\"19\" style=\"border-width: 0px; border-style: none; border-color: black; height: 14.5pt; background-color: transparent;\">&#13;\n<\/td>\n<p>&#13;<\/p>\n<td style=\"border-width: 0px; border-style: none; border-color: black; background-color: transparent;\"\/>&#13;<\/p>\n<td style=\"border-width: 0px; border-style: none; border-color: black; background-color: transparent;\"\/><\/tr>\n<p>&#13;<br \/>\n&#13;<\/p>\n<tr height=\"undefined\" style=\"height: 15.5pt;\">&#13;<\/p>\n<td width=\"620\" height=\"21\" colspan=\"4\" style=\"border-width: 0.5pt; border-style: solid; border-color: windowtext black windowtext windowtext; width: 466pt; height: 15.5pt; background-color: #ffc000;\"><strong>As Burgas Basket Cup &#8211; Semi 2: Palencia Bto, Ourense Bto, Porto y Oliveirense<\/strong><\/td>\n<\/tr>\n<p>&#13;<\/p>\n<tr height=\"undefined\" style=\"height: 15.5pt;\">&#13;<\/p>\n<td width=\"115\" height=\"21\" style=\"border-width: 0px 0.5pt 0.5pt; border-style: none solid solid; border-color: black windowtext windowtext; width: 87pt; height: 15.5pt; background-color: #f2fa86;\"><strong>Hora<\/strong><\/td>\n<p>&#13;<\/p>\n<td width=\"115\" style=\"border-width: 0px 0.5pt 0.5pt 0px; border-style: none solid solid none; border-color: #333333 windowtext windowtext #333333; width: 87pt; background-color: #f2fa86;\"><strong>Resultado<\/strong><\/td>\n<p>&#13;<\/p>\n<td width=\"195\" style=\"border-width: 0px 0.5pt 0.5pt 0px; border-style: none solid solid none; border-color: #333333 windowtext windowtext #333333; width: 146pt; background-color: #f2fa86;\"><strong>MVP<\/strong><\/td>\n<p>&#13;<\/p>\n<td width=\"195\" style=\"border-width: 0px 0.5pt 0.5pt 0px; border-style: none solid solid none; border-color: #333333 windowtext windowtext #333333; width: 146pt; background-color: #f2fa86;\"><strong>Pabell\u00f3n<\/strong><\/td>\n<\/tr>\n<p>&#13;<\/p>\n<tr height=\"undefined\" style=\"height: 15.5pt;\">&#13;<\/p>\n<td width=\"115\" height=\"21\" style=\"border-width: 0px 0.5pt 0.5pt; border-style: none solid solid; border-color: black windowtext windowtext; width: 87pt; height: 15.5pt; background-color: #f2fa86;\">Por confirmar<\/td>\n<p>&#13;<\/p>\n<td width=\"115\" style=\"border-width: 0px 0.5pt 0.5pt 0px; border-style: none solid solid none; border-color: blue windowtext windowtext blue; width: 87pt; background-color: #f2fa86;\">&#8212;&#8211;<\/td>\n<p>&#13;<\/p>\n<td width=\"195\" style=\"border-width: 0px 0.5pt 0.5pt 0px; border-style: none solid solid none; border-color: black windowtext windowtext black; width: 146pt; background-color: #f2fa86;\">&#8212;&#8212;&#8212;-<\/td>\n<p>&#13;<\/p>\n<td width=\"195\" style=\"border-width: 0px 0.5pt 0.5pt 0px; border-style: none solid solid none; border-color: #333333 windowtext windowtext #333333; width: 146pt; background-color: #f2fa86;\">Pazo dos Deportes (Ourense)<\/td>\n<\/tr>\n<p>&#13;<\/p>\n<tr height=\"undefined\" style=\"height: 14.5pt;\">&#13;<\/p>\n<td height=\"19\" style=\"border-width: 0px; border-style: none; border-color: black; height: 14.5pt; background-color: transparent;\"\/>&#13;<\/p>\n<td style=\"border-width: 0px; border-style: none; border-color: black; background-color: transparent;\"\/>&#13;<\/p>\n<td style=\"border-width: 0px; border-style: none; border-color: black; background-color: transparent;\"\/>&#13;<\/p>\n<td style=\"border-width: 0px; border-style: none; border-color: black; background-color: transparent;\"\/><\/tr>\n<p>&#13;<\/p>\n<tr height=\"undefined\" style=\"height: 15.5pt;\">&#13;<\/p>\n<td width=\"620\" height=\"21\" colspan=\"4\" style=\"border-width: 0.5pt; border-style: solid; border-color: windowtext black windowtext windowtext; width: 466pt; height: 15.5pt; background-color: #ffc000;\"><strong>Amistoso: Grupo Ureta Tizona vs Grupo Alega Cantabria<\/strong><\/td>\n<\/tr>\n<p>&#13;<\/p>\n<tr height=\"undefined\" style=\"height: 15.5pt;\">&#13;<\/p>\n<td width=\"115\" height=\"21\" style=\"border-width: 0px 0.5pt 0.5pt; border-style: none solid solid; border-color: black windowtext windowtext; width: 87pt; height: 15.5pt; background-color: #f2fa86;\"><strong>Hora<\/strong><\/td>\n<p>&#13;<\/p>\n<td width=\"115\" style=\"border-width: 0px 0.5pt 0.5pt 0px; border-style: none solid solid none; border-color: #333333 windowtext windowtext #333333; width: 87pt; background-color: #f2fa86;\"><strong>Resultado<\/strong><\/td>\n<p>&#13;<\/p>\n<td width=\"195\" style=\"border-width: 0px 0.5pt 0.5pt 0px; border-style: none solid solid none; border-color: #333333 windowtext windowtext #333333; width: 146pt; background-color: #f2fa86;\"><strong>MVP<\/strong><\/td>\n<p>&#13;<\/p>\n<td width=\"195\" style=\"border-width: 0px 0.5pt 0.5pt 0px; border-style: none solid solid none; border-color: #333333 windowtext windowtext #333333; width: 146pt; background-color: #f2fa86;\"><strong>Pabell\u00f3n<\/strong><\/td>\n<\/tr>\n<p>&#13;<\/p>\n<tr height=\"undefined\" style=\"height: 15.5pt;\">&#13;<\/p>\n<td width=\"115\" height=\"21\" style=\"border-width: 0px 0.5pt 0.5pt; border-style: none solid solid; border-color: black windowtext windowtext; width: 87pt; height: 15.5pt; background-color: #f2fa86;\">20:45 h.<\/td>\n<p>&#13;<\/p>\n<td width=\"115\" style=\"border-width: 0px 0.5pt 0.5pt 0px; border-style: none solid solid none; border-color: blue windowtext windowtext blue; width: 87pt; background-color: #f2fa86;\">&#8212;&#8211;<\/td>\n<p>&#13;<\/p>\n<td width=\"195\" style=\"border-width: 0px 0.5pt 0.5pt 0px; border-style: none solid solid none; border-color: black windowtext windowtext black; width: 146pt; background-color: #f2fa86;\">&#8212;&#8212;&#8212;-<\/td>\n<p>&#13;<\/p>\n<td width=\"195\" style=\"border-width: 0px 0.5pt 0.5pt 0px; border-style: none solid solid none; border-color: #333333 windowtext windowtext #333333; width: 146pt; background-color: #f2fa86;\">El Plant\u00edo (Burgos)<\/td>\n<\/tr>\n<p>&#13;<\/p>\n<tr height=\"undefined\" style=\"height: 14.5pt;\">&#13;<\/p>\n<td height=\"19\" style=\"border-width: 0px; border-style: none; border-color: black; height: 14.5pt; background-color: transparent;\">&#13;\n<\/td>\n<\/tr>\n<p><\/p>\n<p>&#13;<br \/>\n&#13;<\/p>\n<tr height=\"undefined\" style=\"height: 19pt;\">&#13;<\/p>\n<td height=\"25\" colspan=\"4\" style=\"border-width: 1pt; border-style: solid; border-color: windowtext black windowtext windowtext; height: 19pt; background-color: #e26b0a;\"><strong>S\u00e1bado 19 de septiembre de 2026<\/strong><\/td>\n<\/tr>\n<p>&#13;<\/p>\n<tr height=\"undefined\" style=\"height: 14.5pt;\">&#13;<\/p>\n<td height=\"19\" style=\"border-width: 0px; border-style: none; border-color: black; height: 14.5pt; background-color: transparent;\">&#13;\n<\/td>\n<p>&#13;<\/p>\n<td style=\"border-width: 0px; border-style: none; border-color: black; background-color: transparent;\"\/>&#13;<\/p>\n<td style=\"border-width: 0px; border-style: none; border-color: black; background-color: transparent;\"\/>&#13;<\/p>\n<td style=\"border-width: 0px; border-style: none; border-color: black; background-color: transparent;\"\/><\/tr>\n<p>&#13;<\/p>\n<tr height=\"undefined\" style=\"height: 15.5pt;\">&#13;<\/p>\n<td width=\"620\" height=\"21\" colspan=\"4\" style=\"border-width: 0.5pt; border-style: solid; border-color: windowtext black windowtext windowtext; width: 466pt; height: 15.5pt; background-color: #ffc000;\"><strong>As Burgas Basket Cup &#8211; 3er Puesto: Palencia Bto, Ourense Bto, Porto y Oliveirense<\/strong><\/td>\n<\/tr>\n<p>&#13;<\/p>\n<tr height=\"undefined\" style=\"height: 15.5pt;\">&#13;<\/p>\n<td width=\"115\" height=\"21\" style=\"border-width: 0px 0.5pt 0.5pt; border-style: none solid solid; border-color: black windowtext windowtext; width: 87pt; height: 15.5pt; background-color: #f2fa86;\"><strong>Hora<\/strong><\/td>\n<p>&#13;<\/p>\n<td width=\"115\" style=\"border-width: 0px 0.5pt 0.5pt 0px; border-style: none solid solid none; border-color: #333333 windowtext windowtext #333333; width: 87pt; background-color: #f2fa86;\"><strong>Resultado<\/strong><\/td>\n<p>&#13;<\/p>\n<td width=\"195\" style=\"border-width: 0px 0.5pt 0.5pt 0px; border-style: none solid solid none; border-color: #333333 windowtext windowtext #333333; width: 146pt; background-color: #f2fa86;\"><strong>MVP<\/strong><\/td>\n<p>&#13;<\/p>\n<td width=\"195\" style=\"border-width: 0px 0.5pt 0.5pt 0px; border-style: none solid solid none; border-color: #333333 windowtext windowtext #333333; width: 146pt; background-color: #f2fa86;\"><strong>Pabell\u00f3n<\/strong><\/td>\n<\/tr>\n<p>&#13;<\/p>\n<tr height=\"undefined\" style=\"height: 15.5pt;\">&#13;<\/p>\n<td width=\"115\" height=\"21\" style=\"border-width: 0px 0.5pt 0.5pt; border-style: none solid solid; border-color: black windowtext windowtext; width: 87pt; height: 15.5pt; background-color: #f2fa86;\">Por confirmar<\/td>\n<p>&#13;<\/p>\n<td width=\"115\" style=\"border-width: 0px 0.5pt 0.5pt 0px; border-style: none solid solid none; border-color: blue windowtext windowtext blue; width: 87pt; background-color: #f2fa86;\">&#8212;&#8211;<\/td>\n<p>&#13;<\/p>\n<td width=\"195\" style=\"border-width: 0px 0.5pt 0.5pt 0px; border-style: none solid solid none; border-color: black windowtext windowtext black; width: 146pt; background-color: #f2fa86;\">&#8212;&#8212;&#8212;-<\/td>\n<p>&#13;<\/p>\n<td width=\"195\" style=\"border-width: 0px 0.5pt 0.5pt 0px; border-style: none solid solid none; border-color: #333333 windowtext windowtext #333333; width: 146pt; background-color: #f2fa86;\">Pazo dos Deportes (Ourense)<\/td>\n<\/tr>\n<p>&#13;<\/p>\n<tr height=\"undefined\" style=\"height: 14.5pt;\">&#13;<\/p>\n<td height=\"19\" style=\"border-width: 0px; border-style: none; border-color: black; height: 14.5pt; background-color: transparent;\"\/>&#13;<\/p>\n<td style=\"border-width: 0px; border-style: none; border-color: black; background-color: transparent;\"\/>&#13;<\/p>\n<td style=\"border-width: 0px; border-style: none; border-color: black; background-color: transparent;\"\/>&#13;<\/p>\n<td style=\"border-width: 0px; border-style: none; border-color: black; background-color: transparent;\"\/><\/tr>\n<p>&#13;<\/p>\n<tr height=\"undefined\" style=\"height: 15.5pt;\">&#13;<\/p>\n<td width=\"620\" height=\"21\" colspan=\"4\" style=\"border-width: 0.5pt; border-style: solid; border-color: windowtext black windowtext windowtext; width: 466pt; height: 15.5pt; background-color: #ffc000;\"><strong>Partido presentaci\u00f3n: Covir\u00e1n Granada vs HLA Alicante<\/strong><\/td>\n<\/tr>\n<p>&#13;<\/p>\n<tr height=\"undefined\" style=\"height: 15.5pt;\">&#13;<\/p>\n<td width=\"115\" height=\"21\" style=\"border-width: 0px 0.5pt 0.5pt; border-style: none solid solid; border-color: black windowtext windowtext; width: 87pt; height: 15.5pt; background-color: #f2fa86;\"><strong>Hora<\/strong><\/td>\n<p>&#13;<\/p>\n<td width=\"115\" style=\"border-width: 0px 0.5pt 0.5pt 0px; border-style: none solid solid none; border-color: #333333 windowtext windowtext #333333; width: 87pt; background-color: #f2fa86;\"><strong>Resultado<\/strong><\/td>\n<p>&#13;<\/p>\n<td width=\"195\" style=\"border-width: 0px 0.5pt 0.5pt 0px; border-style: none solid solid none; border-color: #333333 windowtext windowtext #333333; width: 146pt; background-color: #f2fa86;\"><strong>MVP<\/strong><\/td>\n<p>&#13;<\/p>\n<td width=\"195\" style=\"border-width: 0px 0.5pt 0.5pt 0px; border-style: none solid solid none; border-color: #333333 windowtext windowtext #333333; width: 146pt; background-color: #f2fa86;\"><strong>Pabell\u00f3n<\/strong><\/td>\n<\/tr>\n<p>&#13;<\/p>\n<tr height=\"undefined\" style=\"height: 15.5pt;\">&#13;<\/p>\n<td width=\"115\" height=\"21\" style=\"border-width: 0px 0.5pt 0.5pt; border-style: none solid solid; border-color: black windowtext windowtext; width: 87pt; height: 15.5pt; background-color: #f2fa86;\">19:00 h.<\/td>\n<p>&#13;<\/p>\n<td width=\"115\" style=\"border-width: 0px 0.5pt 0.5pt 0px; border-style: none solid solid none; border-color: blue windowtext windowtext blue; width: 87pt; background-color: #f2fa86;\">&#8212;&#8211;<\/td>\n<p>&#13;<\/p>\n<td width=\"195\" style=\"border-width: 0px 0.5pt 0.5pt 0px; border-style: none solid solid none; border-color: black windowtext windowtext black; width: 146pt; background-color: #f2fa86;\">&#8212;&#8212;&#8212;-<\/td>\n<p>&#13;<\/p>\n<td width=\"195\" style=\"border-width: 0px 0.5pt 0.5pt 0px; border-style: none solid solid none; border-color: #333333 windowtext windowtext #333333; width: 146pt; background-color: #f2fa86;\">Palacio Deportes (Granada)<\/td>\n<\/tr>\n<p>&#13;<\/p>\n<tr height=\"undefined\" style=\"height: 14.5pt;\">&#13;<\/p>\n<td height=\"19\" style=\"border-width: 0px; border-style: none; border-color: black; height: 14.5pt; background-color: transparent;\">&#13;\n<\/td>\n<p>&#13;<\/p>\n<td style=\"border-width: 0px; border-style: none; border-color: black; background-color: transparent;\"\/>&#13;<\/p>\n<td style=\"border-width: 0px; border-style: none; border-color: black; background-color: transparent;\"\/><\/tr>\n<p>&#13;<br \/>\n&#13;<\/p>\n<tr height=\"undefined\" style=\"height: 15.5pt;\">&#13;<\/p>\n<td width=\"620\" height=\"21\" colspan=\"4\" style=\"border-width: 0.5pt; border-style: solid; border-color: windowtext black windowtext windowtext; width: 466pt; height: 15.5pt; background-color: #ffc000;\"><strong>Trofeo AON Illes Balears J.4: Fibwi Mallorca Palma vs Palmer Mallorca<\/strong><\/td>\n<\/tr>\n<p>&#13;<\/p>\n<tr height=\"undefined\" style=\"height: 15.5pt;\">&#13;<\/p>\n<td width=\"115\" height=\"21\" style=\"border-width: 0px 0.5pt 0.5pt; border-style: none solid solid; border-color: black windowtext windowtext; width: 87pt; height: 15.5pt; background-color: #f2fa86;\"><strong>Hora<\/strong><\/td>\n<p>&#13;<\/p>\n<td width=\"115\" style=\"border-width: 0px 0.5pt 0.5pt 0px; border-style: none solid solid none; border-color: #333333 windowtext windowtext #333333; width: 87pt; background-color: #f2fa86;\"><strong>Resultado<\/strong><\/td>\n<p>&#13;<\/p>\n<td width=\"195\" style=\"border-width: 0px 0.5pt 0.5pt 0px; border-style: none solid solid none; border-color: #333333 windowtext windowtext #333333; width: 146pt; background-color: #f2fa86;\"><strong>MVP<\/strong><\/td>\n<p>&#13;<\/p>\n<td width=\"195\" style=\"border-width: 0px 0.5pt 0.5pt 0px; border-style: none solid solid none; border-color: #333333 windowtext windowtext #333333; width: 146pt; background-color: #f2fa86;\"><strong>Pabell\u00f3n<\/strong><\/td>\n<\/tr>\n<p>&#13;<\/p>\n<tr height=\"undefined\" style=\"height: 15.5pt;\">&#13;<\/p>\n<td width=\"115\" height=\"21\" style=\"border-width: 0px 0.5pt 0.5pt; border-style: none solid solid; border-color: black windowtext windowtext; width: 87pt; height: 15.5pt; background-color: #f2fa86;\">19:30 h.<\/td>\n<p>&#13;<\/p>\n<td width=\"115\" style=\"border-width: 0px 0.5pt 0.5pt 0px; border-style: none solid solid none; border-color: blue windowtext windowtext blue; width: 87pt; background-color: #f2fa86;\">&#8212;&#8211;<\/td>\n<p>&#13;<\/p>\n<td width=\"195\" style=\"border-width: 0px 0.5pt 0.5pt 0px; border-style: none solid solid none; border-color: black windowtext windowtext black; width: 146pt; background-color: #f2fa86;\">&#8212;&#8212;&#8212;-<\/td>\n<p>&#13;<\/p>\n<td width=\"195\" style=\"border-width: 0px 0.5pt 0.5pt 0px; border-style: none solid solid none; border-color: #333333 windowtext windowtext #333333; width: 146pt; background-color: #f2fa86;\">Son Moix (Palma Mallorca)<\/td>\n<\/tr>\n<p>&#13;<\/p>\n<tr height=\"undefined\" style=\"height: 14.5pt;\">&#13;<\/p>\n<td height=\"19\" style=\"border-width: 0px; border-style: none; border-color: black; height: 14.5pt; background-color: transparent;\"\/>&#13;<\/p>\n<td style=\"border-width: 0px; border-style: none; border-color: black; background-color: transparent;\"\/>&#13;<\/p>\n<td style=\"border-width: 0px; border-style: none; border-color: black; background-color: transparent;\"\/>&#13;<\/p>\n<td style=\"border-width: 0px; border-style: none; border-color: black; background-color: transparent;\"\/><\/tr>\n<p>&#13;<\/p>\n<tr height=\"undefined\" style=\"height: 15.5pt;\">&#13;<\/p>\n<td width=\"620\" height=\"21\" colspan=\"4\" style=\"border-width: 0.5pt; border-style: solid; border-color: windowtext black windowtext windowtext; width: 466pt; height: 15.5pt; background-color: #ffc000;\"><strong>Torneo de Getafe: Flexicar Fuenlabrada vs Movistar Estudiantes<\/strong><\/td>\n<\/tr>\n<p>&#13;<\/p>\n<tr height=\"undefined\" style=\"height: 15.5pt;\">&#13;<\/p>\n<td width=\"115\" height=\"21\" style=\"border-width: 0px 0.5pt 0.5pt; border-style: none solid solid; border-color: black windowtext windowtext; width: 87pt; height: 15.5pt; background-color: #f2fa86;\"><strong>Hora<\/strong><\/td>\n<p>&#13;<\/p>\n<td width=\"115\" style=\"border-width: 0px 0.5pt 0.5pt 0px; border-style: none solid solid none; border-color: #333333 windowtext windowtext #333333; width: 87pt; background-color: #f2fa86;\"><strong>Resultado<\/strong><\/td>\n<p>&#13;<\/p>\n<td width=\"195\" style=\"border-width: 0px 0.5pt 0.5pt 0px; border-style: none solid solid none; border-color: #333333 windowtext windowtext #333333; width: 146pt; background-color: #f2fa86;\"><strong>MVP<\/strong><\/td>\n<p>&#13;<\/p>\n<td width=\"195\" style=\"border-width: 0px 0.5pt 0.5pt 0px; border-style: none solid solid none; border-color: #333333 windowtext windowtext #333333; width: 146pt; background-color: #f2fa86;\"><strong>Pabell\u00f3n<\/strong><\/td>\n<\/tr>\n<p>&#13;<\/p>\n<tr height=\"undefined\" style=\"height: 15.5pt;\">&#13;<\/p>\n<td width=\"115\" height=\"21\" style=\"border-width: 0px 0.5pt 0.5pt; border-style: none solid solid; border-color: black windowtext windowtext; width: 87pt; height: 15.5pt; background-color: #f2fa86;\">19:45 h.<\/td>\n<p>&#13;<\/p>\n<td width=\"115\" style=\"border-width: 0px 0.5pt 0.5pt 0px; border-style: none solid solid none; border-color: blue windowtext windowtext blue; width: 87pt; background-color: #f2fa86;\">&#8212;&#8211;<\/td>\n<p>&#13;<\/p>\n<td width=\"195\" style=\"border-width: 0px 0.5pt 0.5pt 0px; border-style: none solid solid none; border-color: black windowtext windowtext black; width: 146pt; background-color: #f2fa86;\">&#8212;&#8212;&#8212;-<\/td>\n<p>&#13;<\/p>\n<td width=\"195\" style=\"border-width: 0px 0.5pt 0.5pt 0px; border-style: none solid solid none; border-color: #333333 windowtext windowtext #333333; width: 146pt; background-color: #f2fa86;\">Juan de la Cierva (Getafe)<\/td>\n<\/tr>\n<p>&#13;<\/p>\n<tr height=\"undefined\" style=\"height: 14.5pt;\">&#13;<\/p>\n<td height=\"19\" style=\"border-width: 0px; border-style: none; border-color: black; height: 14.5pt; background-color: transparent;\">&#13;\n<\/td>\n<\/tr>\n<p>&#13;<br \/>\n&#13;<\/p>\n<tr height=\"undefined\" style=\"height: 15.5pt;\">&#13;<\/p>\n<td width=\"620\" height=\"21\" colspan=\"4\" style=\"border-width: 0.5pt; border-style: solid; border-color: windowtext black windowtext windowtext; width: 466pt; height: 15.5pt; background-color: #ffc000;\"><strong>As Burgas Basket Cup &#8211; Final: Palencia Bto, Ourense Bto, Porto y Oliveirense<\/strong><\/td>\n<\/tr>\n<p>&#13;<\/p>\n<tr height=\"undefined\" style=\"height: 15.5pt;\">&#13;<\/p>\n<td width=\"115\" height=\"21\" style=\"border-width: 0px 0.5pt 0.5pt; border-style: none solid solid; border-color: black windowtext windowtext; width: 87pt; height: 15.5pt; background-color: #f2fa86;\"><strong>Hora<\/strong><\/td>\n<p>&#13;<\/p>\n<td width=\"115\" style=\"border-width: 0px 0.5pt 0.5pt 0px; border-style: none solid solid none; border-color: #333333 windowtext windowtext #333333; width: 87pt; background-color: #f2fa86;\"><strong>Resultado<\/strong><\/td>\n<p>&#13;<\/p>\n<td width=\"195\" style=\"border-width: 0px 0.5pt 0.5pt 0px; border-style: none solid solid none; border-color: #333333 windowtext windowtext #333333; width: 146pt; background-color: #f2fa86;\"><strong>MVP<\/strong><\/td>\n<p>&#13;<\/p>\n<td width=\"195\" style=\"border-width: 0px 0.5pt 0.5pt 0px; border-style: none solid solid none; border-color: #333333 windowtext windowtext #333333; width: 146pt; background-color: #f2fa86;\"><strong>Pabell\u00f3n<\/strong><\/td>\n<\/tr>\n<p>&#13;<\/p>\n<tr height=\"undefined\" style=\"height: 15.5pt;\">&#13;<\/p>\n<td width=\"115\" height=\"21\" style=\"border-width: 0px 0.5pt 0.5pt; border-style: none solid solid; border-color: black windowtext windowtext; width: 87pt; height: 15.5pt; background-color: #f2fa86;\">Por confirmar<\/td>\n<p>&#13;<\/p>\n<td width=\"115\" style=\"border-width: 0px 0.5pt 0.5pt 0px; border-style: none solid solid none; border-color: blue windowtext windowtext blue; width: 87pt; background-color: #f2fa86;\">&#8212;&#8211;<\/td>\n<p>&#13;<\/p>\n<td width=\"195\" style=\"border-width: 0px 0.5pt 0.5pt 0px; border-style: none solid solid none; border-color: black windowtext windowtext black; width: 146pt; background-color: #f2fa86;\">&#8212;&#8212;&#8212;-<\/td>\n<p>&#13;<\/p>\n<td width=\"195\" style=\"border-width: 0px 0.5pt 0.5pt 0px; border-style: none solid solid none; border-color: #333333 windowtext windowtext #333333; width: 146pt; background-color: #f2fa86;\">Pazo dos Deportes (Ourense)<\/td>\n<\/tr>\n<p>\n&#13;<br \/>\n&#13;<\/p>\n<tr height=\"undefined\" style=\"height: 15pt;\">&#13;<\/p>\n<td style=\"border-width: 0px; border-style: none; border-color: black; background-color: transparent;\"\/>&#13;<\/p>\n<td style=\"border-width: 0px; border-style: none; border-color: black; background-color: transparent;\"\/>&#13;<\/p>\n<td style=\"border-width: 0px; border-style: none; border-color: black; background-color: transparent;\"\/><\/tr>\n<p>&#13;<\/p>\n<tr height=\"undefined\" style=\"height: 15pt;\">&#13;<\/p>\n<td height=\"20\" style=\"border-width: 0px; border-style: none; border-color: black; height: 15pt; background-color: transparent;\"\/>&#13;<\/p>\n<td style=\"border-width: 0px; border-style: none; border-color: black; background-color: transparent;\"\/>&#13;<\/p>\n<td style=\"border-width: 0px; border-style: none; border-color: black; background-color: transparent;\"\/>&#13;<\/p>\n<td style=\"border-width: 0px; border-style: none; border-color: black; background-color: transparent;\"\/><\/tr>\n<p>&#13;<\/p>\n<tr height=\"undefined\" style=\"height: 19pt;\">&#13;<\/p>\n<td height=\"25\" colspan=\"4\" style=\"border-width: 1pt; border-style: solid; border-color: windowtext black windowtext windowtext; height: 19pt; background-color: #e26b0a;\"><strong>Domingo 20 de septiembre de 2026<\/strong><\/td>\n<\/tr>\n<p>&#13;<\/p>\n<tr height=\"undefined\" style=\"height: 14.5pt;\">&#13;<\/p>\n<td height=\"19\" style=\"border-width: 0px; border-style: none; border-color: black; height: 14.5pt; background-color: transparent;\"\/>&#13;<\/p>\n<td style=\"border-width: 0px; border-style: none; border-color: black; background-color: transparent;\"\/>&#13;<\/p>\n<td style=\"border-width: 0px; border-style: none; border-color: black; background-color: transparent;\"\/>&#13;<\/p>\n<td style=\"border-width: 0px; border-style: none; border-color: black; background-color: transparent;\"\/><\/tr>\n<p>&#13;<\/p>\n<tr height=\"undefined\" style=\"height: 15.5pt;\">&#13;<\/p>\n<td width=\"620\" height=\"21\" colspan=\"4\" style=\"border-width: 0.5pt; border-style: solid; border-color: windowtext black windowtext windowtext; width: 466pt; height: 15.5pt; background-color: #ffc000;\"><strong>Amistoso: Inveready Askatuak Gipuzkoa<\/strong><\/td>\n<\/tr>\n<p>&#13;<\/p>\n<tr height=\"undefined\" style=\"height: 15.5pt;\">&#13;<\/p>\n<td width=\"115\" height=\"21\" style=\"border-width: 0px 0.5pt 0.5pt; border-style: none solid solid; border-color: black windowtext windowtext; width: 87pt; height: 15.5pt; background-color: #f2fa86;\"><strong>Hora<\/strong><\/td>\n<p>&#13;<\/p>\n<td width=\"115\" style=\"border-width: 0px 0.5pt 0.5pt 0px; border-style: none solid solid none; border-color: #333333 windowtext windowtext #333333; width: 87pt; background-color: #f2fa86;\"><strong>Resultado<\/strong><\/td>\n<p>&#13;<\/p>\n<td width=\"195\" style=\"border-width: 0px 0.5pt 0.5pt 0px; border-style: none solid solid none; border-color: #333333 windowtext windowtext #333333; width: 146pt; background-color: #f2fa86;\"><strong>MVP<\/strong><\/td>\n<p>&#13;<\/p>\n<td width=\"195\" style=\"border-width: 0px 0.5pt 0.5pt 0px; border-style: none solid solid none; border-color: #333333 windowtext windowtext #333333; width: 146pt; background-color: #f2fa86;\"><strong>Pabell\u00f3n<\/strong><\/td>\n<\/tr>\n<p>&#13;<\/p>\n<tr height=\"undefined\" style=\"height: 15.5pt;\">&#13;<\/p>\n<td width=\"115\" height=\"21\" style=\"border-width: 0px 0.5pt 0.5pt; border-style: none solid solid; border-color: black windowtext windowtext; width: 87pt; height: 15.5pt; background-color: #f2fa86;\">12:00 h.<\/td>\n<p>&#13;<\/p>\n<td width=\"115\" style=\"border-width: 0px 0.5pt 0.5pt 0px; border-style: none solid solid none; border-color: blue windowtext windowtext blue; width: 87pt; background-color: #f2fa86;\">&#8212;&#8211;<\/td>\n<p>&#13;<\/p>\n<td width=\"195\" style=\"border-width: 0px 0.5pt 0.5pt 0px; border-style: none solid solid none; border-color: black windowtext windowtext black; width: 146pt; background-color: #f2fa86;\">&#8212;&#8212;&#8212;-<\/td>\n<p>&#13;<\/p>\n<td width=\"195\" style=\"border-width: 0px 0.5pt 0.5pt 0px; border-style: none solid solid none; border-color: #333333 windowtext windowtext #333333; width: 146pt; background-color: #f2fa86;\">Josean Gasca (San Sebasti\u00e1n)<\/td>\n<\/tr>\n<p><\/p>\n","protected":false},"excerpt":{"rendered":"Madrugar\u00e1 m\u00e1s que nunca la Primera FEB para dar comienzo a una pretemporada en la que los 18&hellip;\n","protected":false},"author":2,"featured_media":732990,"comment_status":"","ping_status":"","sticky":false,"template":"","format":"standard","meta":{"footnotes":""},"categories":[269],"tags":[4605,299,1918,298,4597,4613,4616,4609,4608,4610,168,4603,4606,25,24,4120,4598,4614,2713,4601,830,4599,4600,4602,4615,4617,4607,4604,23,167,4611,4612],"class_list":["post-732989","post","type-post","status-publish","format-standard","has-post-thumbnail","category-baloncesto","tag-arbitros-baloncesto","tag-baloncesto","tag-basket","tag-basketball","tag-basquet","tag-canalfeb","tag-clasificacion","tag-copa-princesa","tag-copa-principe","tag-copa-reina","tag-deportes","tag-eba","tag-entrenadores-baloncesto","tag-es","tag-espana","tag-estadisticas","tag-federacion-baloncesto","tag-jornada-virtual","tag-jugadores","tag-laeb-plata","tag-leb-oro","tag-liga-espana","tag-liga-espanola-baloncesto","tag-liga-femenina","tag-marcadores-baloncesto","tag-rankings","tag-reglas-baloncesto","tag-seleccion-baloncesto","tag-spain","tag-sports","tag-supercopa","tag-television-baloncesto"],"share_on_mastodon":{"url":"","error":"Validation failed: Text character limit of 500 exceeded"},"_links":{"self":[{"href":"https:\/\/www.europesays.com\/es\/wp-json\/wp\/v2\/posts\/732989","targetHints":{"allow":["GET"]}}],"collection":[{"href":"https:\/\/www.europesays.com\/es\/wp-json\/wp\/v2\/posts"}],"about":[{"href":"https:\/\/www.europesays.com\/es\/wp-json\/wp\/v2\/types\/post"}],"author":[{"embeddable":true,"href":"https:\/\/www.europesays.com\/es\/wp-json\/wp\/v2\/users\/2"}],"replies":[{"embeddable":true,"href":"https:\/\/www.europesays.com\/es\/wp-json\/wp\/v2\/comments?post=732989"}],"version-history":[{"count":0,"href":"https:\/\/www.europesays.com\/es\/wp-json\/wp\/v2\/posts\/732989\/revisions"}],"wp:featuredmedia":[{"embeddable":true,"href":"https:\/\/www.europesays.com\/es\/wp-json\/wp\/v2\/media\/732990"}],"wp:attachment":[{"href":"https:\/\/www.europesays.com\/es\/wp-json\/wp\/v2\/media?parent=732989"}],"wp:term":[{"taxonomy":"category","embeddable":true,"href":"https:\/\/www.europesays.com\/es\/wp-json\/wp\/v2\/categories?post=732989"},{"taxonomy":"post_tag","embeddable":true,"href":"https:\/\/www.europesays.com\/es\/wp-json\/wp\/v2\/tags?post=732989"}],"curies":[{"name":"wp","href":"https:\/\/api.w.org\/{rel}","templated":true}]}}