{"id":732997,"date":"2026-08-27T00:40:22","date_gmt":"2026-08-27T00:40:22","guid":{"rendered":"https:\/\/www.europesays.com\/es\/732997\/"},"modified":"2026-08-27T00:40:22","modified_gmt":"2026-08-27T00:40:22","slug":"el-1x1-de-las-jugadoras-de-la-real-ante-el-chelsea","status":"publish","type":"post","link":"https:\/\/www.europesays.com\/es\/732997\/","title":{"rendered":"El 1&#215;1 de las jugadoras de la Real ante el Chelsea"},"content":{"rendered":"<p style=\"\">Poco se le puede achacar en los goles porque le fusilaron en los cinco. Tuvo que ejercer de libre en varias jugadas.<\/p>\n<p style=\"\">De carrilera derecha,  &#8230; contuvo como pudo a una talentosa Thompson, pero luego sobre todo entraron por su flanco. <\/p>\n<p><img decoding=\"async\" loading=\"lazy\" src=\"https:\/\/www.europesays.com\/es\/wp-content\/uploads\/2026\/08\/claudia-florentino-k3dB--101x101@Diario Vasco.jpg\" class=\"v-cmp-chp__i\" alt=\"2\" width=\"101\" height=\"101\"\/><\/p>\n<p class=\"v-a-p-t\">\nFlorentino\n<\/p>\n<p>2<\/p>\n<p class=\"v-d-p\" style=\"\">Mantuvo el tipo hasta que el Chelsea sac\u00f3 el rodillo al final. Mucha ayuda a Camino con Thompson, busc\u00f3 el juego en largo con desigual acierto. <\/p>\n<p><img decoding=\"async\" loading=\"lazy\" src=\"https:\/\/www.europesays.com\/es\/wp-content\/uploads\/2026\/08\/nahia-aparicio-k3dB--101x101@Diario Vasco.jpg\" class=\"v-cmp-chp__i\" alt=\"2\" width=\"101\" height=\"101\"\/><\/p>\n<p class=\"v-a-p-t\">\nApari\n<\/p>\n<p>2<\/p>\n<p class=\"v-d-p\" style=\"\">Roza lo imposible poner diques al mar y, ya fatigada, secar a cracks frescas como Malard. Pudo antes con Beever-Jones y apag\u00f3 m\u00e1s de un fuego. <\/p>\n<p><img decoding=\"async\" loading=\"lazy\" src=\"https:\/\/www.europesays.com\/es\/wp-content\/uploads\/2026\/08\/ainhoa-moraza-k3dB--101x101@Diario Vasco.jpg\" class=\"v-cmp-chp__i\" alt=\"2\" width=\"101\" height=\"101\"\/><\/p>\n<p class=\"v-a-p-t\">\nMoraza\n<\/p>\n<p>2<\/p>\n<p class=\"v-d-p\" style=\"\">Algunos cortes providenciales como \u00faltima cuando el partido estaba vivo; en el tramo final fue devorada por Carpenter. <\/p>\n<p><img decoding=\"async\" loading=\"lazy\" src=\"https:\/\/www.europesays.com\/es\/wp-content\/uploads\/2026\/08\/paula-fernandez-k3dB--101x101@Diario Vasco.jpg\" class=\"v-cmp-chp__i\" alt=\"2\" width=\"101\" height=\"101\"\/><\/p>\n<p class=\"v-a-p-t\">\nPaula Fern\u00e1ndez\n<\/p>\n<p>2<\/p>\n<p class=\"v-d-p\" style=\"\">Mucho despliegue sin bal\u00f3n. Realiz\u00f3 buenas faltas t\u00e1cticas y rob\u00f3 alg\u00fan bal\u00f3n. <\/p>\n<p><img decoding=\"async\" loading=\"lazy\" src=\"https:\/\/www.europesays.com\/es\/wp-content\/uploads\/2026\/08\/ainoa-campo-k3dB--101x101@Diario Vasco.jpg\" class=\"v-cmp-chp__i\" alt=\"2\" width=\"101\" height=\"101\"\/><\/p>\n<p class=\"v-a-p-t\">\nAinoa Campo\n<\/p>\n<p>2<\/p>\n<p class=\"v-d-p\" style=\"\">Cubri\u00f3 mucho campo en su debut y fue la encargada de romperle la br\u00fajula a Walsh.<\/p>\n<p><img decoding=\"async\" loading=\"lazy\" src=\"https:\/\/www.europesays.com\/es\/wp-content\/uploads\/2026\/08\/klara-kahynova-k3dB--101x101@Diario Vasco.jpg\" class=\"v-cmp-chp__i\" alt=\"2\" width=\"101\" height=\"101\"\/><\/p>\n<p class=\"v-a-p-t\">\nCahynov\u00e1\n<\/p>\n<p>2<\/p>\n<p class=\"v-d-p\" style=\"\">De m\u00e1s a menos. Comenz\u00f3 siendo la referente, con criterio y aplomo para recibir y pasar con el rival volcado en la presi\u00f3n. Ayud\u00f3 en las vigilancias, pero se fue apagando.<\/p>\n<p><img decoding=\"async\" loading=\"lazy\" src=\"https:\/\/www.europesays.com\/es\/wp-content\/uploads\/2026\/08\/cecilia-marcos-k3dB--101x101@Diario Vasco.jpg\" class=\"v-cmp-chp__i\" alt=\"4\" width=\"101\" height=\"101\"\/><\/p>\n<p class=\"v-a-p-t\">\nCecilia Marcos\n<\/p>\n<p>4<\/p>\n<p class=\"v-d-p\" style=\"\">La mejor. Abierta a la izquierda para ser lateral defendiendo y extremo atacando, fue veneno con su velocidad. Marc\u00f3 un golazo por el \u00e1ngulo tras quiebro y provoc\u00f3 el c\u00f3rner del 0-1 con otra carrera endiablada.<\/p>\n<p><img decoding=\"async\" loading=\"lazy\" src=\"https:\/\/www.europesays.com\/es\/wp-content\/uploads\/2026\/08\/arola-aparicio-k3dB--101x101@Diario Vasco.jpg\" class=\"v-cmp-chp__i\" alt=\"2\" width=\"101\" height=\"101\"\/><\/p>\n<p class=\"v-a-p-t\">\nArola\n<\/p>\n<p>2<\/p>\n<p class=\"v-d-p\" style=\"\">Remat\u00f3 al larguero en una jugada invalidada y pele\u00f3 el bal\u00f3n del 2-2 de Cecilia. <\/p>\n<p><img decoding=\"async\" loading=\"lazy\" src=\"https:\/\/www.europesays.com\/es\/wp-content\/uploads\/2026\/08\/ainhoa-marin-k3dB--101x101@Diario Vasco.jpg\" class=\"v-cmp-chp__i\" alt=\"3\" width=\"101\" height=\"101\"\/><\/p>\n<p class=\"v-a-p-t\">\nMar\u00edn\n<\/p>\n<p>3<\/p>\n<p class=\"v-d-p\" style=\"\">Gran debut. Extraordinario gol de primeras por la escuadra. Quebr\u00f3 a la defensa con su movilidad y sujet\u00f3 el cuero lo suficiente para dar tiempo al resto a subir. <\/p>\n<p>\nLos cambios\n<\/p>\n<p><img decoding=\"async\" loading=\"lazy\" src=\"https:\/\/www.europesays.com\/es\/wp-content\/uploads\/2026\/08\/intza-egiguren-k3dB--101x101@Diario Vasco.jpg\" class=\"v-cmp-chp__i\" alt=\"2\" width=\"101\" height=\"101\"\/><\/p>\n<p class=\"v-a-p-t\">\nIntza\n<\/p>\n<p>2<\/p>\n<p class=\"v-d-p\" style=\"\">La atacante canterana trat\u00f3 de dar algo m\u00e1s de profundidad tras reemplazar a una fatigada Cecilia. <\/p>\n<p><img decoding=\"async\" loading=\"lazy\" src=\"https:\/\/www.europesays.com\/es\/wp-content\/uploads\/2026\/08\/esther-laborde-k3dB--101x101@Diario Vasco.jpg\" class=\"v-cmp-chp__i\" alt=\"1\" width=\"101\" height=\"101\"\/><\/p>\n<p class=\"v-a-p-t\">\nLaborde\n<\/p>\n<p>1<\/p>\n<p class=\"v-d-p\" style=\"\">Se emple\u00f3 con dureza en su estreno como txuri-urdin. Tanto, que vio una tarjeta amarilla.<\/p>\n<p><img decoding=\"async\" loading=\"lazy\" src=\"https:\/\/www.europesays.com\/es\/wp-content\/uploads\/2026\/08\/nerea-eizagirre-k3dB--101x101@Diario Vasco.jpg\" class=\"v-cmp-chp__i\" alt=\"1\" width=\"101\" height=\"101\"\/><\/p>\n<p class=\"v-a-p-t\">\nNerea\n<\/p>\n<p>1<\/p>\n<p class=\"v-d-p\" style=\"\">El partido era del Chelsea y no pudo imponer su calidad. Superviviente de la eliminatoria ante el Bayern.<\/p>\n<p><img decoding=\"async\" loading=\"lazy\" src=\"https:\/\/www.europesays.com\/es\/wp-content\/uploads\/2026\/08\/27Isasisasmendi-k3dB--101x101@Diario Vasco.png\" class=\"v-cmp-chp__i\" alt=\"-\" width=\"101\" height=\"101\"\/><\/p>\n<p class=\"v-a-p-t\">\nIsasisasmendi\n<\/p>\n<p>&#8211;<\/p>\n<p class=\"v-d-p\" style=\"\">Si para el resto de jugadoras el partido ser\u00e1 inolvidable, para una o\u00f1atiarra de 19 a\u00f1os que adem\u00e1s debuta, todav\u00eda m\u00e1s.<\/p>\n","protected":false},"excerpt":{"rendered":"Poco se le puede achacar en los goles porque le fusilaron en los cinco. Tuvo que ejercer de&hellip;\n","protected":false},"author":2,"featured_media":732998,"comment_status":"","ping_status":"","sticky":false,"template":"","format":"standard","meta":{"footnotes":""},"categories":[93],"tags":[10306,1575,14015,168,25,24,8913,798,23,167],"class_list":["post-732997","post","type-post","status-publish","format-standard","has-post-thumbnail","category-deportes","tag-1x1","tag-ante","tag-chelsea","tag-deportes","tag-es","tag-espana","tag-jugadoras","tag-real","tag-spain","tag-sports"],"share_on_mastodon":{"url":"https:\/\/pubeurope.com\/@es\/117164694169684862","error":""},"_links":{"self":[{"href":"https:\/\/www.europesays.com\/es\/wp-json\/wp\/v2\/posts\/732997","targetHints":{"allow":["GET"]}}],"collection":[{"href":"https:\/\/www.europesays.com\/es\/wp-json\/wp\/v2\/posts"}],"about":[{"href":"https:\/\/www.europesays.com\/es\/wp-json\/wp\/v2\/types\/post"}],"author":[{"embeddable":true,"href":"https:\/\/www.europesays.com\/es\/wp-json\/wp\/v2\/users\/2"}],"replies":[{"embeddable":true,"href":"https:\/\/www.europesays.com\/es\/wp-json\/wp\/v2\/comments?post=732997"}],"version-history":[{"count":0,"href":"https:\/\/www.europesays.com\/es\/wp-json\/wp\/v2\/posts\/732997\/revisions"}],"wp:featuredmedia":[{"embeddable":true,"href":"https:\/\/www.europesays.com\/es\/wp-json\/wp\/v2\/media\/732998"}],"wp:attachment":[{"href":"https:\/\/www.europesays.com\/es\/wp-json\/wp\/v2\/media?parent=732997"}],"wp:term":[{"taxonomy":"category","embeddable":true,"href":"https:\/\/www.europesays.com\/es\/wp-json\/wp\/v2\/categories?post=732997"},{"taxonomy":"post_tag","embeddable":true,"href":"https:\/\/www.europesays.com\/es\/wp-json\/wp\/v2\/tags?post=732997"}],"curies":[{"name":"wp","href":"https:\/\/api.w.org\/{rel}","templated":true}]}}