{"id":733031,"date":"2026-08-27T01:08:15","date_gmt":"2026-08-27T01:08:15","guid":{"rendered":"https:\/\/www.europesays.com\/es\/733031\/"},"modified":"2026-08-27T01:08:15","modified_gmt":"2026-08-27T01:08:15","slug":"brutales-inundaciones-repentinas-en-nepal-y-china-en-vivo-victimas-danos-y-mas-noticias","status":"publish","type":"post","link":"https:\/\/www.europesays.com\/es\/733031\/","title":{"rendered":"Brutales inundaciones repentinas en Nepal y China, en vivo: v\u00edctimas, da\u00f1os y m\u00e1s noticias"},"content":{"rendered":"<p class=\"paragraph inline-placeholder vossi-paragraph\" data-uri=\"es.cms.cnn.com\/_components\/paragraph\/instances\/cmtaoojeg002g356rc1l405po@published\" data-editable=\"text\" data-component-name=\"paragraph\" data-article-gutter=\"true\">\n            Varios l\u00edderes mundiales han enviado mensajes de apoyo y condolencias tras las inundaciones catastr\u00f3ficas azotaran Nepal y China.\n    <\/p>\n<p class=\"paragraph inline-placeholder vossi-paragraph\" data-uri=\"es.cms.cnn.com\/_components\/paragraph\/instances\/cmtapc234002i356r8ylebs8i@published\" data-editable=\"text\" data-component-name=\"paragraph\" data-article-gutter=\"true\">\n            La presidenta de la Comisi\u00f3n Europea, Ursula von der Leyen, dijo que Europa est\u00e1 lista para movilizar asistencia. \u201cMis pensamientos est\u00e1n con todos los afectados, especialmente con las familias que han perdido a seres queridos o que a\u00fan esperan noticias\u201d, public\u00f3 von der Leyen en X. La jefa de la UE dijo que Copernicus, el servicio satelital de la Uni\u00f3n Europea, ha sido \u201cactivado para ayudar a cartografiar las zonas afectadas en Nepal y apoyar la respuesta sobre el terreno\u201d.\n    <\/p>\n<p class=\"paragraph inline-placeholder vossi-paragraph\" data-uri=\"es.cms.cnn.com\/_components\/paragraph\/instances\/cmtapc234002j356r4od4e1ob@published\" data-editable=\"text\" data-component-name=\"paragraph\" data-article-gutter=\"true\">\n            El primer ministro de India, Narendra Modi, transmiti\u00f3 sus condolencias al primer ministro de Nepal, Balendra Shah, y agreg\u00f3 que India est\u00e1 lista para brindar asistencia humanitaria a su vecino. \u201cNuestros equipos est\u00e1n coordinando estrechamente las labores de rescate y ayuda\u201d, public\u00f3 Modi en X.\n    <\/p>\n<p class=\"paragraph inline-placeholder vossi-paragraph\" data-uri=\"es.cms.cnn.com\/_components\/paragraph\/instances\/cmtapc234002k356rwtnzyvju@published\" data-editable=\"text\" data-component-name=\"paragraph\" data-article-gutter=\"true\">\n            El primer ministro de Canad\u00e1, Mark Carney, calific\u00f3 las inundaciones de \u201cabsolutamente devastadoras\u201d en una publicaci\u00f3n en X. Inst\u00f3 a los canadienses que se encuentran en la regi\u00f3n a registrarse en el servicio que permite al Gobierno canadiense enviar notificaciones de emergencia. Carney ofreci\u00f3 apoyo mientras contin\u00faan las labores de rescate.\n    <\/p>\n<p class=\"paragraph inline-placeholder vossi-paragraph\" data-uri=\"es.cms.cnn.com\/_components\/paragraph\/instances\/cmtapc234002l356r8r7kw5vg@published\" data-editable=\"text\" data-component-name=\"paragraph\" data-article-gutter=\"true\">\n            El primer ministro de Australia, Anthony Albanese, dijo que funcionarios de su pa\u00eds trabajan para confirmar el bienestar de los australianos que se encuentran en la zona. \u201cExpresamos nuestra m\u00e1s profunda solidaridad con los afectados por las graves inundaciones en Nepal y el T\u00edbet, China\u201d, public\u00f3 en X.\n    <\/p>\n<p class=\"paragraph inline-placeholder vossi-paragraph\" data-uri=\"es.cms.cnn.com\/_components\/paragraph\/instances\/cmtapc234002m356rve3bsizd@published\" data-editable=\"text\" data-component-name=\"paragraph\" data-article-gutter=\"true\">\n            El secretario de Relaciones Exteriores del Reino Unido, Ed Miliband, dijo que sus pensamientos est\u00e1n con los afectados por las inundaciones en Nepal, incluidos los ciudadanos brit\u00e1nicos que se encuentran en la zona, y con sus seres queridos. Asegur\u00f3 que el Reino Unido est\u00e1 listo para ayudar a las autoridades nepal\u00edes, incluso en las labores de b\u00fasqueda y rescate.\n    <\/p>\n<p class=\"paragraph inline-placeholder vossi-paragraph\" data-uri=\"es.cms.cnn.com\/_components\/paragraph\/instances\/cmtapc234002n356r1458dovl@published\" data-editable=\"text\" data-component-name=\"paragraph\" data-article-gutter=\"true\">\n            El secretario general de la ONU, Ant\u00f3nio Guterres, expres\u00f3 sus condolencias a las familias de las v\u00edctimas y su solidaridad con los afectados. Los equipos de la ONU y sus socios humanitarios est\u00e1n movilizando suministros y personal para apoyar a las comunidades afectadas, dijo.\n    <\/p>\n<p class=\"paragraph inline-placeholder vossi-paragraph\" data-uri=\"es.cms.cnn.com\/_components\/paragraph\/instances\/cmtapc234002o356r5yy55gwe@published\" data-editable=\"text\" data-component-name=\"paragraph\" data-article-gutter=\"true\">\n            Con informaci\u00f3n de Hilary Whiteman, Max Saltman, Max Foster y Ally Barnard, de CNN.\n    <\/p>\n","protected":false},"excerpt":{"rendered":"Varios l\u00edderes mundiales han enviado mensajes de apoyo y condolencias tras las inundaciones catastr\u00f3ficas azotaran Nepal y China.&hellip;\n","protected":false},"author":2,"featured_media":733032,"comment_status":"","ping_status":"","sticky":false,"template":"","format":"standard","meta":{"footnotes":""},"categories":[42],"tags":[17,18,1615,13,14,11,150,61,62,63,64,5128,19,20,21283,9,10,15,16,12,21,22,65,66,67],"class_list":["post-733031","post","type-post","status-publish","format-standard","has-post-thumbnail","category-internacional","tag-breaking-news","tag-breakingnews","tag-china","tag-featured-news","tag-featurednews","tag-headlines","tag-instanoticias","tag-internacional","tag-international","tag-international-news","tag-internationalnews","tag-inundaciones","tag-latest-news","tag-latestnews","tag-nepal","tag-news","tag-noticias","tag-noticias-destacadas","tag-noticiasdestacadas","tag-titulares","tag-ultimas-noticias","tag-ultimasnoticias","tag-world","tag-world-news","tag-worldnews"],"share_on_mastodon":{"url":"https:\/\/pubeurope.com\/@es\/117164802687108014","error":""},"_links":{"self":[{"href":"https:\/\/www.europesays.com\/es\/wp-json\/wp\/v2\/posts\/733031","targetHints":{"allow":["GET"]}}],"collection":[{"href":"https:\/\/www.europesays.com\/es\/wp-json\/wp\/v2\/posts"}],"about":[{"href":"https:\/\/www.europesays.com\/es\/wp-json\/wp\/v2\/types\/post"}],"author":[{"embeddable":true,"href":"https:\/\/www.europesays.com\/es\/wp-json\/wp\/v2\/users\/2"}],"replies":[{"embeddable":true,"href":"https:\/\/www.europesays.com\/es\/wp-json\/wp\/v2\/comments?post=733031"}],"version-history":[{"count":0,"href":"https:\/\/www.europesays.com\/es\/wp-json\/wp\/v2\/posts\/733031\/revisions"}],"wp:featuredmedia":[{"embeddable":true,"href":"https:\/\/www.europesays.com\/es\/wp-json\/wp\/v2\/media\/733032"}],"wp:attachment":[{"href":"https:\/\/www.europesays.com\/es\/wp-json\/wp\/v2\/media?parent=733031"}],"wp:term":[{"taxonomy":"category","embeddable":true,"href":"https:\/\/www.europesays.com\/es\/wp-json\/wp\/v2\/categories?post=733031"},{"taxonomy":"post_tag","embeddable":true,"href":"https:\/\/www.europesays.com\/es\/wp-json\/wp\/v2\/tags?post=733031"}],"curies":[{"name":"wp","href":"https:\/\/api.w.org\/{rel}","templated":true}]}}