{"id":733117,"date":"2026-08-27T02:29:35","date_gmt":"2026-08-27T02:29:35","guid":{"rendered":"https:\/\/www.europesays.com\/es\/733117\/"},"modified":"2026-08-27T02:29:35","modified_gmt":"2026-08-27T02:29:35","slug":"el-lobe-huesca-inicia-su-pretemporada-con-sergi-fortes","status":"publish","type":"post","link":"https:\/\/www.europesays.com\/es\/733117\/","title":{"rendered":"El Lobe Huesca inicia su pretemporada con Sergi Fortes"},"content":{"rendered":"<p class=\"c-paragraph\">El <b>Lobe Tu Provincia Huesca La Magia<\/b> <b>ha dado esta ma\u00f1ana el pistoletazo de salida a su pretemporada<\/b> en el <b>Palacio de los Deportes<\/b> de la capital oscense. Una primera toma de contacto en la que <b>Sergi Fortes<\/b>, l\u00edder del nuevo proyecto pe\u00f1ista, pudo empezar a conocer a los que ser\u00e1n sus pupilos durante esta nueva y exigente temporada que le espera al equipo en <b>Segunda FEB<\/b>.<\/p>\n<p class=\"c-paragraph\">Tras un verano altamente convulso debido a las complicaciones que tuvo la entidad pe\u00f1ista para poder salir a competir un curso m\u00e1s en Segunda FEB, Fortes y los suyos <b>empiezan a pensar \u00fanicamente en lo deportivo<\/b>. Y todo pasa por formar un buen bloque que permita volver a so\u00f1ar con pelear por objetivos ambiciosos, eso s\u00ed, partiendo de cero como se ha visto con la <b>confecci\u00f3n de una plantilla totalmente nueva<\/b>.<\/p>\n<p class=\"c-paragraph\">As\u00ed se pudo ver ayer en la pista del Palacio de los Deportes, donde el t\u00e9cnico catal\u00e1n <b>tuvo sus primeras conversaciones con sus jugadores<\/b>, principalmente con <b>\u00c1lex Rub\u00edn de Celis<\/b> como uno de los l\u00edderes del vestuario al haber decidido continuar en Huesca.<\/p>\n<p class=\"c-paragraph\">De la plantilla confirmada hasta ahora por el club pe\u00f1ista, compuesta concretamente por once jugadores, Fortes y el resto del cuerpo t\u00e9cnico <b>tuvieron a su disposici\u00f3n a ocho de ellos<\/b> para empezar a trabajar y a conocerse entre ellos.<\/p>\n<p class=\"c-paragraph\">De cara a las pr\u00f3ximos d\u00edas se espera que el entrenador pe\u00f1ista <b>pueda contar con toda la plantilla<\/b> a su disposici\u00f3n a la espera de que pueda llegar alg\u00fan refuerzo que permita dar por cerrada la plantilla. Todav\u00eda quedan por llegar a la capital altoaragonesa y sumarse al trabajo el estadounidense <b>Zion Jyair Williams<\/b>, el canadiense <b>Godwin Boahen<\/b> y el camerun\u00e9s <b>Jacques Guemeta<\/b>, \u00faltima incorporaci\u00f3n anunciada hasta ahora.<\/p>\n<p>Cerca de 250 fieles ya han renovado su compromiso<\/p>\n<p class=\"c-paragraph\">Por otro lado, ya son <b>m\u00e1s de doscientos cincuenta los aficionados al CB Pe\u00f1as<\/b> que han renovado su compromiso y que <b>continuar\u00e1n apoyando al equipo este pr\u00f3ximo curso<\/b> en el Palacio.<\/p>\n<p class=\"c-paragraph\">Se trata de cifras similares a la de veranos anteriores a pesar de la incertidumbre vivida estos \u00faltimos meses debido a la viabilidad econ\u00f3mica y deportiva del club. Una situaci\u00f3n en la que <b>sigue trabajando la actual directiva<\/b> comandada por <b>Eduardo L\u00f3pez y Luis P\u00e9rez<\/b> con el objetivo de que en campa\u00f1as pr\u00f3ximas no vuelva a repetirse lo sucedido en esta \u00faltima.<\/p>\n","protected":false},"excerpt":{"rendered":"El Lobe Tu Provincia Huesca La Magia ha dado esta ma\u00f1ana el pistoletazo de salida a su pretemporada&hellip;\n","protected":false},"author":2,"featured_media":733118,"comment_status":"","ping_status":"","sticky":false,"template":"","format":"standard","meta":{"footnotes":""},"categories":[269],"tags":[299,298,60083,168,25,24,1265,130294,3977,130295,23,167],"class_list":["post-733117","post","type-post","status-publish","format-standard","has-post-thumbnail","category-baloncesto","tag-baloncesto","tag-basketball","tag-cb-penas","tag-deportes","tag-es","tag-espana","tag-huesca","tag-lobe-huesca","tag-segunda-feb","tag-sergi-fortes","tag-spain","tag-sports"],"share_on_mastodon":{"url":"https:\/\/pubeurope.com\/@es\/117165121137186999","error":""},"_links":{"self":[{"href":"https:\/\/www.europesays.com\/es\/wp-json\/wp\/v2\/posts\/733117","targetHints":{"allow":["GET"]}}],"collection":[{"href":"https:\/\/www.europesays.com\/es\/wp-json\/wp\/v2\/posts"}],"about":[{"href":"https:\/\/www.europesays.com\/es\/wp-json\/wp\/v2\/types\/post"}],"author":[{"embeddable":true,"href":"https:\/\/www.europesays.com\/es\/wp-json\/wp\/v2\/users\/2"}],"replies":[{"embeddable":true,"href":"https:\/\/www.europesays.com\/es\/wp-json\/wp\/v2\/comments?post=733117"}],"version-history":[{"count":0,"href":"https:\/\/www.europesays.com\/es\/wp-json\/wp\/v2\/posts\/733117\/revisions"}],"wp:featuredmedia":[{"embeddable":true,"href":"https:\/\/www.europesays.com\/es\/wp-json\/wp\/v2\/media\/733118"}],"wp:attachment":[{"href":"https:\/\/www.europesays.com\/es\/wp-json\/wp\/v2\/media?parent=733117"}],"wp:term":[{"taxonomy":"category","embeddable":true,"href":"https:\/\/www.europesays.com\/es\/wp-json\/wp\/v2\/categories?post=733117"},{"taxonomy":"post_tag","embeddable":true,"href":"https:\/\/www.europesays.com\/es\/wp-json\/wp\/v2\/tags?post=733117"}],"curies":[{"name":"wp","href":"https:\/\/api.w.org\/{rel}","templated":true}]}}