{"id":73318,"date":"2025-08-26T11:34:08","date_gmt":"2025-08-26T11:34:08","guid":{"rendered":"https:\/\/www.europesays.com\/es\/73318\/"},"modified":"2025-08-26T11:34:08","modified_gmt":"2025-08-26T11:34:08","slug":"pedro-sanchez-tiene-que-dimitir-porque-va-a-acabar-con-nosotros","status":"publish","type":"post","link":"https:\/\/www.europesays.com\/es\/73318\/","title":{"rendered":"Pedro S\u00e1nchez tiene que dimitir porque va a acabar con nosotros"},"content":{"rendered":"<p class=\"article-text\">\n        <strong>Ana Rosa Quintana<\/strong> va a empezar en escasos d\u00edas la nueva temporada de <strong>El programa de Ana Rosa<\/strong>. Ser\u00e1 la 21\u00aa para el magac\u00edn de <strong>Telecinco<\/strong> y la \u00faltima, seg\u00fan su presentadora, con <strong>Pedro S\u00e1nchez<\/strong> como presidente del Gobierno. La madrile\u00f1a no sabe si el l\u00edder del PSOE dejar\u00e1 La Moncloa en unas \u201csemanas\u201d o en unos \u201cmeses\u201d, pero tiene claro que lo har\u00e1 m\u00e1s pronto que tarde porque el pa\u00eds vive una situaci\u00f3n \u201cag\u00f3nica\u201d a nivel pol\u00edtico, seg\u00fan defiende en una entrevista para <a href=\"https:\/\/www.elmundo.es\/papel\/lideres\/2025\/08\/25\/68a21c1a21efa0353f8b456d.html\" target=\"_blank\" data-mrf-recirculation=\"links-noticia\" class=\"link\" rel=\"nofollow noopener\">El Mundo<\/a>.\n    <\/p>\n<p>    <a href=\"https:\/\/www.eldiario.es\/noticias\/cintora-dio-bienvenida-pepa-bueno-rtve-ponga-frente-telediario-2-video-malas-lenguas-la-1_1_12556693.html\" data-mrf-recirculation=\"saber-mas\" data-dl-event=\"saber-mas\" rel=\"nofollow noopener\" target=\"_blank\"><\/p>\n<p class=\"know-more__title\">Cintora dio la bienvenida a Pepa Bueno a RTVE antes de que se ponga al frente del &#8216;Telediario 2&#8217;<\/p>\n<p>            <img decoding=\"async\" class=\"lazy\" loading=\"lazy\" data-src=\"https:\/\/static.eldiario.es\/clip\/eb7dccc6-af13-4917-835e-2331494a6df1_16-9-aspect-ratio_default_0.jpg\" src=\"data:image\/svg+xml,%3Csvg xmlns=\" http:=\"\" viewbox=\"0 0 880 495\" alt=\"Cintora dio la bienvenida a Pepa Bueno a RTVE antes de que se ponga al frente del 'Telediario 2'\"\/><\/p>\n<p>                        <\/a><\/p>\n<p class=\"article-text\">\n        \u201cEsto es un final de ciclo clar\u00edsimo, con un gobierno y un presidente atrincherados, sin presupuestos y sin poder sacar nada adelante. No est\u00e1n pensando en el pa\u00eds, sino en su superviviencia, que es corta\u201d, asegura la periodista, que cree que el cambio de gobierno es inevitable. \u201cEs que <strong>esto est\u00e1 acabado<\/strong>. Tenemos un gobierno con los dos secretarios generales, el fiscal general y la mujer del presidente imputados. Adem\u00e1s, tiene unos socios que ahora van a aprovechar su debilidad. Y eso es malo para nuestro pa\u00eds\u201d, se\u00f1ala al respecto.\n    <\/p>\n<p class=\"article-text\">\n        Por todo ello, Ana Rosa considera que <strong>Pedro S\u00e1nchez \u201ctiene que retirarse\u201d<\/strong>. \u201cTiene que dimitir o nombrar una gestora o que haya un sucesor porque, al final, va a acabar con nosotros y con su partido\u201d, a\u00f1ade sobre una situaci\u00f3n que, dice, ella ya vio venir: \u201cMe han criticado much\u00edsimo, me han llamado de todo, pero es que resulta que ahora se est\u00e1n cumpliendo muchas de las cosas que yo dije con mucha valent\u00eda\u201d. Por si hubiera alguna duda, Ana Rosa aclara que no tiene \u201cning\u00fan inter\u00e9s\u201d en entrevistar a S\u00e1nchez, pues afirma que cuando lo ha hecho \u00e9l \u201cha mentido\u201d. \u201cBueno, exactamente no ha mentido, ha tenido cambios de opini\u00f3n\u201d, dice con sorna la presentadora, que tambi\u00e9n acusa al l\u00edder del Ejecutivo de haber<strong> \u201cpolarizado todo\u201d<\/strong>.\n    <\/p>\n<p>    Ana Rosa elogia a Pablo Motos<\/p>\n<p class=\"article-text\">\n        As\u00ed pues, Ana Rosa no hablar\u00e1 con Pedro S\u00e1nchez en la nueva temporada de El programa de Ana Rosa, que recuperar\u00e1 su duraci\u00f3n habitual (<a href=\"https:\/\/www.eldiario.es\/vertele\/noticias\/telecinco-reorganizara-mananas-el-programa-de-ana-rosa-vamos-a-ver-patricia-pardo-horarios-mediaset_1_12529550.html\" target=\"_blank\" data-mrf-recirculation=\"links-noticia\" class=\"link\" rel=\"nofollow noopener\">de 9 a 13:30 horas<\/a>) despu\u00e9s de que volviera el pasado febrero a la parrilla con una versi\u00f3n m\u00e1s reducida (de 9 a 12:15h). Cuando regrese en septiembre, el magac\u00edn ocupar\u00e1 el espacio que antes ocupaba <strong>Joaqu\u00edn Prat<\/strong> con el primer tramo de <strong>Vamos a ver<\/strong>, y el presentador, a su vez, dar\u00e1 el salto a las tardes con un nuevo magac\u00edn que sustituir\u00e1 a <strong>Tardear<\/strong>. Estos movimientos demuestran que Telecinco est\u00e1 <strong>\u201cen un a\u00f1o de cambios\u201d<\/strong>, como as\u00ed lo ve Ana Rosa, que tiene claro <strong>\u201cfue la marcha de Pasapalabra\u201d<\/strong> (2019) y no la de S\u00e1lvame, lo que propici\u00f3 la crisis de audiencia que ahora mismo sufre su cadena.\n    <\/p>\n<p>    <a href=\"https:\/\/www.eldiario.es\/vertele\/noticias\/supervivientes-all-stars-2-repite-polemica-isla-tentaciones-octava-concursante_1_12556478.html\" data-mrf-recirculation=\"saber-mas-abajo\" data-dl-event=\"saber-mas-abajo\" rel=\"nofollow noopener\" target=\"_blank\"><\/p>\n<p class=\"know-more__title\">&#8216;Supervivientes All Stars 2&#8217; repite a la m\u00e1s pol\u00e9mica de &#8216;La Isla de las tentaciones&#8217; para ser su 8\u00aa concursante\n<\/p>\n<p>            <img decoding=\"async\" class=\"lazy\" loading=\"lazy\" data-src=\"https:\/\/static.eldiario.es\/clip\/5d60c0f8-b74f-4557-a925-0c1ed957e0ec_16-9-aspect-ratio_default_0.jpg\" src=\"data:image\/svg+xml,%3Csvg xmlns=\" http:=\"\" viewbox=\"0 0 880 495\" alt=\"'Supervivientes All Stars 2' repite a la m\u00e1s pol\u00e9mica de 'La Isla de las tentaciones' para ser su 8\u00aa concursante\"\/><\/p>\n<p>                        <\/a><\/p>\n<p class=\"article-text\">\n        Adem\u00e1s, tambi\u00e9n lamenta que Mediaset dejara escapar en su d\u00eda a <strong>Pablo Motos<\/strong>, de quien dice que \u201cevidentemente\u201d ha hecho mejor temporada que <strong>David Broncano<\/strong>. \u201cSe ve con las audiencias. Ha sabido aguantar el tir\u00f3n, no moverse, no cambiar su formato y, al final, ha ganado\u201d, apunta en favor del presentador de <strong>El Hormiguero<\/strong>.\n    <\/p>\n","protected":false},"excerpt":{"rendered":"Ana Rosa Quintana va a empezar en escasos d\u00edas la nueva temporada de El programa de Ana Rosa.&hellip;\n","protected":false},"author":2,"featured_media":73319,"comment_status":"","ping_status":"","sticky":false,"template":"","format":"standard","meta":{"footnotes":""},"categories":[174],"tags":[11490,880,2566,255,28764,146,147,25,24,256,28489,2959,23,692,2076,865],"class_list":{"0":"post-73318","1":"post","2":"type-post","3":"status-publish","4":"format-standard","5":"has-post-thumbnail","7":"category-famosos","8":"tag-acabar","9":"tag-ana-rosa-quintana","10":"tag-antes","11":"tag-celebrities","12":"tag-dimitir","13":"tag-entertainment","14":"tag-entretenimiento","15":"tag-es","16":"tag-espana","17":"tag-famosos","18":"tag-nosotros","19":"tag-pedro-sanchez","20":"tag-spain","21":"tag-telecinco","22":"tag-tiene","23":"tag-volver"},"share_on_mastodon":{"url":"","error":""},"_links":{"self":[{"href":"https:\/\/www.europesays.com\/es\/wp-json\/wp\/v2\/posts\/73318","targetHints":{"allow":["GET"]}}],"collection":[{"href":"https:\/\/www.europesays.com\/es\/wp-json\/wp\/v2\/posts"}],"about":[{"href":"https:\/\/www.europesays.com\/es\/wp-json\/wp\/v2\/types\/post"}],"author":[{"embeddable":true,"href":"https:\/\/www.europesays.com\/es\/wp-json\/wp\/v2\/users\/2"}],"replies":[{"embeddable":true,"href":"https:\/\/www.europesays.com\/es\/wp-json\/wp\/v2\/comments?post=73318"}],"version-history":[{"count":0,"href":"https:\/\/www.europesays.com\/es\/wp-json\/wp\/v2\/posts\/73318\/revisions"}],"wp:featuredmedia":[{"embeddable":true,"href":"https:\/\/www.europesays.com\/es\/wp-json\/wp\/v2\/media\/73319"}],"wp:attachment":[{"href":"https:\/\/www.europesays.com\/es\/wp-json\/wp\/v2\/media?parent=73318"}],"wp:term":[{"taxonomy":"category","embeddable":true,"href":"https:\/\/www.europesays.com\/es\/wp-json\/wp\/v2\/categories?post=73318"},{"taxonomy":"post_tag","embeddable":true,"href":"https:\/\/www.europesays.com\/es\/wp-json\/wp\/v2\/tags?post=73318"}],"curies":[{"name":"wp","href":"https:\/\/api.w.org\/{rel}","templated":true}]}}