{"id":733295,"date":"2026-08-27T05:21:17","date_gmt":"2026-08-27T05:21:17","guid":{"rendered":"https:\/\/www.europesays.com\/es\/733295\/"},"modified":"2026-08-27T05:21:17","modified_gmt":"2026-08-27T05:21:17","slug":"la-paradoja-del-exito","status":"publish","type":"post","link":"https:\/\/www.europesays.com\/es\/733295\/","title":{"rendered":"La paradoja del \u00e9xito"},"content":{"rendered":"<p>    <img loading=\"lazy\" decoding=\"async\" src=\"https:\/\/www.europesays.com\/es\/wp-content\/uploads\/2026\/08\/b929b5b9-3f26-4471-ac95-730516c533ec_16-9-aspect-ratio_default_0.jpg\" alt=\"Una enfermera practicante prepar\u00e1ndose para administrar la vacuna contra el h\u00e9rpes zoster. \/ Europa Press\" width=\"880\" height=\"495\" title=\"Una enfermera practicante prepar\u00e1ndose para administrar la vacuna contra el h\u00e9rpes zoster. \/ Europa Press\" style=\"height:auto;\"\/><\/p>\n<p class=\"article-photo__footer\">\n        Una enfermera practicante prepar\u00e1ndose para administrar la vacuna contra el h\u00e9rpes zoster.<br \/>\n                    Europa Press\n            <\/p>\n<p class=\"article-body__text article-body__text--entry article-body__text-middle\">\n        En el a\u00f1o 1980, la humanidad celebr\u00f3 uno de sus mayores triunfos:\u00a0<strong>la erradicaci\u00f3n global de la viruela<\/strong>. Durante siglos, este virus mortal desfigur\u00f3, ceg\u00f3 o mat\u00f3 a cientos de millones de personas. Su desaparici\u00f3n no fue un milagro divino, fue el resultado de una <strong>campa\u00f1a masiva de <\/strong><a href=\"https:\/\/www.noticiasdegipuzkoa.eus\/gipuzkoa\/2026\/04\/01\/fundamental-mantener-dia-vacunacion-evitar-10887918.html\" title=\"vacunaci\u00f3n\" target=\"_blank\" class=\"link copy\" rel=\"nofollow noopener\">vacunaci\u00f3n<\/a>. Recordemos al m\u00e9dico brit\u00e1nico Edward Jenner, que descubri\u00f3 que la viruela de las vacas proteg\u00eda a los humanos. Despu\u00e9s de aquel hito, nos enfrentamos a una paradoja alarmante: el mismo\u00a0escudo que nos salv\u00f3 de las\u00a0grandes plagas est\u00e1 siendo cuestionado por el<strong> virus de la desinformaci\u00f3n<\/strong>. El negacionismo moderno\u00a0padece de lo que los epidemi\u00f3logos denominan <strong>\u201cla paradoja del \u00e9xito\u201d. <\/strong>Las vacunas han funcionando de forma tan silenciosa que han borrado de nuestra memoria colectiva el horror de las enfermedades que combaten, aquellas que eran mortales, sobre todo en la infancia o lactancia: ll\u00e1mese sarampi\u00f3n o polio. <strong>Una parte de la sociedad ha perdido el miedo a la enfermedad mortal. <\/strong>En su lugar, han decidido volcar sus temores (que dicen no tener) en mitos infundados, teor\u00edas de la conspiraci\u00f3n y bulos digitales.\u00a0\n<\/p>\n<p>  <strong style=\"background-color: transparent;\">\u00a1Env\u00eda tu carta a la Direcci\u00f3n!<\/strong><\/p>\n<p>Si quieres enviar tu Carta al Director, no puede exceder las 30 l\u00edneas y debe ir firmada.<\/p>\n<p>Debe adjuntarse fotocopia del DNI del remitente y n\u00famero de tel\u00e9fono.<\/p>\n<p>\ufeffLa direcci\u00f3n de env\u00edo es\u00a0<a href=\"https:\/\/www.noticiasdegipuzkoa.eus\/cartas-al-director\/2026\/08\/27\/mailto:cartas@noticiasdegipuzkoa.eus\" target=\"_blank\" style=\"background-color: transparent; color: rgb(27, 101, 152);\" class=\"link copy\" rel=\"nofollow noopener\">cartas@noticiasdegipuzkoa.eus<\/a><\/p>\n<p>(NOTICIAS DE GIPUZKOA se reserva el derecho de publicarlos, as\u00ed como el de resumirlos y extractarlos)<\/p>\n<p class=\"article-body__text \">\n        Los movimientos antivacunas, se dispararon vertiginosamente<strong> durante la pandemia del covid <\/strong>con toda una \u201clegi\u00f3n\u201d de bulos que, desde entonces, no han parado de crecer. <strong>Las verdaderas v\u00edctimas del negacionismo son los m\u00e1s vulnerables<\/strong>, los beb\u00e9s lactantes que no reciben sus dosis, ancianos o pacientes inmunodeprimidos. Cuestionar, pues, la seguridad de las vacunas actuales, sometidas a los controles cl\u00ednicos m\u00e1s estrictos de la medicina, es algo que no nos podemos permitir como sociedad. Defender las vacunas es una defensa de la raz\u00f3n frente al individualismo irresponsable. Dar un paso atr\u00e1s ahora<strong> no es una postura alternativa<\/strong>, es una rendici\u00f3n ante el pasado.<\/p>\n","protected":false},"excerpt":{"rendered":"Una enfermera practicante prepar\u00e1ndose para administrar la vacuna contra el h\u00e9rpes zoster. Europa Press En el a\u00f1o 1980,&hellip;\n","protected":false},"author":2,"featured_media":733296,"comment_status":"","ping_status":"","sticky":false,"template":"","format":"standard","meta":{"footnotes":""},"categories":[92],"tags":[25,24,4518,165,27040,166,23],"class_list":["post-733295","post","type-post","status-publish","format-standard","has-post-thumbnail","category-salud","tag-es","tag-espana","tag-exito","tag-health","tag-paradoja","tag-salud","tag-spain"],"share_on_mastodon":{"url":"https:\/\/pubeurope.com\/@es\/117165798397241947","error":""},"_links":{"self":[{"href":"https:\/\/www.europesays.com\/es\/wp-json\/wp\/v2\/posts\/733295","targetHints":{"allow":["GET"]}}],"collection":[{"href":"https:\/\/www.europesays.com\/es\/wp-json\/wp\/v2\/posts"}],"about":[{"href":"https:\/\/www.europesays.com\/es\/wp-json\/wp\/v2\/types\/post"}],"author":[{"embeddable":true,"href":"https:\/\/www.europesays.com\/es\/wp-json\/wp\/v2\/users\/2"}],"replies":[{"embeddable":true,"href":"https:\/\/www.europesays.com\/es\/wp-json\/wp\/v2\/comments?post=733295"}],"version-history":[{"count":0,"href":"https:\/\/www.europesays.com\/es\/wp-json\/wp\/v2\/posts\/733295\/revisions"}],"wp:featuredmedia":[{"embeddable":true,"href":"https:\/\/www.europesays.com\/es\/wp-json\/wp\/v2\/media\/733296"}],"wp:attachment":[{"href":"https:\/\/www.europesays.com\/es\/wp-json\/wp\/v2\/media?parent=733295"}],"wp:term":[{"taxonomy":"category","embeddable":true,"href":"https:\/\/www.europesays.com\/es\/wp-json\/wp\/v2\/categories?post=733295"},{"taxonomy":"post_tag","embeddable":true,"href":"https:\/\/www.europesays.com\/es\/wp-json\/wp\/v2\/tags?post=733295"}],"curies":[{"name":"wp","href":"https:\/\/api.w.org\/{rel}","templated":true}]}}