{"id":733301,"date":"2026-08-27T05:24:25","date_gmt":"2026-08-27T05:24:25","guid":{"rendered":"https:\/\/www.europesays.com\/es\/733301\/"},"modified":"2026-08-27T05:24:25","modified_gmt":"2026-08-27T05:24:25","slug":"bbva-advierte-que-madrid-solo-podria-abastecer-de-electricidad-al-32-de-las-125-000-viviendas-proyectadas","status":"publish","type":"post","link":"https:\/\/www.europesays.com\/es\/733301\/","title":{"rendered":"BBVA advierte que Madrid solo podr\u00eda abastecer de electricidad al 32% de las 125.000 viviendas proyectadas"},"content":{"rendered":"<p class=\"wp-block-paragraph\"><strong>BBVA Research<\/strong>, el centro de investigaci\u00f3n y an\u00e1lisis econ\u00f3mico de <a href=\"https:\/\/www.finanzas.com\/cotizaciones\/bbva\" target=\"_blank\" rel=\"noopener nofollow\">BBVA<\/a>, advierte en un reciente informe que la<strong> Comunidad de Madrid<\/strong> solo podr\u00eda abastecer de electricidad a<strong> 40.000 de las 126.000 viviendas <\/strong>que podr\u00edan construirse en los pr\u00f3ximos cinco a\u00f1os, aproximadamente el 32% del total.<\/p>\n<p class=\"wp-block-paragraph\">En su informe, la entidad recuerda que ampliar la red el\u00e9ctrica en grandes desarrollos urban\u00edsticos puede requerir entre<strong>\u00a0cinco y ocho a\u00f1os<\/strong> \u00abdebido a la planificaci\u00f3n de la red, las autorizaciones administrativas, la evaluaci\u00f3n ambiental, la adquisici\u00f3n de suelo y la construcci\u00f3n de las infraestructuras necesarias\u00bb.<\/p>\n<p class=\"wp-block-paragraph\">El informe destaca que la disponibilidad de capacidad el\u00e9ctrica<strong> condiciona el calendario de ejecuci\u00f3n o incluso la entrega de viviendas ya terminadas<\/strong>, y subraya que\u00a0esta situaci\u00f3n ya afecta a distintos proyectos residenciales en Espa\u00f1a, en particular a los previstos en la Comunidad de Madrid. <\/p>\n<p class=\"wp-block-paragraph\">\u00abAunque Espa\u00f1a dispone de capacidad el\u00e9ctrica suficiente en t\u00e9rminos agregados\u00bb, indica, \u00abesta no siempre se localiza donde existe mayor demanda de vivienda, por lo que<strong> numerosas promociones requerir\u00e1n nuevas subestaciones o refuerzos de la red antes de poder desarrollarse<\/strong>\u00ab.<\/p>\n<p><img loading=\"lazy\" decoding=\"async\" width=\"1024\" height=\"683\" src=\"data:image\/svg+xml,%3Csvg%20xmlns=\" http:=\"\" alt=\"\" class=\"wp-image-540951\" data-lazy- data-lazy- data-lazy-src=\"https:\/\/www.europesays.com\/es\/wp-content\/uploads\/2026\/08\/Madrid-vivienda-1024x683.jpeg\"\/>Imagen del centro de Madrid.<\/p>\n<p class=\"wp-block-paragraph\">En la\u00a0<a href=\"https:\/\/www.economiadigital.es\/inmobiliario\/madrid-suelo-vivienda.html\" rel=\"nofollow noopener\" target=\"_blank\">Comunidad de Madrid<\/a>, dice el informe de BBVA,\u00a0el suelo previsto para los pr\u00f3ximos cinco a\u00f1os permitir\u00eda construir\u00a0<strong>126.000 viviendas<\/strong>, mientras que el d\u00e9ficit residencial acumulado asciende a\u00a0<strong>116.000 viviendas.<\/strong>\u00a0\u00abSin embargo\u00bb, a\u00f1ade, \u00abla capacidad el\u00e9ctrica firme disponible permitir\u00eda abastecer \u00fanicamente unas<strong>\u00a040.000 viviendas<\/strong>\u00ab. <\/p>\n<p class=\"wp-block-paragraph\">El informe concluye que m\u00e1s de 80.000 viviendas previstas en Madrid dependen de la construcci\u00f3n de nuevas infraestructuras el\u00e9ctricas. \u00abLa capacidad es insuficiente y s\u00f3lo cubre un tercio del d\u00e9ficit actual\u00bb, afirma.<\/p>\n<p><img loading=\"lazy\" decoding=\"async\" width=\"1200\" height=\"488\" src=\"data:image\/svg+xml,%3Csvg%20xmlns=\" http:=\"\" alt=\"\" class=\"wp-image-1124196\" data-lazy- data-lazy- data-lazy-src=\"https:\/\/www.europesays.com\/es\/wp-content\/uploads\/2026\/08\/Tabla.jpg\"\/><\/p>\n<p class=\"wp-block-paragraph\">Informe BBVA Research.<\/p>\n<p class=\"wp-block-paragraph\">En el municipio de Madrid, se\u00f1ala el informe, hay distritos \u00abque parecen no contar con capacidad el\u00e9ctrica firme disponible: Barajas, Ciudad Lineal y San BlasCanillejas\u00bb, el 13,1% de la poblaci\u00f3n del municipio.<\/p>\n<p class=\"wp-block-paragraph\">En otros, como Retiro y Arganzuela, la capacidad disponible es relativamente elevada. En Carabanchel, Usera, Chamart\u00edn, Centro y Vic\u00e1lvaro, el volumen asumible ser\u00eda inferior a las 2.000 viviendas en cada uno de ellos. <\/p>\n<p class=\"wp-block-paragraph\">En algunos distritos como Vic\u00e1lvaro \u00abpuede suponer un cuello de botella para la oferta de los pr\u00f3ximos desarrollos planificados\u00bb.<\/p>\n<p>BBVA, inversi\u00f3n en redes<\/p>\n<p class=\"wp-block-paragraph\">El estudio del banco presidido por <strong>Carlos Torres<\/strong> considera que la regulaci\u00f3n aprobada durante la pasada d\u00e9cada \u00ab<strong>limit\u00f3 el ritmo de inversi\u00f3n en redes <\/strong>para garantizar la sostenibilidad financiera del sistema, lo que hoy dificulta responder al aumento de la demanda de acceso el\u00e9ctrico\u00bb.<\/p>\n<p class=\"wp-block-paragraph\">Seg\u00fan el informe, el r\u00e1pido despliegue de energ\u00edas renovables y el avance de la electrificaci\u00f3n \u00abhan incrementado la capacidad de generaci\u00f3n el\u00e9ctrica, <strong>mientras que la expansi\u00f3n de la red no ha avanzado al mismo ritmo<\/strong>\u00ab. <\/p>\n<p class=\"wp-block-paragraph\">Como consecuencia,\u00a0el 88% de los nudos de distribuci\u00f3n dispone de menos de un megavatio de capacidad firme,\u00a0lo que limita la conexi\u00f3n de nuevos proyectos residenciales o econ\u00f3micos de cierta dimensi\u00f3n, afirma.<\/p>\n<p><img loading=\"lazy\" decoding=\"async\" width=\"1200\" height=\"675\" src=\"data:image\/svg+xml,%3Csvg%20xmlns=\" http:=\"\" alt=\"vivienda los berrocales\" class=\"wp-image-884951\" data-lazy- data-lazy- data-lazy-src=\"https:\/\/www.europesays.com\/es\/wp-content\/uploads\/2026\/08\/vivienda-los-berrocales.jpg\"\/>Imagen del proyecto de Los Berrocales en Madrid.<\/p>\n<p class=\"wp-block-paragraph\">BBVA recuerda que en 2024 Espa\u00f1a dej\u00f3 de aprovechar el\u00a0<strong>1,4% de la energ\u00eda renovable generada<\/strong>\u00a0por falta de capacidad de la red y que los costes para mantener la estabilidad del sistema han aumentado de forma significativa en los \u00faltimos a\u00f1os.<\/p>\n<p class=\"wp-block-paragraph\">El banco considera que el<a href=\"https:\/\/www.miteco.gob.es\/es\/prensa\/ultimas-noticias\/2026\/julio\/el-gobierno-acelera-la-electrificacion-de-la-economia-incrementa.html\" target=\"_blank\" rel=\"noopener nofollow\"> Real Decreto aprobado el\u00a0<strong>28 de julio de 2026<\/strong><\/a>\u00a0representa un paso en la buena direcci\u00f3n al movilizar hasta\u00a0<strong>17.900 millones de euros adicionales<\/strong>\u00a0para redes el\u00e9ctricas hasta 2030. <\/p>\n<p class=\"wp-block-paragraph\">Pero subraya que el impacto de estas medidas \u00abdepender\u00e1 de su ejecuci\u00f3n efectiva y de una evaluaci\u00f3n posterior que permita comprobar cu\u00e1nto se invierte, con qu\u00e9 eficacia y cu\u00e1nta nueva capacidad de conexi\u00f3n se genera\u00bb.<\/p>\n","protected":false},"excerpt":{"rendered":"BBVA Research, el centro de investigaci\u00f3n y an\u00e1lisis econ\u00f3mico de BBVA, advierte en un reciente informe que la&hellip;\n","protected":false},"author":2,"featured_media":733302,"comment_status":"","ping_status":"","sticky":false,"template":"","format":"standard","meta":{"footnotes":""},"categories":[80],"tags":[3285,82,95,94,19614,25,24,205,23,3633],"class_list":["post-733301","post","type-post","status-publish","format-standard","has-post-thumbnail","category-economia","tag-bbva","tag-business","tag-economia","tag-economy","tag-electricidad","tag-es","tag-espana","tag-madrid","tag-spain","tag-vivienda"],"share_on_mastodon":{"url":"https:\/\/pubeurope.com\/@es\/117165809238044694","error":""},"_links":{"self":[{"href":"https:\/\/www.europesays.com\/es\/wp-json\/wp\/v2\/posts\/733301","targetHints":{"allow":["GET"]}}],"collection":[{"href":"https:\/\/www.europesays.com\/es\/wp-json\/wp\/v2\/posts"}],"about":[{"href":"https:\/\/www.europesays.com\/es\/wp-json\/wp\/v2\/types\/post"}],"author":[{"embeddable":true,"href":"https:\/\/www.europesays.com\/es\/wp-json\/wp\/v2\/users\/2"}],"replies":[{"embeddable":true,"href":"https:\/\/www.europesays.com\/es\/wp-json\/wp\/v2\/comments?post=733301"}],"version-history":[{"count":0,"href":"https:\/\/www.europesays.com\/es\/wp-json\/wp\/v2\/posts\/733301\/revisions"}],"wp:featuredmedia":[{"embeddable":true,"href":"https:\/\/www.europesays.com\/es\/wp-json\/wp\/v2\/media\/733302"}],"wp:attachment":[{"href":"https:\/\/www.europesays.com\/es\/wp-json\/wp\/v2\/media?parent=733301"}],"wp:term":[{"taxonomy":"category","embeddable":true,"href":"https:\/\/www.europesays.com\/es\/wp-json\/wp\/v2\/categories?post=733301"},{"taxonomy":"post_tag","embeddable":true,"href":"https:\/\/www.europesays.com\/es\/wp-json\/wp\/v2\/tags?post=733301"}],"curies":[{"name":"wp","href":"https:\/\/api.w.org\/{rel}","templated":true}]}}