{"id":733345,"date":"2026-08-27T06:14:17","date_gmt":"2026-08-27T06:14:17","guid":{"rendered":"https:\/\/www.europesays.com\/es\/733345\/"},"modified":"2026-08-27T06:14:17","modified_gmt":"2026-08-27T06:14:17","slug":"responderemos-como-un-terremoto-asi-podria-replicar-iran-al-dia-d-economico-de-trump","status":"publish","type":"post","link":"https:\/\/www.europesays.com\/es\/733345\/","title":{"rendered":"\u00abResponderemos como un terremoto\u00bb: as\u00ed podr\u00eda replicar Ir\u00e1n al \u00abD\u00eda D\u00bb econ\u00f3mico de Trump"},"content":{"rendered":"<p>      CNN\u00a0\u2014\u00a0\n    <\/p>\n<p class=\"paragraph inline-placeholder vossi-paragraph\" data-uri=\"es.cms.cnn.com\/_components\/paragraph\/instances\/cmtb0r44b002o28qmc7vf8fy1@published\" data-editable=\"text\" data-component-name=\"paragraph\" data-article-gutter=\"true\">\n            Mientras Washington pone en marcha su \u00faltimo plan para paralizar la econom\u00eda de Ir\u00e1n, la Rep\u00fablica Isl\u00e1mica ha amenazado con una respuesta regional y global dise\u00f1ada para aumentar la tensi\u00f3n para Estados Unidos y el mundo.\n    <\/p>\n<p class=\"paragraph inline-placeholder vossi-paragraph\" data-uri=\"es.cms.cnn.com\/_components\/paragraph\/instances\/cmtb0uakc0007356rtoa0eei9@published\" data-editable=\"text\" data-component-name=\"paragraph\" data-article-gutter=\"true\">\n            En una <a href=\"https:\/\/www.cnn.com\/2026\/08\/24\/world\/live-news\/iran-war-trump?post-id=cmt7hj75q00003b6vw0t4xgzp\" rel=\"nofollow noopener\" target=\"_blank\">conferencia de prensa el lunes<\/a>, el secretario del Tesoro, Scott Bessent, anunci\u00f3 que Estados Unidos atacar\u00e1 <a href=\"https:\/\/www.cnn.com\/2026\/08\/24\/middleeast\/trump-iran-economic-pain-intl\" rel=\"nofollow noopener\" target=\"_blank\">una compleja red construida por Ir\u00e1n durante a\u00f1os<\/a> para permitir que sus entidades eludan las amplias sanciones de Washington.\n    <\/p>\n<p class=\"paragraph inline-placeholder vossi-paragraph\" data-uri=\"es.cms.cnn.com\/_components\/paragraph\/instances\/cmtb0v1nh001b356r9ujuxzsi@published\" data-editable=\"text\" data-component-name=\"paragraph\" data-article-gutter=\"true\">\n            Esta medida se produce tras seis meses de guerra iniciada por Estados Unidos e Israel, que se encuentra estancada ante la falta de una soluci\u00f3n diplom\u00e1tica.\n    <\/p>\n<p class=\"paragraph inline-placeholder vossi-paragraph\" data-uri=\"es.cms.cnn.com\/_components\/paragraph\/instances\/cmtb0uakc0008356r2nwezz80@published\" data-editable=\"text\" data-component-name=\"paragraph\" data-article-gutter=\"true\">\n            Las dr\u00e1sticas <a href=\"https:\/\/www.cnn.com\/2026\/08\/20\/politics\/trump-iran-war-strait-of-hormuz\" rel=\"nofollow noopener\" target=\"_blank\">sanciones secundarias<\/a> anunciadas por Bessent incluyen penalizaciones para los socios comerciales de Ir\u00e1n en sectores que la Rep\u00fablica Isl\u00e1mica utiliza para sostener su econom\u00eda, como los activos digitales, la tecnolog\u00eda y el transporte mar\u00edtimo.\n    <\/p>\n<p class=\"paragraph inline-placeholder vossi-paragraph\" data-uri=\"es.cms.cnn.com\/_components\/paragraph\/instances\/cmtb0viq4001d356rkxennlvj@published\" data-editable=\"text\" data-component-name=\"paragraph\" data-article-gutter=\"true\">\n            Sin embargo, el tan esperado anuncio de las medidas de \u201cD\u00eda D econ\u00f3mico\u201d de Trump dej\u00f3 a muchos decepcionados, ya que Washington decidi\u00f3 posponer la imposici\u00f3n de nuevas medidas importantes, centr\u00e1ndose en cambio en ampliar e intensificar la aplicaci\u00f3n de los castigos existentes, al tiempo que advert\u00eda que podr\u00edan aplicarse sanciones m\u00e1s severas a los pa\u00edses que no rompieran relaciones.\n    <\/p>\n<p class=\"paragraph inline-placeholder vossi-paragraph\" data-uri=\"es.cms.cnn.com\/_components\/paragraph\/instances\/cmtb0uakd0009356r85llk942@published\" data-editable=\"text\" data-component-name=\"paragraph\" data-article-gutter=\"true\">\n            En lugar de sucumbir a las amenazas, Ir\u00e1n est\u00e1 haciendo alarde de su capacidad para infligir represalias, advirti\u00f3 sobre la ampliaci\u00f3n de los ataques contra los productores de petr\u00f3leo de la regi\u00f3n y los pa\u00edses europeos e, incluso, insinu\u00f3 la militarizaci\u00f3n de su programa nuclear.\n    <\/p>\n<p class=\"paragraph inline-placeholder vossi-paragraph\" data-uri=\"es.cms.cnn.com\/_components\/paragraph\/instances\/cmtb0uakd000f356rpgtcbhe0@published\" data-editable=\"text\" data-component-name=\"paragraph\" data-article-gutter=\"true\">\n            \u201cLlevamos mucho tiempo jugando al ajedrez\u2026 y tambi\u00e9n hemos aprendido a jugar al p\u00f3ker\u201d, declar\u00f3 el lunes a la prensa Esmail Baghaei, portavoz del Ministerio de Asuntos Exteriores de Ir\u00e1n. \u201cDesde hace alg\u00fan tiempo, practicamos una combinaci\u00f3n de ambos\u201d.\n    <\/p>\n<p class=\"paragraph inline-placeholder vossi-paragraph\" data-uri=\"es.cms.cnn.com\/_components\/paragraph\/instances\/cmtb0uakd000g356rrz3hzcyj@published\" data-editable=\"text\" data-component-name=\"paragraph\" data-article-gutter=\"true\">\n            As\u00ed es como Ir\u00e1n podr\u00eda responder a la escalada econ\u00f3mica estadounidense:\n    <\/p>\n<p>        Elevando a\u00fan m\u00e1s el precio del petr\u00f3leo<\/p>\n<p class=\"paragraph inline-placeholder vossi-paragraph\" data-uri=\"es.cms.cnn.com\/_components\/paragraph\/instances\/cmtb0uake000i356rvh7f1idr@published\" data-editable=\"text\" data-component-name=\"paragraph\" data-article-gutter=\"true\">\n            Durante meses, <a href=\"https:\/\/www.cnn.com\/2026\/08\/18\/business\/iran-strait-of-hormuz-oil\" rel=\"nofollow noopener\" target=\"_blank\">Ir\u00e1n ha bloqueado el paso de buques por el estrecho de Ormuz<\/a>, impidiendo que los pa\u00edses de la regi\u00f3n exporten petr\u00f3leo y gas a trav\u00e9s de una ruta que, antes de la guerra, representaba una quinta parte del suministro mundial.\n    <\/p>\n<p class=\"paragraph inline-placeholder vossi-paragraph\" data-uri=\"es.cms.cnn.com\/_components\/paragraph\/instances\/cmtb10j200023356rqtrz2n56@published\" data-editable=\"text\" data-component-name=\"paragraph\" data-article-gutter=\"true\">\n            El grupo hut\u00ed, aliado de Ir\u00e1n en Yemen, <a href=\"https:\/\/www.cnn.com\/2026\/08\/07\/middleeast\/yemen-iran-war-explainer-intl\" rel=\"nofollow noopener\" target=\"_blank\">ha abierto recientemente un nuevo frente en el mar Rojo<\/a>, con el objetivo de atacar las exportaciones petroleras y la infraestructura saud\u00edes.\n    <\/p>\n<p class=\"paragraph inline-placeholder vossi-paragraph\" data-uri=\"es.cms.cnn.com\/_components\/paragraph\/instances\/cmtb0uake000j356rhyc2zi15@published\" data-editable=\"text\" data-component-name=\"paragraph\" data-article-gutter=\"true\">\n            Ahora, los altos mandos militares de la Rep\u00fablica Isl\u00e1mica amenazan con atacar objetivos energ\u00e9ticos m\u00e1s all\u00e1 del estrecho de Ormuz, lo que podr\u00eda afectar algunas de las rutas emergentes de transporte de petr\u00f3leo que evitan dicho estrecho.\n    <\/p>\n<p>       <img decoding=\"async\" src=\"https:\/\/www.europesays.com\/es\/wp-content\/uploads\/2026\/08\/2026-08-25t104944z-2037553553-rc2j5na5s9kv-rtrmadp-3-iran-crisis-hormuz-20260827044455533.jpg\" alt=\"Embarcaciones en el estrecho de Ormuz, cerca de la playa de Bandar Abbas, en Ir\u00e1n, el martes.\" class=\"image__dam-img image__dam-img--loading\" onload=\"this.classList.remove('image__dam-img--loading')\" onerror=\"imageLoadError(this)\" height=\"573\" width=\"860\" loading=\"lazy\"\/><\/p>\n<p class=\"paragraph inline-placeholder vossi-paragraph\" data-uri=\"es.cms.cnn.com\/_components\/paragraph\/instances\/cmtb0uake000m356r6i39jhu5@published\" data-editable=\"text\" data-component-name=\"paragraph\" data-article-gutter=\"true\">\n            \u201cSi la guerra econ\u00f3mica contin\u00faa, no se exportar\u00e1 ni una sola gota de petr\u00f3leo, ni a trav\u00e9s del estrecho de Ormuz ni desde ning\u00fan lugar del golfo P\u00e9rsico\u201d, escribi\u00f3 Mohsen Rezaei, l\u00edder del Consejo Supremo de Seguridad Nacional de Ir\u00e1n, en X. \u201cResponderemos con una fuerza devastadora\u201d, declar\u00f3 m\u00e1s tarde en una entrevista televisada.\n    <\/p>\n<p class=\"paragraph inline-placeholder vossi-paragraph\" data-uri=\"es.cms.cnn.com\/_components\/paragraph\/instances\/cmtb0uakf000s356rvcly70y9@published\" data-editable=\"text\" data-component-name=\"paragraph\" data-article-gutter=\"true\">\n            Cualquier ataque o interrupci\u00f3n del transporte mar\u00edtimo que se produzca podr\u00eda provocar un aumento de los precios mundiales del petr\u00f3leo, lo que probablemente elevar\u00eda el costo del combustible en las gasolineras estadounidenses.\n    <\/p>\n<p class=\"paragraph inline-placeholder vossi-paragraph\" data-uri=\"es.cms.cnn.com\/_components\/paragraph\/instances\/cmtb0uakf000t356rhy2qspbn@published\" data-editable=\"text\" data-component-name=\"paragraph\" data-article-gutter=\"true\">\n            <a href=\"https:\/\/www.cnn.com\/2026\/08\/22\/business\/oil-strait-of-hormuz-iran\" rel=\"nofollow noopener\" target=\"_blank\">Con la ayuda de la Armada estadounidense,<\/a> las compa\u00f1\u00edas petroleras saud\u00edes, kuwait\u00edes, catar\u00edes y emirat\u00edes han comenzado a apagar los transpondedores de sus buques petroleros para evitar ser detectadas por las autoridades iran\u00edes, y han estado exportando petr\u00f3leo con cierto \u00e9xito, aunque los cruces est\u00e1n muy por debajo de las cifras anteriores a la guerra.\n    <\/p>\n<p class=\"paragraph inline-placeholder vossi-paragraph\" data-uri=\"es.cms.cnn.com\/_components\/paragraph\/instances\/cmtb0uakf000u356r5csi6b46@published\" data-editable=\"text\" data-component-name=\"paragraph\" data-article-gutter=\"true\">\n            Arabia Saudita ha desviado unos 5 millones de barriles de petr\u00f3leo diarios a trav\u00e9s de su oleoducto Este-Oeste, lo que le permite exportar a trav\u00e9s del Mar Rojo en lugar del estrecho de Ormuz.\n    <\/p>\n<p class=\"paragraph inline-placeholder vossi-paragraph\" data-uri=\"es.cms.cnn.com\/_components\/paragraph\/instances\/cmtb167fb002p356r1ux1kvx5@published\" data-editable=\"text\" data-component-name=\"paragraph\" data-article-gutter=\"true\">\n            Los productores de petr\u00f3leo de Medio Oriente han desviado otros 2 millones de barriles diarios rodeando el estrecho.\n    <\/p>\n<p class=\"paragraph inline-placeholder vossi-paragraph\" data-uri=\"es.cms.cnn.com\/_components\/paragraph\/instances\/cmtb0uakf000v356rp1rpfu4m@published\" data-editable=\"text\" data-component-name=\"paragraph\" data-article-gutter=\"true\">\n            Ir\u00e1n ha dado a entender que tiene a esos petroleros en el punto de mira, publicando una lista de 45 buques que, seg\u00fan afirma, no cumplen las normas que pretende imponer al transporte mar\u00edtimo por el estrecho de Ormuz, y advirtiendo que los buques que infrinjan sus protocolos se enfrentar\u00e1n a restricciones en futuros viajes, incluidas \u201cmultas, detenci\u00f3n o confiscaci\u00f3n\u201d.\n    <\/p>\n<p class=\"paragraph inline-placeholder vossi-paragraph\" data-uri=\"es.cms.cnn.com\/_components\/paragraph\/instances\/cmtb0uakf000x356rfcvaztot@published\" data-editable=\"text\" data-component-name=\"paragraph\" data-article-gutter=\"true\">\n            Teher\u00e1n tambi\u00e9n podr\u00eda atacar objetivos m\u00e1s lejanos con sus misiles.\n    <\/p>\n<p class=\"paragraph inline-placeholder vossi-paragraph\" data-uri=\"es.cms.cnn.com\/_components\/paragraph\/instances\/cmtb0uakg000y356r5bxpxi8b@published\" data-editable=\"text\" data-component-name=\"paragraph\" data-article-gutter=\"true\">\n            El lunes, el Ministerio de Asuntos Exteriores de Ir\u00e1n se\u00f1al\u00f3 el hecho de que <a href=\"https:\/\/www.cnn.com\/2026\/08\/25\/world\/live-news\/iran-war-trump-sanctions\" rel=\"nofollow noopener\" target=\"_blank\">aviones estadounidenses repostan combustible en territorio b\u00falgaro,<\/a> advirtiendo que Teher\u00e1n podr\u00eda atacar a la naci\u00f3n de la Uni\u00f3n Europea, que tambi\u00e9n es miembro de la OTAN.\n    <\/p>\n<p class=\"paragraph inline-placeholder vossi-paragraph\" data-uri=\"es.cms.cnn.com\/_components\/paragraph\/instances\/cmtb0uakg000z356rp2md6jqx@published\" data-editable=\"text\" data-component-name=\"paragraph\" data-article-gutter=\"true\">\n            \u201cIr\u00e1n tiene el derecho leg\u00edtimo de atacar el punto de origen y la fuente de cualquier acto de agresi\u00f3n\u201d, declar\u00f3 Baghaei a los periodistas el lunes, y agreg\u00f3 que Teher\u00e1n \u201cha dejado claro que cualquier acci\u00f3n considerada como apoyo a la agresi\u00f3n militar estadounidense e israel\u00ed contra Ir\u00e1n constituye, seg\u00fan el derecho internacional, participaci\u00f3n en un acto de agresi\u00f3n\u201d.\n    <\/p>\n<p>       <img decoding=\"async\" src=\"https:\/\/www.europesays.com\/es\/wp-content\/uploads\/2026\/08\/gettyimages-2278579187-20260827044342098.jpg\" alt=\"El portavoz del Ministerio de Asuntos Exteriores de Ir\u00e1n, Esmail Baghaei, durante una conferencia de prensa en Teher\u00e1n, el 1 de junio.\" class=\"image__dam-img image__dam-img--loading\" onload=\"this.classList.remove('image__dam-img--loading')\" onerror=\"imageLoadError(this)\" height=\"573\" width=\"860\" loading=\"lazy\"\/><\/p>\n<p class=\"paragraph inline-placeholder vossi-paragraph\" data-uri=\"es.cms.cnn.com\/_components\/paragraph\/instances\/cmtb0uakg0012356rudkf94hl@published\" data-editable=\"text\" data-component-name=\"paragraph\" data-article-gutter=\"true\">\n            Durante la guerra, Ir\u00e1n agredi\u00f3 a 11 pa\u00edses, principalmente en la regi\u00f3n del Golfo. Sin embargo, tambi\u00e9n se cree que atac\u00f3 una base utilizada por las fuerzas brit\u00e1nicas en Chipre y, al parecer, ha demostrado tener la capacidad de alcanzar islas utilizadas por las fuerzas estadounidenses en lo profundo del Oc\u00e9ano \u00cdndico, a cientos de kil\u00f3metros de distancia.\n    <\/p>\n<p class=\"paragraph inline-placeholder vossi-paragraph\" data-uri=\"es.cms.cnn.com\/_components\/paragraph\/instances\/cmtb0uakg0013356rong1slml@published\" data-editable=\"text\" data-component-name=\"paragraph\" data-article-gutter=\"true\">\n            Un ataque contra un pa\u00eds de la UE aliado de Estados Unidos y miembro de la OTAN como Bulgaria supondr\u00eda una escalada significativa.\n    <\/p>\n<p class=\"paragraph inline-placeholder vossi-paragraph\" data-uri=\"es.cms.cnn.com\/_components\/paragraph\/instances\/cmtb0uakg0014356rfafopott@published\" data-editable=\"text\" data-component-name=\"paragraph\" data-article-gutter=\"true\">\n            \u201cIr\u00e1n considerar\u00e1 la participaci\u00f3n o el apoyo de cualquier pa\u00eds a la guerra econ\u00f3mica de Estados Unidos contra el pueblo iran\u00ed como un acto de guerra\u201d, se\u00f1al\u00f3 Rezaei.\n    <\/p>\n<p class=\"paragraph inline-placeholder vossi-paragraph\" data-uri=\"es.cms.cnn.com\/_components\/paragraph\/instances\/cmtb0uakh0016356ry5lkphfm@published\" data-editable=\"text\" data-component-name=\"paragraph\" data-article-gutter=\"true\">\n            Ir\u00e1n ha sostenido repetidamente que su programa nuclear es <a href=\"https:\/\/www.cnn.com\/2026\/03\/29\/middleeast\/iran-nuclear-bomb-analysis-intl\" rel=\"nofollow noopener\" target=\"_blank\">pac\u00edfico y que no busca construir una bomba,<\/a> a pesar de las afirmaciones de Israel y Estados Unidos que han provocado m\u00faltiples ataques contra instalaciones nucleares iran\u00edes.\n    <\/p>\n<p class=\"paragraph inline-placeholder vossi-paragraph\" data-uri=\"es.cms.cnn.com\/_components\/paragraph\/instances\/cmtb0uaki0017356r2rt32772@published\" data-editable=\"text\" data-component-name=\"paragraph\" data-article-gutter=\"true\">\n            Tras la eliminaci\u00f3n del l\u00edder supremo, el ayatola Al\u00ed Jamenei, por Estados Unidos e Israel \u2014quien hab\u00eda prohibido las armas nucleares\u2014, el discurso en algunos c\u00edrculos oficiales de Ir\u00e1n ha ido cambiando gradualmente hacia la retirada del Tratado de No Proliferaci\u00f3n Nuclear (TNP), que compromete a los Estados miembros a no construir jam\u00e1s una bomba.\n    <\/p>\n<p class=\"paragraph inline-placeholder vossi-paragraph\" data-uri=\"es.cms.cnn.com\/_components\/paragraph\/instances\/cmtb1jxqp003h356raib3mtz3@published\" data-editable=\"text\" data-component-name=\"paragraph\" data-article-gutter=\"true\">\n            <a href=\"https:\/\/www.cnn.com\/2026\/05\/29\/politics\/iran-war-nuclear-stockpile-explained\" rel=\"nofollow noopener\" target=\"_blank\">Alrededor de media tonelada de uranio altamente enriquecido<\/a>, que puede utilizarse para fabricar armas, permanece enterrada en Ir\u00e1n, y la inteligencia estadounidense estima que Teher\u00e1n ha intensificado sus esfuerzos para sellar el dep\u00f3sito.\n    <\/p>\n<p class=\"paragraph inline-placeholder vossi-paragraph\" data-uri=\"es.cms.cnn.com\/_components\/paragraph\/instances\/cmtb1jya0003n356rvv11z736@published\" data-editable=\"text\" data-component-name=\"paragraph\" data-article-gutter=\"true\">\n            Seg\u00fan legisladores iran\u00edes, el parlamento est\u00e1 debatiendo un proyecto de ley para retirarse del Tratado de No Proliferaci\u00f3n Nuclear (TNP).\n    <\/p>\n<p class=\"paragraph inline-placeholder vossi-paragraph\" data-uri=\"es.cms.cnn.com\/_components\/paragraph\/instances\/cmtb1lt9c0043356r0fryp0a3@published\" data-editable=\"text\" data-component-name=\"paragraph\" data-article-gutter=\"true\">\n            El domingo, Rezaei emiti\u00f3 una inusual declaraci\u00f3n en la que plante\u00f3 la posibilidad de que el pa\u00eds desarrolle un arma nuclear.\n    <\/p>\n<p class=\"paragraph inline-placeholder vossi-paragraph\" data-uri=\"es.cms.cnn.com\/_components\/paragraph\/instances\/cmtb1jya0003o356r1qawqktp@published\" data-editable=\"text\" data-component-name=\"paragraph\" data-article-gutter=\"true\">\n            \u201cEl mundo entero se pregunta: \u2018\u00bfEntonces el TNP no tiene ning\u00fan efecto?\u2019\u201d, declar\u00f3 a la emisora \u200b\u200bestatal en una entrevista, y a\u00f1adi\u00f3: \u201cCuando Estados Unidos libra una guerra de este tipo, la gente pregunta: \u00bfPor qu\u00e9 no deber\u00edamos nosotros mismos desarrollar armas nucleares?\u201d.\n    <\/p>\n<p class=\"paragraph inline-placeholder vossi-paragraph\" data-uri=\"es.cms.cnn.com\/_components\/paragraph\/instances\/cmtb1jya1003q356rrfbzrnb4@published\" data-editable=\"text\" data-component-name=\"paragraph\" data-article-gutter=\"true\">\n            Seg\u00fan los expertos, es poco probable que las medidas colectivas de bloqueo, sanciones y acci\u00f3n militar de Washington lleven a Ir\u00e1n a abandonar sus posiciones negociadoras fundamentales de alivio econ\u00f3mico y reconocimiento de su control sobre el estrecho de Ormuz.\n    <\/p>\n<p class=\"paragraph inline-placeholder vossi-paragraph\" data-uri=\"es.cms.cnn.com\/_components\/paragraph\/instances\/cmtb1jya1003r356re0qntxtu@published\" data-editable=\"text\" data-component-name=\"paragraph\" data-article-gutter=\"true\">\n            \u201cIr\u00e1n conserva la capacidad de regionalizar los costos que se le imponen al amenazar los flujos de energ\u00eda, la infraestructura y el comercio regional\u201d, declar\u00f3 a CNN Sina Toossi, investigador principal del Centro de Pol\u00edtica Internacional en Washington. \u201cCuanto m\u00e1s amplio intente ser el bloqueo econ\u00f3mico de Washington, m\u00e1s pa\u00edses necesitar\u00e1 para cooperar y, potencialmente, m\u00e1s actores presionar\u00e1 Teher\u00e1n en respuesta\u201d.\n    <\/p>\n<p class=\"paragraph inline-placeholder vossi-paragraph\" data-uri=\"es.cms.cnn.com\/_components\/paragraph\/instances\/cmtb1jya1003s356r67gd2vmk@published\" data-editable=\"text\" data-component-name=\"paragraph\" data-article-gutter=\"true\">\n            Por ahora, dijo Toossi, la respuesta de Ir\u00e1n consistir\u00e1 en una combinaci\u00f3n de adaptaci\u00f3n econ\u00f3mica y disuasi\u00f3n de la escalada.\n    <\/p>\n<p class=\"paragraph inline-placeholder vossi-paragraph\" data-uri=\"es.cms.cnn.com\/_components\/paragraph\/instances\/cmtb1jya1003t356rgepijhqf@published\" data-editable=\"text\" data-component-name=\"paragraph\" data-article-gutter=\"true\">\n            \u201cConstruir v\u00edas de comunicaci\u00f3n alternativas siempre que sea posible, dejando claro que un intento de estrangulamiento econ\u00f3mico total no ser\u00e1 gratuito para la regi\u00f3n\u201d, apunt\u00f3.\n    <\/p>\n","protected":false},"excerpt":{"rendered":"CNN\u00a0\u2014\u00a0 Mientras Washington pone en marcha su \u00faltimo plan para paralizar la econom\u00eda de Ir\u00e1n, la Rep\u00fablica Isl\u00e1mica&hellip;\n","protected":false},"author":2,"featured_media":733346,"comment_status":"","ping_status":"","sticky":false,"template":"","format":"standard","meta":{"footnotes":""},"categories":[42],"tags":[17,18,352,110020,112859,13,14,90678,11,61,62,63,64,19,20,38095,9,10,15,16,1195,12,21,22,65,66,67],"class_list":["post-733345","post","type-post","status-publish","format-standard","has-post-thumbnail","category-internacional","tag-breaking-news","tag-breakingnews","tag-donald-trump","tag-economia-mundial","tag-estrecho-ormuz","tag-featured-news","tag-featurednews","tag-guerra-iran","tag-headlines","tag-internacional","tag-international","tag-international-news","tag-internationalnews","tag-latest-news","tag-latestnews","tag-medio-oriente","tag-news","tag-noticias","tag-noticias-destacadas","tag-noticiasdestacadas","tag-petroleo","tag-titulares","tag-ultimas-noticias","tag-ultimasnoticias","tag-world","tag-world-news","tag-worldnews"],"share_on_mastodon":{"url":"https:\/\/pubeurope.com\/@es\/117166007632426096","error":""},"_links":{"self":[{"href":"https:\/\/www.europesays.com\/es\/wp-json\/wp\/v2\/posts\/733345","targetHints":{"allow":["GET"]}}],"collection":[{"href":"https:\/\/www.europesays.com\/es\/wp-json\/wp\/v2\/posts"}],"about":[{"href":"https:\/\/www.europesays.com\/es\/wp-json\/wp\/v2\/types\/post"}],"author":[{"embeddable":true,"href":"https:\/\/www.europesays.com\/es\/wp-json\/wp\/v2\/users\/2"}],"replies":[{"embeddable":true,"href":"https:\/\/www.europesays.com\/es\/wp-json\/wp\/v2\/comments?post=733345"}],"version-history":[{"count":0,"href":"https:\/\/www.europesays.com\/es\/wp-json\/wp\/v2\/posts\/733345\/revisions"}],"wp:featuredmedia":[{"embeddable":true,"href":"https:\/\/www.europesays.com\/es\/wp-json\/wp\/v2\/media\/733346"}],"wp:attachment":[{"href":"https:\/\/www.europesays.com\/es\/wp-json\/wp\/v2\/media?parent=733345"}],"wp:term":[{"taxonomy":"category","embeddable":true,"href":"https:\/\/www.europesays.com\/es\/wp-json\/wp\/v2\/categories?post=733345"},{"taxonomy":"post_tag","embeddable":true,"href":"https:\/\/www.europesays.com\/es\/wp-json\/wp\/v2\/tags?post=733345"}],"curies":[{"name":"wp","href":"https:\/\/api.w.org\/{rel}","templated":true}]}}