{"id":733397,"date":"2026-08-27T06:58:51","date_gmt":"2026-08-27T06:58:51","guid":{"rendered":"https:\/\/www.europesays.com\/es\/733397\/"},"modified":"2026-08-27T06:58:51","modified_gmt":"2026-08-27T06:58:51","slug":"morante-no-torea-hoy-en-cuenca","status":"publish","type":"post","link":"https:\/\/www.europesays.com\/es\/733397\/","title":{"rendered":"Morante no torea hoy en Cuenca"},"content":{"rendered":"<p><strong>Morante de la Puebla<\/strong> no podr\u00e1 cumplir este mi\u00e9rcoles con su segunda tarde en la <strong>Feria de San Juli\u00e1n<\/strong> de <strong>Cuenca<\/strong>. El sevillano se ha resentido de la dura cogida sufrida en <strong>M\u00e1laga<\/strong>, que le caus\u00f3 fuertes dolores en su rodilla y un golpe en el vasto interno. A pesar de ello, y con tratamiento analg\u00e9sico y antiinflamatorio, consigui\u00f3 torear el lunes en <strong>Cuenca<\/strong>, en el primero de sus dos pase\u00edllos, y ayer en <strong>Almagro<\/strong>. Pero tras la corrida de ayer, los dolores se han incrementado y ha sentido la obligaci\u00f3n de parar.<\/p>\n<p>El torero estaba anunciado hoy junto a <strong>Jos\u00e9 Mar\u00eda Manzanares<\/strong> y <strong>Borja Jim\u00e9nez<\/strong> para lidiar una corrida de <strong>Domingo<\/strong> <strong>Hern\u00e1ndez<\/strong>. Y por delante le espera una de sus semanas m\u00e1s completas, anunciado en <strong>Palencia<\/strong>, <strong>Bilbao<\/strong> y <strong>San Sebasti\u00e1n de los Reyes<\/strong>.<\/p>\n","protected":false},"excerpt":{"rendered":"Morante de la Puebla no podr\u00e1 cumplir este mi\u00e9rcoles con su segunda tarde en la Feria de San&hellip;\n","protected":false},"author":2,"featured_media":733398,"comment_status":"","ping_status":"","sticky":false,"template":"","format":"standard","meta":{"footnotes":""},"categories":[91],"tags":[3076,1942,146,147,25,24,130333,1392,23],"class_list":["post-733397","post","type-post","status-publish","format-standard","has-post-thumbnail","category-entretenimiento","tag-3076","tag-cuenca","tag-entertainment","tag-entretenimiento","tag-es","tag-espana","tag-feria-de-san-julian","tag-morante-de-la-puebla","tag-spain"],"share_on_mastodon":{"url":"https:\/\/pubeurope.com\/@es\/117166182564010427","error":""},"_links":{"self":[{"href":"https:\/\/www.europesays.com\/es\/wp-json\/wp\/v2\/posts\/733397","targetHints":{"allow":["GET"]}}],"collection":[{"href":"https:\/\/www.europesays.com\/es\/wp-json\/wp\/v2\/posts"}],"about":[{"href":"https:\/\/www.europesays.com\/es\/wp-json\/wp\/v2\/types\/post"}],"author":[{"embeddable":true,"href":"https:\/\/www.europesays.com\/es\/wp-json\/wp\/v2\/users\/2"}],"replies":[{"embeddable":true,"href":"https:\/\/www.europesays.com\/es\/wp-json\/wp\/v2\/comments?post=733397"}],"version-history":[{"count":0,"href":"https:\/\/www.europesays.com\/es\/wp-json\/wp\/v2\/posts\/733397\/revisions"}],"wp:featuredmedia":[{"embeddable":true,"href":"https:\/\/www.europesays.com\/es\/wp-json\/wp\/v2\/media\/733398"}],"wp:attachment":[{"href":"https:\/\/www.europesays.com\/es\/wp-json\/wp\/v2\/media?parent=733397"}],"wp:term":[{"taxonomy":"category","embeddable":true,"href":"https:\/\/www.europesays.com\/es\/wp-json\/wp\/v2\/categories?post=733397"},{"taxonomy":"post_tag","embeddable":true,"href":"https:\/\/www.europesays.com\/es\/wp-json\/wp\/v2\/tags?post=733397"}],"curies":[{"name":"wp","href":"https:\/\/api.w.org\/{rel}","templated":true}]}}