{"id":733413,"date":"2026-08-27T07:14:36","date_gmt":"2026-08-27T07:14:36","guid":{"rendered":"https:\/\/www.europesays.com\/es\/733413\/"},"modified":"2026-08-27T07:14:36","modified_gmt":"2026-08-27T07:14:36","slug":"carla-goyanes-arropada-por-su-familia-recuerda-a-su-hermana-caritina-en-un-funeral-marcado-por-dos-grandes-ausencias","status":"publish","type":"post","link":"https:\/\/www.europesays.com\/es\/733413\/","title":{"rendered":"Carla Goyanes, arropada por su familia, recuerda a su hermana Caritina en un funeral marcado por dos grandes ausencias"},"content":{"rendered":"<p class=\"paragraph\" id=\"paragraph_1\">El tiempo pasa, pero el recuerdo de quienes ya no est\u00e1n permanece intacto entre los seres queridos. Dos a\u00f1os despu\u00e9s de aquel devastador 26 agosto de 2024, cuando<a data-forcefollow=\"false\" data-sponsored=\"false\" href=\"https:\/\/www.elespanol.com\/corazon\/famosos\/20240826\/hallan-sin-vida-caritina-goyanes-anos-solo-dias-despues-muerte-padre-carlos\/881162250_0.html?utm_cmp_rs=linksinline\" rel=\"nofollow noopener\" target=\"_blank\"> <strong>Caritina Goyanes perdi\u00f3 la vida con tan solo 46 a\u00f1os<\/strong>,<\/a> algunos miembros del clan se han reunido en <strong>Madrid <\/strong>para rendirle un sentido homenaje en un <strong>funeral<\/strong>.<\/p>\n<p class=\"paragraph\" id=\"paragraph_2\">La empresaria y fundadora del afamado c\u00e1tering <strong>Six Senses <\/strong>falleci\u00f3 hace ya dos a\u00f1os tras sufrir un <strong>infarto <\/strong>fulminante en la residencia familiar de <strong>Guadalmina<\/strong>, en <strong>Marbella<\/strong>.<\/p>\n<p class=\"paragraph\" id=\"paragraph_3\">Aquella tr\u00e1gica p\u00e9rdida ocurri\u00f3 tan solo 19 d\u00edas despu\u00e9s de <a data-forcefollow=\"false\" data-sponsored=\"false\" href=\"https:\/\/www.elespanol.com\/corazon\/famosos\/20240807\/muere-repentinamente-carlos-goyanes-marido-cari-lapique-dormia-casa-marbella\/876412783_0.html?utm_cmp_rs=linksinline\" rel=\"nofollow noopener\" target=\"_blank\">la repentina muerte de su padre,<strong> Carlos Goyane<\/strong><strong>s<\/strong><\/a>. Un dur\u00edsimo varapalo que dej\u00f3 un profundo vac\u00edo incalculable en su entorno.<\/p>\n<p class=\"paragraph\" id=\"paragraph_4\">Este mi\u00e9rcoles, 26 de agosto, coincidiendo con<strong> el segundo aniversario de su deceso<\/strong>, su hermana<a data-forcefollow=\"false\" data-sponsored=\"false\" href=\"https:\/\/www.elespanol.com\/corazon\/famosos\/20251208\/paseo-coche-caballos-visita-estadios-ciudad-hoja-ruta-carla-goyanes-hijo-sevilla\/1003744046828_0.html?utm_cmp_rs=linksinline\" rel=\"nofollow noopener\" target=\"_blank\"> Carla Goyanes<\/a> (43) ha querido rendirle un tributo organizando una <strong>misa <\/strong>en una c\u00e9ntrica iglesia de la capital. Una cita que, pese a su emotivo car\u00e1cter, ha estado caracterizado por <strong>dos destacadas ausencias.<\/strong><\/p>\n<p><img loading=\"lazy\" decoding=\"async\" alt=\"DL_u615553_038.jpg\" height=\"240\" src=\"https:\/\/www.europesays.com\/es\/wp-content\/uploads\/2026\/08\/h:240&#038;h=5fkxWyYa.jpeg\" width=\"320\" data-lazy-status=\"processed\" data-lazy-info=\"remove loading item 1\"\/><\/p>\n<p><img decoding=\"async\" alt=\"Carla Goyanes, este mi\u00e9rcoles, en el funeral de su hermana Caritina en Madrid.\" height=\"2823\" loading=\"lazy\" width=\"1706\" data-lazy-status=\"processed\" id=\"d1d71fee31\" src=\"https:\/\/www.elespanol.com\/corazon\/famosos\/20260826\/carla-goyanes-arropada-familia-recuerda-hermana-caritina-funeral-marcado-grandes-ausencias\/[\" https:=\"\" data-lazy-info=\"changed src\"\/><\/p>\n<p>                                                            Carla Goyanes, este mi\u00e9rcoles, en el funeral de su hermana Caritina en Madrid.<\/p>\n<p>                    GTRES<\/p>\n<p>El refugio en la fe<\/p>\n<p class=\"paragraph\" id=\"paragraph_5\">Acompa\u00f1ada por su marido, <strong>Jorge Bengur\u00eda<\/strong>, y sus tres hijos \u2014<strong>Carlos<\/strong>, <strong>Santi <\/strong>y <strong>Beltr\u00e1n<\/strong>\u2014, Carla se ha dejado ver accediendo al templo luciendo un sobrio conjunto de pantal\u00f3n negro y camisa oversize blanca.<\/p>\n<p class=\"paragraph\" id=\"paragraph_6\">Aunque en un principio ha intentado evitar hacer declaraciones, la t\u00edmida sonrisa que ha esbozado al ver a la prensa gr\u00e1fica reflejaba la serenidad con la que afronta este homenaje de ambiente estrictamente \u00edntimo y familiar.<\/p>\n<p><img decoding=\"async\" alt=\"Carla Goyanes, con su marido, Jorge Bengur\u00eda, y sus tres hijos.\" height=\"1204\" loading=\"lazy\" width=\"1706\" data-lazy-status=\"processed\" id=\"b17e3b2fe8\" src=\"https:\/\/www.elespanol.com\/corazon\/famosos\/20260826\/carla-goyanes-arropada-familia-recuerda-hermana-caritina-funeral-marcado-grandes-ausencias\/[\" https:=\"\" data-lazy-info=\"changed src\"\/><\/p>\n<p>                                                            Carla Goyanes, con su marido, Jorge Bengur\u00eda, y sus tres hijos.<\/p>\n<p>                    GTRES<\/p>\n<p class=\"paragraph\" id=\"paragraph_7\">En esta fecha tan se\u00f1alada, tanto<strong> Cari Lapique <\/strong>como<strong> Antonio Matos,<\/strong> viudo de Caritina, han preferido no estar presentes en la ciudad y poner tierra de por medio para sobrellevar un dolor que sigue siendo intenso.<\/p>\n<p class=\"paragraph\" id=\"paragraph_8\">Carla ha explicado que su cu\u00f1ado y su madre se encontraban fuera de Madrid, y que todos los miembros del clan <strong>siguen apoy\u00e1ndose en la fe<\/strong> para afrontar el d\u00eda a d\u00eda.<\/p>\n<p><img decoding=\"async\" alt=\"Carla Goyanes, arropada por su c\u00edrculo \u00edntimo en el funeral por su hermana Caritina.\" data-imgm=\"true\" height=\"960\" loading=\"lazy\"  src=\"https:\/\/www.europesays.com\/es\/wp-content\/uploads\/2026\/08\/h:960&#038;h=qkhdd3Fo.jpeg\"  width=\"1706\"\/><\/p>\n<p>                                                            Carla Goyanes, arropada por su c\u00edrculo \u00edntimo en el funeral por su hermana Caritina.<\/p>\n<p>                    GTRES<\/p>\n<p>El apoyo de Nuria Gonz\u00e1lez<\/p>\n<p class=\"paragraph\" id=\"paragraph_9\">Cabe recordar que el viudo de Caritina ha recordado recientemente a su gran amor en una entrevista concedida a Vanitatis. En ella confes\u00f3 que elige recordar a Caritina con una sonrisa y que habla con total naturalidad de ella con sus hijos, <strong>Pedro <\/strong>y <strong>MiniCari<\/strong>.<\/p>\n<p class=\"paragraph\" id=\"paragraph_10\">Al homenaje no solo ha acudido la familia directa, sino tambi\u00e9n allegados muy cercanos como <strong>Nuria Gonz\u00e1lez,<\/strong> uno de los pilares fundamentales para Cari Lapique desde la p\u00e9rdida de su esposo y su hija mayor.<\/p>\n<p class=\"paragraph\" id=\"paragraph_11\">Tras la ceremonia, centrada en recordar la bondad y la alegr\u00eda contagiosa de Caritina, se pudo ver a<strong> la viuda de Fern\u00e1ndez-Tapias <\/strong>compartiendo confidencias con Carla, dejando claro que el legado afectivo de la empresaria sigue m\u00e1s vivo que nunca entre todos aquellos que formaron parte de su vida.<\/p>\n<p class=\"paragraph\" id=\"paragraph_12\">Para la familia Goyanes, el dolor de la p\u00e9rdida camina de la mano de <strong>un constante tributo a la memoria<\/strong> <strong>de Carlos y Caritina.<\/strong> Muestra de ello es el emotivo <strong>homenaje <\/strong>que tuvo lugar tan solo unas semanas antes de este <strong>funeral<\/strong>, concretamente el pasado<strong> 6 de agosto<\/strong> en <strong>Marbella<\/strong>.<\/p>\n<p class=\"paragraph\" id=\"paragraph_13\">Por segundo a\u00f1o consecutivo,<strong> Cari Lapique <\/strong>y su hija <strong>Carla <\/strong>se reencontraron en la <strong>Costa del Sol <\/strong>para celebrar la segunda edici\u00f3n del<strong> Memorial Carlos Goyanes <\/strong><strong>de P\u00e1del,<\/strong> una cita deportiva y social impulsada por la propia Carla para mantener vivo el legado de su progenitor.<\/p>\n<p class=\"paragraph\" id=\"paragraph_14\">Durante cinco jornadas, las pistas del <strong>Unicorn Racket Club<\/strong>, ubicado entre <strong>Marbella <\/strong>y <strong>Sotogrande<\/strong>, se convirtieron en el epicentro de un encuentro muy especial que reuni\u00f3 a ni\u00f1os, j\u00f3venes y adultos. <\/p>\n<p class=\"paragraph\" id=\"paragraph_15\">M\u00e1s all\u00e1 del \u00e1mbito estrictamente deportivo, este torneo cristaliz\u00f3 la conmovedora forma del clan de<strong> transformar el duelo en <\/strong><strong>comunidad<\/strong>, donde el recuerdo imborrable de Carlos Goyanes y, de manera inevitable, el de Caritina, sigue uniendo a la familia a trav\u00e9s del cari\u00f1o y la complicidad.<\/p>\n","protected":false},"excerpt":{"rendered":"El tiempo pasa, pero el recuerdo de quienes ya no est\u00e1n permanece intacto entre los seres queridos. Dos&hellip;\n","protected":false},"author":2,"featured_media":733414,"comment_status":"","ping_status":"","sticky":false,"template":"","format":"standard","meta":{"footnotes":""},"categories":[174],"tags":[5277,29159,255,146,147,25,24,256,9235,23],"class_list":["post-733413","post","type-post","status-publish","format-standard","has-post-thumbnail","category-famosos","tag-cari-lapique","tag-caritina-goyanes","tag-celebrities","tag-entertainment","tag-entretenimiento","tag-es","tag-espana","tag-famosos","tag-funerales","tag-spain"],"share_on_mastodon":{"url":"https:\/\/pubeurope.com\/@es\/117166241865271073","error":""},"_links":{"self":[{"href":"https:\/\/www.europesays.com\/es\/wp-json\/wp\/v2\/posts\/733413","targetHints":{"allow":["GET"]}}],"collection":[{"href":"https:\/\/www.europesays.com\/es\/wp-json\/wp\/v2\/posts"}],"about":[{"href":"https:\/\/www.europesays.com\/es\/wp-json\/wp\/v2\/types\/post"}],"author":[{"embeddable":true,"href":"https:\/\/www.europesays.com\/es\/wp-json\/wp\/v2\/users\/2"}],"replies":[{"embeddable":true,"href":"https:\/\/www.europesays.com\/es\/wp-json\/wp\/v2\/comments?post=733413"}],"version-history":[{"count":0,"href":"https:\/\/www.europesays.com\/es\/wp-json\/wp\/v2\/posts\/733413\/revisions"}],"wp:featuredmedia":[{"embeddable":true,"href":"https:\/\/www.europesays.com\/es\/wp-json\/wp\/v2\/media\/733414"}],"wp:attachment":[{"href":"https:\/\/www.europesays.com\/es\/wp-json\/wp\/v2\/media?parent=733413"}],"wp:term":[{"taxonomy":"category","embeddable":true,"href":"https:\/\/www.europesays.com\/es\/wp-json\/wp\/v2\/categories?post=733413"},{"taxonomy":"post_tag","embeddable":true,"href":"https:\/\/www.europesays.com\/es\/wp-json\/wp\/v2\/tags?post=733413"}],"curies":[{"name":"wp","href":"https:\/\/api.w.org\/{rel}","templated":true}]}}