{"id":733425,"date":"2026-08-27T07:24:15","date_gmt":"2026-08-27T07:24:15","guid":{"rendered":"https:\/\/www.europesays.com\/es\/733425\/"},"modified":"2026-08-27T07:24:15","modified_gmt":"2026-08-27T07:24:15","slug":"el-cambio-de-look-de-maria-chivite-que-gusta-entre-sus-seguidores","status":"publish","type":"post","link":"https:\/\/www.europesays.com\/es\/733425\/","title":{"rendered":"El cambio de look de Mar\u00eda Chivite que gusta entre sus seguidores"},"content":{"rendered":"<p>\n        <a href=\"https:\/\/www.noticiasdenavarra.com\/tags\/maria-chivite\/\" title=\"Mar\u00eda Chivite\" target=\"_blank\" class=\"link copy\" rel=\"nofollow noopener\">Mar\u00eda Chivite<\/a> se ha atrevido con un <strong>nuevo cambio de look<\/strong> y ha decidido compartir todo el proceso con sus seguidores a trav\u00e9s de las redes sociales. La presidenta de <a href=\"https:\/\/www.noticiasdenavarra.com\/tags\/navarra\/\" title=\"Navarra\" target=\"_blank\" class=\"link copy\" rel=\"nofollow noopener\">Navarra<\/a> ha mostrado en varias publicaciones c\u00f3mo se somete al corte de pelo y el resultado final, dejando atr\u00e1s su anterior imagen para lucir un estilo diferente.\n<\/p>\n<p class=\"article-body__text \">\n        El cambio no se ha limitado a una fotograf\u00eda del resultado. Chivite ha optado por ense\u00f1ar tambi\u00e9n <strong>el proceso del cambio de imagen<\/strong>, desde el momento en el que comienza el corte hasta que descubre su nuevo aspecto, en un contenido alejado del habitual registro institucional de la presidenta. La publicaci\u00f3n ha tenido adem\u00e1s una <strong>buena acogida entre sus seguidores<\/strong>, que han dejado numerosos comentarios valorando positivamente el resultado y felicitando a Chivite por su nueva imagen. La respuesta en redes refleja el inter\u00e9s que generan este tipo de contenidos m\u00e1s personales de la presidenta.\n<\/p>\n<p>            <a href=\"https:\/\/www.noticiasdenavarra.com\/politica\/2026\/02\/08\/chivite-3-0-10671603.html\" title=\"Chivite 3.0\" class=\"new__media\" rel=\"nofollow noopener\" target=\"_blank\"><\/p>\n<p>                <img alt=\"Chivite 3.0\" data-src=\"https:\/\/www.europesays.com\/es\/wp-content\/uploads\/2026\/08\/c1fcc54a-2b2e-4260-aabd-9e5db6f501eb_16-9-aspect-ratio_default_0.jpg\" class=\"lozad\"\/><\/p>\n<p>        <\/a><\/p>\n<p>        <a href=\"https:\/\/www.noticiasdenavarra.com\/politica\/2026\/02\/08\/chivite-3-0-10671603.html\" title=\"Chivite 3.0\" class=\"new__headline\" rel=\"nofollow noopener\" target=\"_blank\"><br \/>\n            Chivite 3.0<br \/>\n        <\/a><\/p>\n<p class=\"article-body__text \">\n        El nuevo look llega en un momento en el que <strong>Chivite ha incrementado su presencia en redes sociales<\/strong> y ha incorporado a sus perfiles contenidos de car\u00e1cter m\u00e1s personal y desenfadado. La presidenta viene desarrollando desde hace meses un perfil m\u00e1s activo e incisivo de la presidenta en las redes sociales. As\u00ed, Chivite ha protagonizado diferentes publicaciones en las que se aleja por momentos de la comunicaci\u00f3n estrictamente institucional. Uno de los ejemplos m\u00e1s recientes fue el v\u00eddeo con el que anim\u00f3 a la selecci\u00f3n espa\u00f1ola antes de la final del Mundial, dando especial apoyo a la representaci\u00f3n navarra, tambi\u00e9n difundido a trav\u00e9s de las redes sociales.\n<\/p>\n<p class=\"article-body__text \">\n        Ahora, el <strong>cambio de look<\/strong> supone otra muestra de esa vertiente m\u00e1s personal que la presidenta est\u00e1 mostrando en sus perfiles. En esta ocasi\u00f3n, el protagonista no es una actividad de la agenda institucional ni un asunto pol\u00edtico, sino una decisi\u00f3n relacionada directamente con su imagen. Chivite cambia as\u00ed de registro y permite a sus seguidores acompa\u00f1arla en un momento tan cotidiano como <strong>cortarse el pelo<\/strong>. Una apuesta por un contenido m\u00e1s cercano que, a juzgar por los comentarios recibidos, ha encontrado una respuesta mayoritariamente positiva entre quienes siguen a la presidenta en redes.<\/p>\n","protected":false},"excerpt":{"rendered":"Mar\u00eda Chivite se ha atrevido con un nuevo cambio de look y ha decidido compartir todo el proceso&hellip;\n","protected":false},"author":2,"featured_media":733426,"comment_status":"","ping_status":"","sticky":false,"template":"","format":"standard","meta":{"footnotes":""},"categories":[80],"tags":[82,7556,52559,95,94,25,24,7486,1932,23],"class_list":["post-733425","post","type-post","status-publish","format-standard","has-post-thumbnail","category-economia","tag-business","tag-cambio","tag-chivite","tag-economia","tag-economy","tag-es","tag-espana","tag-look","tag-maria","tag-spain"],"share_on_mastodon":{"url":"https:\/\/pubeurope.com\/@es\/117166281013147490","error":""},"_links":{"self":[{"href":"https:\/\/www.europesays.com\/es\/wp-json\/wp\/v2\/posts\/733425","targetHints":{"allow":["GET"]}}],"collection":[{"href":"https:\/\/www.europesays.com\/es\/wp-json\/wp\/v2\/posts"}],"about":[{"href":"https:\/\/www.europesays.com\/es\/wp-json\/wp\/v2\/types\/post"}],"author":[{"embeddable":true,"href":"https:\/\/www.europesays.com\/es\/wp-json\/wp\/v2\/users\/2"}],"replies":[{"embeddable":true,"href":"https:\/\/www.europesays.com\/es\/wp-json\/wp\/v2\/comments?post=733425"}],"version-history":[{"count":0,"href":"https:\/\/www.europesays.com\/es\/wp-json\/wp\/v2\/posts\/733425\/revisions"}],"wp:featuredmedia":[{"embeddable":true,"href":"https:\/\/www.europesays.com\/es\/wp-json\/wp\/v2\/media\/733426"}],"wp:attachment":[{"href":"https:\/\/www.europesays.com\/es\/wp-json\/wp\/v2\/media?parent=733425"}],"wp:term":[{"taxonomy":"category","embeddable":true,"href":"https:\/\/www.europesays.com\/es\/wp-json\/wp\/v2\/categories?post=733425"},{"taxonomy":"post_tag","embeddable":true,"href":"https:\/\/www.europesays.com\/es\/wp-json\/wp\/v2\/tags?post=733425"}],"curies":[{"name":"wp","href":"https:\/\/api.w.org\/{rel}","templated":true}]}}