{"id":733525,"date":"2026-08-27T08:39:17","date_gmt":"2026-08-27T08:39:17","guid":{"rendered":"https:\/\/www.europesays.com\/es\/733525\/"},"modified":"2026-08-27T08:39:17","modified_gmt":"2026-08-27T08:39:17","slug":"la-moncloa-educacion-confirma-el-inicio-del-curso-escolar-en-ceuta-el-proximo-8-de-septiembre","status":"publish","type":"post","link":"https:\/\/www.europesays.com\/es\/733525\/","title":{"rendered":"La Moncloa. Educaci\u00f3n confirma el inicio del curso escolar en Ceuta el pr\u00f3ximo 8 de septiembre"},"content":{"rendered":"<p>&#13;<\/p>\n<p>El secretario de Estado de Educaci\u00f3n, Abelardo de la Rosa, ha se\u00f1alado este mi\u00e9rcoles que el curso escolar en Ceuta comenzar\u00e1 el pr\u00f3ximo 8 de septiembre, tal y como estaba previsto, y ha asegurado que se va a aportar la seguridad y la tranquilidad a las familias para que sus hijos puedan acudir a los centros educativos.<\/p>\n<p>Abelardo de la Rosa ha hecho estas declaraciones en una rueda de prensa en la Ciudad Aut\u00f3noma, tras la celebraci\u00f3n de una Junta Local de Seguridad convocada a petici\u00f3n de la Delegaci\u00f3n del Gobierno de Ceuta en la que figuraba un \u00fanico punto del d\u00eda: la coordinaci\u00f3n del operativo de seguridad de cara al inicio del curso escolar 2026-2027 en dicho territorio. En el mencionado encuentro se ha acordado que se reforzar\u00e1 la presencia policial para garantizar la seguridad tanto en el transporte escolar como en el acceso a los centros educativos.<\/p>\n<p>Centros escolares<\/p>\n<p>Desde el comienzo de la crisis de Ceuta, el Ministerio de Educaci\u00f3n ofreci\u00f3 a las autoridades pertinentes cuantos centros escolares necesitaran para ubicar a las personas migrantes, siempre pensando en el bienestar de las ni\u00f1as y los ni\u00f1os. El Ministerio ofreci\u00f3 tres centros escolares de Ceuta para alojar a las ni\u00f1as y ni\u00f1os adolescentes, con el claro fin de protegerlos y asegurar sus condiciones de bienestar, de los que se utilizaron dos: el Reina Sof\u00eda y el Pr\u00edncipe Felipe.<\/p>\n<p>Tal y como ha explicado el secretario de Estado, el Ministerio de Educaci\u00f3n \u00abno ha dejado de trabajar desde el primer momento para que el curso arranque en la fecha prevista\u00bb. Para ello, los dos centros escolares utilizados para el alojamiento de migrantes (el Reina Sof\u00eda y el Pr\u00edncipe Felipe) ya han sido desalojados y se est\u00e1 procediendo al acondicionamiento y reparaci\u00f3n de posibles desperfectos que se hayan podido originar, de forma que estar\u00e1n en perfectas condiciones para que las clases se impartan con normalidad.<\/p>\n<p>Respecto al profesorado y a los equipos directivos, De la Rosa ha indicado que se podr\u00e1n incorporar el pr\u00f3ximo 1 de septiembre a sus centros de trabajo, puesto que todo estar\u00e1 preparado para tal fin.<\/p>\n<p>Refuerzo policial<\/p>\n<p>El secretario de Estado ha explicado en su comparecencia, en la que ha estado acompa\u00f1ado por el delegado del Gobierno en Ceuta, Miguel \u00c1ngel P\u00e9rez Triano; y por el director general de Planificaci\u00f3n y Gesti\u00f3n Educativa del Ministerio, Javier Rodr\u00edguez Torres, que el Ministerio de Educaci\u00f3n ha propuesto que haya acompa\u00f1amiento policial en las diferentes rutas escolares, y, de igual forma, que los agentes est\u00e9n presentes en las entradas y salidas de los alumnos a los centros escolares.<\/p>\n<p>Adem\u00e1s, ha concretado, \u00abpediremos que se refuerce la seguridad en las inmediaciones de los centros escolares durante las tardes y las noches para que no entre personal no autorizado en dichos edificios\u00bb.<\/p>\n<p>Respecto a la presencia uniformada, ha especificado que participar\u00e1n agentes de la Polic\u00eda Local, de la Guardia Civil, de las Fuerzas Armadas, de la <a href=\"https:\/\/policia.es\/_es\/index.php\" target=\"_blank\" title=\"Polic\u00eda Nacional\" onclick=\"javascript:GoogleTrackEvent(&#039;True&#039;,&#039;Contenido&#039;,&#039;Click&#039;,&#039;[https:\/\/www.lamoncloa.gob.es\/serviciosdeprensa\/notasprensa\/educacion-fp-deportes\/Paginas\/2026\/260826-curso-escolar-ceuta.aspx] Polic\u00eda Nacional . [https:\/\/policia.es\/_es\/index.php]&#039;);\" rel=\"nofollow noopener\">Polic\u00eda Nacional <\/a>y hasta de Protecci\u00f3n Civil.<\/p>\n<p>De la Rosa ha se\u00f1alado que el Ministerio va a implementar un plan de acompa\u00f1amiento psicosocial para que \u00abel alumnado y las familias puedan superar estas situaciones de estr\u00e9s\u00bb.<\/p>\n<p>Todos los recursos necesarios<\/p>\n<p>El viernes 21 de agosto la ministra Milagros Tol\u00f3n habl\u00f3 telef\u00f3nicamente con el presidente de Ceuta, Juan Jes\u00fas Vivas; y acto seguido tambi\u00e9n lo hizo el secretario de Estado de Educaci\u00f3n, Abelardo de la Rosa. Ambos le transmitieron la idea de que todo el trabajo realizado hasta el momento posibilitar\u00e1 que el curso escolar comience en la fecha prevista, el 8 de septiembre.<\/p>\n<p>En las horas posteriores, tanto el secretario de Estado como el subsecretario del Ministerio, Santiago Roura, mantuvieron conversaciones con los representantes del Foro por Ceuta, de las AMPA, de los equipos directivos de los centros escolares, as\u00ed como con los representantes de los estudiantes y con los diferentes sindicatos.<\/p>\n<p>&#13;<\/p>\n","protected":false},"excerpt":{"rendered":"&#13; El secretario de Estado de Educaci\u00f3n, Abelardo de la Rosa, ha se\u00f1alado este mi\u00e9rcoles que el curso&hellip;\n","protected":false},"author":2,"featured_media":733526,"comment_status":"","ping_status":"","sticky":false,"template":"","format":"standard","meta":{"footnotes":""},"categories":[5],"tags":[517,17,18,2026,25,24,13,14,61281,11,19,20,9,10,15,16,2330,23,12,21,22],"class_list":["post-733525","post","type-post","status-publish","format-standard","has-post-thumbnail","category-titulares","tag-actualidad","tag-breaking-news","tag-breakingnews","tag-educacion","tag-es","tag-espana","tag-featured-news","tag-featurednews","tag-formacion-profesional-y-deportes","tag-headlines","tag-latest-news","tag-latestnews","tag-news","tag-noticias","tag-noticias-destacadas","tag-noticiasdestacadas","tag-prensa","tag-spain","tag-titulares","tag-ultimas-noticias","tag-ultimasnoticias"],"share_on_mastodon":{"url":"https:\/\/pubeurope.com\/@es\/117166575882351338","error":""},"_links":{"self":[{"href":"https:\/\/www.europesays.com\/es\/wp-json\/wp\/v2\/posts\/733525","targetHints":{"allow":["GET"]}}],"collection":[{"href":"https:\/\/www.europesays.com\/es\/wp-json\/wp\/v2\/posts"}],"about":[{"href":"https:\/\/www.europesays.com\/es\/wp-json\/wp\/v2\/types\/post"}],"author":[{"embeddable":true,"href":"https:\/\/www.europesays.com\/es\/wp-json\/wp\/v2\/users\/2"}],"replies":[{"embeddable":true,"href":"https:\/\/www.europesays.com\/es\/wp-json\/wp\/v2\/comments?post=733525"}],"version-history":[{"count":0,"href":"https:\/\/www.europesays.com\/es\/wp-json\/wp\/v2\/posts\/733525\/revisions"}],"wp:featuredmedia":[{"embeddable":true,"href":"https:\/\/www.europesays.com\/es\/wp-json\/wp\/v2\/media\/733526"}],"wp:attachment":[{"href":"https:\/\/www.europesays.com\/es\/wp-json\/wp\/v2\/media?parent=733525"}],"wp:term":[{"taxonomy":"category","embeddable":true,"href":"https:\/\/www.europesays.com\/es\/wp-json\/wp\/v2\/categories?post=733525"},{"taxonomy":"post_tag","embeddable":true,"href":"https:\/\/www.europesays.com\/es\/wp-json\/wp\/v2\/tags?post=733525"}],"curies":[{"name":"wp","href":"https:\/\/api.w.org\/{rel}","templated":true}]}}