{"id":733531,"date":"2026-08-27T08:48:17","date_gmt":"2026-08-27T08:48:17","guid":{"rendered":"https:\/\/www.europesays.com\/es\/733531\/"},"modified":"2026-08-27T08:48:17","modified_gmt":"2026-08-27T08:48:17","slug":"marc-guiu-elige-nuevo-destino","status":"publish","type":"post","link":"https:\/\/www.europesays.com\/es\/733531\/","title":{"rendered":"Marc Guiu elige nuevo destino"},"content":{"rendered":"<p class=\"ft-text\">Todo apunta a que <strong>Marc Guiu afrontar\u00e1 un nuevo cap\u00edtulo en su carrera<\/strong> despu\u00e9s de una temporada en la que continu\u00f3 acumulando experiencia en el f\u00fatbol ingl\u00e9s. El delantero espa\u00f1ol comenz\u00f3 el curso pasado cedido en el <strong>Sunderland<\/strong>, una oportunidad para seguir creciendo y disfrutar de protagonismo en un equipo de la Premier League. <strong>Su etapa en los &#8216;Black Cats&#8217;, sin embargo, fue breve, ya que el Chelsea decidi\u00f3 recuperar al futbolista pocas semanas despu\u00e9s.<\/strong><\/p>\n<p class=\"ft-text\"><strong>Guiu disput\u00f3 tres encuentros con el Sunderland y marc\u00f3 un gol en la Copa de la Liga antes de regresar a Stamford Bridge.<\/strong> La situaci\u00f3n en el Chelsea hab\u00eda cambiado y el conjunto londinense necesitaba contar de nuevo con el delantero espa\u00f1ol, que volvi\u00f3 a ponerse a disposici\u00f3n del primer equipo para afrontar la temporada.<\/p>\n<p><img decoding=\"async\" src=\"https:\/\/www.europesays.com\/es\/wp-content\/uploads\/2026\/08\/06ecbef4-adbb-4d85-9211-93ce7436a17f_alta-libre-aspect-ratio_default_0_x540y228.jpg\" width=\"1200\" height=\"760\" alt=\"Marc Guiu, jugador del Chelsea, atraviesa una situaci\u00f3n complicada\" class=\"ft-helper-img-rd\" loading=\"lazy\" fetchpriority=\"auto\"\/><\/p>\n<p class=\"ft-helper-fontColor-quaternary ft-helper-fontSize-body-S ft-helper-spacer-t-xxs\">Marc Guiu, jugador del Chelsea  \/ Instagram: @marcguiu9<\/p>\n<p class=\"ft-text\">De nuevo bajo las \u00f3rdenes del Chelsea, <strong>el atacante catal\u00e1n tuvo poco protagonismo, aunque dej\u00f3 algunos momentos destacados, entre ellos su actuaci\u00f3n en la Champions League.<\/strong> El delantero marc\u00f3 ante el Ajax en la fase de grupos, en una noche en la que el Chelsea se impuso por 5-1.<\/p>\n<p class=\"ft-text\"><a class=\"ft-link ft-link--decoration\" href=\"https:\/\/www.sport.es\/es\/noticias\/barca\/marc-guiu-arrepiento-haber-dejado-121214220\" rel=\"nofollow noopener\" target=\"_blank\">Guiu, formado en La Masia, dio el salto al f\u00fatbol ingl\u00e9s en el verano de 2024, cuando el Chelsea apost\u00f3 por su incorporaci\u00f3n procedente del FC Barcelona.<\/a> Desde entonces, el delantero ha continuado su proceso de adaptaci\u00f3n a un nuevo campeonato y a un f\u00fatbol con un estilo diferente, <strong>acumulando as\u00ed minutos tanto en la Premier League como en las competiciones europeas.<\/strong><\/p>\n<p>La prioridad de Marc Guiu<\/p>\n<p class=\"ft-text\">Ahora, el atacante podr\u00eda afrontar un nuevo reto en Italia. <strong>Marc Guiu tiene al N\u00e1poles como su prioridad para continuar su carrera, por delante de las propuestas que ha recibido desde Espa\u00f1a.<\/strong> Seg\u00fan Fabrizio Romano, <strong>el delantero espa\u00f1ol tiene pr\u00e1cticamente acordados los t\u00e9rminos personales con el conjunto italiano, aunque las negociaciones entre los clubes contin\u00faan abiertas.<\/strong><\/p>\n<p class=\"ft-text\">El principal punto pendiente est\u00e1 en el acuerdo entre Chelsea y N\u00e1poles. El conjunto londinense parte de una valoraci\u00f3n de <strong>25 millones de euros por el delantero<\/strong>, mientras que el club italiano trabaja para cerrar la operaci\u00f3n por una cantidad inferior. <strong>Las conversaciones avanzan sobre una cifra superior a los 15 millones de euros.<\/strong><\/p>\n<p class=\"ft-text\">El N\u00e1poles se presenta as\u00ed como una opci\u00f3n que convence especialmente al futbolista. <strong>El club italiano busca reforzar su ataque y Guiu podr\u00eda encontrar en el conjunto napolitano un nuevo escenario para continuar su crecimiento y dar un paso adelante en su carrera.<\/strong><\/p>\n","protected":false},"excerpt":{"rendered":"Todo apunta a que Marc Guiu afrontar\u00e1 un nuevo cap\u00edtulo en su carrera despu\u00e9s de una temporada en&hellip;\n","protected":false},"author":2,"featured_media":733532,"comment_status":"","ping_status":"","sticky":false,"template":"","format":"standard","meta":{"footnotes":""},"categories":[268],"tags":[168,4578,8194,25,24,280,282,49226,6489,9890,524,281,23,167],"class_list":["post-733531","post","type-post","status-publish","format-standard","has-post-thumbnail","category-futbol","tag-deportes","tag-destino","tag-elige","tag-es","tag-espana","tag-football","tag-futbol","tag-guiu","tag-marc","tag-mercado-fichajes","tag-nuevo","tag-soccer","tag-spain","tag-sports"],"share_on_mastodon":{"url":"https:\/\/pubeurope.com\/@es\/117166612650927595","error":""},"_links":{"self":[{"href":"https:\/\/www.europesays.com\/es\/wp-json\/wp\/v2\/posts\/733531","targetHints":{"allow":["GET"]}}],"collection":[{"href":"https:\/\/www.europesays.com\/es\/wp-json\/wp\/v2\/posts"}],"about":[{"href":"https:\/\/www.europesays.com\/es\/wp-json\/wp\/v2\/types\/post"}],"author":[{"embeddable":true,"href":"https:\/\/www.europesays.com\/es\/wp-json\/wp\/v2\/users\/2"}],"replies":[{"embeddable":true,"href":"https:\/\/www.europesays.com\/es\/wp-json\/wp\/v2\/comments?post=733531"}],"version-history":[{"count":0,"href":"https:\/\/www.europesays.com\/es\/wp-json\/wp\/v2\/posts\/733531\/revisions"}],"wp:featuredmedia":[{"embeddable":true,"href":"https:\/\/www.europesays.com\/es\/wp-json\/wp\/v2\/media\/733532"}],"wp:attachment":[{"href":"https:\/\/www.europesays.com\/es\/wp-json\/wp\/v2\/media?parent=733531"}],"wp:term":[{"taxonomy":"category","embeddable":true,"href":"https:\/\/www.europesays.com\/es\/wp-json\/wp\/v2\/categories?post=733531"},{"taxonomy":"post_tag","embeddable":true,"href":"https:\/\/www.europesays.com\/es\/wp-json\/wp\/v2\/tags?post=733531"}],"curies":[{"name":"wp","href":"https:\/\/api.w.org\/{rel}","templated":true}]}}