{"id":733549,"date":"2026-08-27T08:59:10","date_gmt":"2026-08-27T08:59:10","guid":{"rendered":"https:\/\/www.europesays.com\/es\/733549\/"},"modified":"2026-08-27T08:59:10","modified_gmt":"2026-08-27T08:59:10","slug":"precio-de-la-luz-hoy-jueves-27-de-agosto-por-horas-cuando-es-mas-barata-y-mas-cara-el-mundo","status":"publish","type":"post","link":"https:\/\/www.europesays.com\/es\/733549\/","title":{"rendered":"Precio de la luz hoy, jueves 27 de agosto, por horas: \u00bfCu\u00e1ndo es m\u00e1s barata y m\u00e1s cara? &#8211; El Mundo"},"content":{"rendered":"<ol>\n<li><a href=\"https:\/\/news.google.com\/rss\/articles\/CBMid0FVX3lxTE5mOElSUnJaQmIyZ0VaaFhabUdfNmQzZWkyWjQ2QmdUZUtFM21LYkxPaTZfNnVwT0F4SmNPd2dxNUI5ZEtMZWhyanROTjFLTnhDSEl5NDVuOHYyRWtGM1puTjRTODYzMU02TFJVXzN0SVktZi1MVS1r?oc=5\" target=\"_blank\" rel=\"nofollow noopener\">Precio de la luz hoy, jueves 27 de agosto, por horas: \u00bfCu\u00e1ndo es m\u00e1s barata y m\u00e1s cara?<\/a>&nbsp;&nbsp;El Mundo<\/li>\n<li><a href=\"https:\/\/news.google.com\/rss\/articles\/CBMizgFBVV95cUxNNmpvUk9jZXk1TEJRNlE4b3d3X1dfQllVNVBaXzh6a0VSMVI5Y1pvNzZYbW9hNDYwT1FPNFVNM3dMRVFrdjVENnRCYktmLVhWNWp1Z2tuU1BTSjJEWjAtRVlhbFlTSVlES1l5Y2NKN1VXdEZtbUcwaVdWSFFrUWRCb3BVOFRyLUJuZktDVFMzSmlmbjVPUGE0aGFFME54QXJaaXU1YUdlMVdDT21VMmQ3d2JvTjRUUEpnVjYyVkF3Smc2TzNWbDNIQmZJQV90Z9IB0wFBVV95cUxONTRNNHZ4U2dxYWJheEhMYnV2Q214aXVIOHVVTGo0bkh1VUFEclNLQmJqZm45cFp0VWFrMXh5TUxTbEdwcVhjY1FQdFZxbEdFRDZYNzE2LUVMeEM1OE13VEd6eTc2eWp0R2FrWWVQVmFZZXV4bkZ0aVI0VHFabGlucl9BX2FKam5JVWFwZ1JCVmNWc1VzSGtWRmJha0xzdTZwVldoT1V1cVZtLWRWak1TRGtXcl9TcXM1dkUyYlVTcUJTcGstcll0WEZvLXFEZDdtNXN3?oc=5\" target=\"_blank\" rel=\"nofollow noopener\">La luz cae este mi\u00e9rcoles con horas a coste cero<\/a>&nbsp;&nbsp;Telemadrid<\/li>\n<li><a href=\"https:\/\/news.google.com\/rss\/articles\/CBMiqAFBVV95cUxNZUZSS2l3aGNhWTFQWDBIVnJfMG9lNkpTWEdCVjJkVUdoNTg4bE1hRjcyM041TnZZZE9COWZoQWY2clVMOUkzRmk5MDk4Rkx6NUQxZkczTzNnclV3dUhVQ09pVkFQVkNobmg3ekRxbk1lbkNGQjRoOWczV3BNYVdqN2JfYklHZ3VSRlRqakpIX21uVU9IXzBISl8wYTFUVlBodUdmVTVFWEU?oc=5\" target=\"_blank\" rel=\"nofollow noopener\">El precio de la luz cambia este jueves: las horas m\u00e1s baratas y m\u00e1s caras para encender los electrodom\u00e9sticos<\/a>&nbsp;&nbsp;Las Provincias<\/li>\n<li><a href=\"https:\/\/news.google.com\/rss\/articles\/CBMi0AFBVV95cUxOM2xLQjBjSVppSmc0ZXBaeXczakY3SmFveVl1ZVVTZXhGM1lBdVE4SGpWcGpoWV9xcXdTSHBZOGlXYnBqLUNFdzFQeGFQZGNoYVhZcmN3OXFJSzdvaElyQkswY3FteW4zUmM3SDJpdE5DY3pvS3RhX2pVNkJBTFdlUU5XSmd1UmJIcjBBY1R5aWNlZzBhZzZ4MmUzMXhReUpsOG5jODg3cjZ0OXNNLWdPVFRXYmJQVEktNUUtemU3Uzg1bF9IRVAtWVZqdUN5cUVM0gHeAUFVX3lxTFB1Wmc2MjJ1RHUwWjM5YVgxc0kyYkJkcm56ZE55YV9kME5JaWtLeGVzYW1qQ2d1RUp5OExuZzk1ZjV6b1E2TWVYVE5hY2FKZ3ZXMF9oV2l5U2pYa1NtUG93RkprN01JcmI3aHNUcVJGdnNUWklNYzM1a1B1d0xrMlBOLVozd0dzamxzS3lYclBmcmJFd1ZUWjRZRHVLSHlQSU5vWl9WUFpDRHZqLXJCVlcyQUpEN09jM3ZSVW5CS0N6WFNPemxzVG5VbDBkMkFsRERNOXEtSnU4b2IxUzMtQQ?oc=5\" target=\"_blank\" rel=\"nofollow noopener\">Precio de la luz hoy jueves 27 de agosto por franjas y tramos: \u00bfCu\u00e1ndo es m\u00e1s barata?<\/a>&nbsp;&nbsp;Mundo Deportivo<\/li>\n<li><a href=\"https:\/\/news.google.com\/rss\/articles\/CBMiY0FVX3lxTFBHOEVvOEc5Q3oyTVA4UzZQM3ZYWVpfT2UyWkVYMng3NkQ0SXhEaVhHVzd5c2loNWZpZ0ZxWXhFbkFpMHBvaG5XbWZWSndIOVFLWlhRVVBZYlZobUU1ekx0Qm9KTQ?oc=5\" target=\"_blank\" rel=\"nofollow noopener\">As\u00ed queda el precio de la luz este jueves 27 de agosto: tabla de precios hora a hora<\/a>&nbsp;&nbsp;TarifaLuzHora<\/li>\n<\/ol>\n","protected":false},"excerpt":{"rendered":"Precio de la luz hoy, jueves 27 de agosto, por horas: \u00bfCu\u00e1ndo es m\u00e1s barata y m\u00e1s cara?&nbsp;&nbsp;El&hellip;\n","protected":false},"author":2,"featured_media":733550,"comment_status":"","ping_status":"","sticky":false,"template":"","format":"standard","meta":{"footnotes":""},"categories":[80],"tags":[82,2170,95,94,25,24,4027,114981,7968,23],"class_list":["post-733549","post","type-post","status-publish","format-standard","has-post-thumbnail","category-economia","tag-business","tag-como","tag-economia","tag-economy","tag-es","tag-espana","tag-narrativa","tag-nrtv","tag-precio-de-la-luz","tag-spain"],"share_on_mastodon":{"url":"https:\/\/pubeurope.com\/@es\/117166654602165011","error":""},"_links":{"self":[{"href":"https:\/\/www.europesays.com\/es\/wp-json\/wp\/v2\/posts\/733549","targetHints":{"allow":["GET"]}}],"collection":[{"href":"https:\/\/www.europesays.com\/es\/wp-json\/wp\/v2\/posts"}],"about":[{"href":"https:\/\/www.europesays.com\/es\/wp-json\/wp\/v2\/types\/post"}],"author":[{"embeddable":true,"href":"https:\/\/www.europesays.com\/es\/wp-json\/wp\/v2\/users\/2"}],"replies":[{"embeddable":true,"href":"https:\/\/www.europesays.com\/es\/wp-json\/wp\/v2\/comments?post=733549"}],"version-history":[{"count":0,"href":"https:\/\/www.europesays.com\/es\/wp-json\/wp\/v2\/posts\/733549\/revisions"}],"wp:featuredmedia":[{"embeddable":true,"href":"https:\/\/www.europesays.com\/es\/wp-json\/wp\/v2\/media\/733550"}],"wp:attachment":[{"href":"https:\/\/www.europesays.com\/es\/wp-json\/wp\/v2\/media?parent=733549"}],"wp:term":[{"taxonomy":"category","embeddable":true,"href":"https:\/\/www.europesays.com\/es\/wp-json\/wp\/v2\/categories?post=733549"},{"taxonomy":"post_tag","embeddable":true,"href":"https:\/\/www.europesays.com\/es\/wp-json\/wp\/v2\/tags?post=733549"}],"curies":[{"name":"wp","href":"https:\/\/api.w.org\/{rel}","templated":true}]}}