{"id":733595,"date":"2026-08-27T09:36:21","date_gmt":"2026-08-27T09:36:21","guid":{"rendered":"https:\/\/www.europesays.com\/es\/733595\/"},"modified":"2026-08-27T09:36:21","modified_gmt":"2026-08-27T09:36:21","slug":"amal-clooney-y-su-glamour-al-estilo-de-la-vieja-escuela-en-venecia-a-lo-largo-de-los-anos-una-decada-de-belleza-atemporal","status":"publish","type":"post","link":"https:\/\/www.europesays.com\/es\/733595\/","title":{"rendered":"Amal Clooney y su glamour al estilo de la vieja escuela en Venecia a lo largo de los a\u00f1os: una d\u00e9cada de belleza atemporal"},"content":{"rendered":"<p><img loading=\"lazy\" decoding=\"async\" src=\"https:\/\/www.europesays.com\/es\/wp-content\/uploads\/2026\/08\/100x100_carolina-cuesta-periodista.jpg\" itemtype=\"\/\/schema.org\/ImageObject\" itemprop=\"url\" alt=\"Carolina Cuesta\" width=\"64\" height=\"64\" pinger-seen=\"true\"\/><\/p>\n<p><b>Amal Clooney<\/b> ha convertido la alfombra roja del <b>Festival de Cine de Venecia<\/b> en uno de sus grandes escaparates de estilo. A lo largo de la \u00faltima d\u00e9cada, la abogada de derechos humanos ha consolidado una est\u00e9tica de belleza sofisticada, discreta y, al mismo tiempo, impactante, en la que el glamour del Hollywood cl\u00e1sico convive con una sensibilidad contempor\u00e1nea.<\/p>\n<p>                            <img decoding=\"async\" src=\"https:\/\/www.europesays.com\/es\/wp-content\/uploads\/2026\/08\/770x_george.jpg\" loading=\"lazy\"\/><\/p>\n<p><b>Casada con el actor y director George Clooney<\/b>, Amal ha acompa\u00f1ado a su marido en numerosas premieres y eventos celebrados en Venecia. En cada aparici\u00f3n, su imagen ha mantenido una constante: peinados de gran volumen, ondas cuidadosamente trabajadas, cejas definidas y una mirada felina que realza sus facciones.<\/p>\n<p>Su paso por el festival demuestra, adem\u00e1s, su particular afinidad con las referencias de la \u00e9poca dorada de Hollywood. Ondas de inspiraci\u00f3n retro, labios en tonos rosados o rojizos y maquillajes luminosos evocan el estilo de iconos como Ava Gardner, Marilyn Monroe o Katharine Hepburn, aunque reinterpretados desde una perspectiva mucho m\u00e1s actual.<\/p>\n<p>2017: Hollywood cl\u00e1sico en estado puro<\/p>\n<p>En 2017, durante la presentaci\u00f3n de Suburbicon, Amal apost\u00f3 decididamente por la est\u00e9tica del viejo Hollywood. Luci\u00f3 un voluminoso bob con grandes ondas marcadas que enmarcaban el rostro, peinado con raya lateral y uno de los lados recogido detr\u00e1s de la oreja.<\/p>\n<p>                            <img decoding=\"async\" src=\"https:\/\/www.europesays.com\/es\/wp-content\/uploads\/2026\/08\/770x_ondas.jpg\" loading=\"lazy\"\/><\/p>\n<p>El maquillaje mantuvo un delicado equilibrio frente al protagonismo del cabello. Las pesta\u00f1as superiores, ligeramente curvadas, acentuaban la mirada, mientras que los labios adquir\u00edan un suave tono rojo desva\u00eddo que aportaba un aire femenino y elegante al conjunto.<\/p>\n<p>                            <img decoding=\"async\" src=\"https:\/\/www.europesays.com\/es\/wp-content\/uploads\/2026\/08\/770x_amal-2017-venecia.jpg\" loading=\"lazy\"\/><\/p>\n<p>2024: luminosidad y sofisticaci\u00f3n<\/p>\n<p>En la premiere de Wolfs, en 2024, Clooney se decant\u00f3 por una versi\u00f3n m\u00e1s relajada del glamour. Su melena casta\u00f1a chocolate, peinada con ondas suaves y reflejos en tonos caramelo, aportaba movimiento y naturalidad.<\/p>\n<p>                            <img decoding=\"async\" src=\"https:\/\/www.europesays.com\/es\/wp-content\/uploads\/2026\/08\/770x_maquillaje-amarillo.jpg\" loading=\"lazy\"\/><\/p>\n<p>El maquillaje sigui\u00f3 la misma l\u00ednea: piel luminosa, p\u00f3mulos satinados y un delicado rubor rosado que armonizaba con su vestido amarillo pastel. En los ojos, un ligero brillo rosado y, en los labios, una discreta capa de gloss completaban un look de gran sofisticaci\u00f3n sin caer en el exceso.<\/p>\n<p>                            <img decoding=\"async\" src=\"https:\/\/www.europesays.com\/es\/wp-content\/uploads\/2026\/08\/770x_vestido-amarillo.jpg\" loading=\"lazy\"\/><\/p>\n<p>2025: el regreso del volumen<\/p>\n<p>Un a\u00f1o despu\u00e9s, durante la premiere de Jay Kelly, Amal volvi\u00f3 a acercarse a la est\u00e9tica retro. Sus extensiones, ligeramente onduladas, se combinaron con labios en tono rosa topo, sombras rosadas con brillo y un toque de iluminador sobre las mejillas.<\/p>\n<p>                            <img decoding=\"async\" src=\"https:\/\/www.europesays.com\/es\/wp-content\/uploads\/2026\/08\/770x_maquillaje-lila.jpg\" loading=\"lazy\"\/><\/p>\n<p>El cabello ya apuntaba hacia una de las tendencias que definir\u00edan su imagen m\u00e1s reciente: el bell-bottom blowout, un peinado caracterizado por una melena voluminosa, secada con cepillo y con las puntas ligeramente curvadas hacia fuera. La silueta recuerda a los grandes peinados de los a\u00f1os setenta y ochenta, pero con un acabado m\u00e1s pulido y contempor\u00e1neo.<\/p>\n<p>                            <img decoding=\"async\" src=\"https:\/\/www.europesays.com\/es\/wp-content\/uploads\/2026\/08\/770x_vestido-lila.jpg\" loading=\"lazy\"\/><\/p>\n<p>Una belleza que no pasa de moda<\/p>\n<p>M\u00e1s all\u00e1 de las tendencias concretas de cada a\u00f1o, el denominador com\u00fan de los looks de Amal Clooney en Venecia es una elegancia que evita los excesos. Desde las ondas de inspiraci\u00f3n cinematogr\u00e1fica hasta los maquillajes rosados y luminosos, sus elecciones parecen construidas para resistir el paso del tiempo.<\/p>\n<p>                            <img decoding=\"async\" src=\"https:\/\/www.europesays.com\/es\/wp-content\/uploads\/2026\/08\/770x_vestido-lunares.jpg\" loading=\"lazy\"\/><\/p>\n<p>                            <img decoding=\"async\" src=\"https:\/\/www.europesays.com\/es\/wp-content\/uploads\/2026\/08\/770x_vestido-lencero.jpg\" loading=\"lazy\"\/><\/p>\n<p>Una d\u00e9cada despu\u00e9s de sus primeras apariciones m\u00e1s recordadas en el festival, Amal ha conseguido algo poco frecuente en la alfombra roja: convertir el glamour cl\u00e1sico en una firma personal, demostrando que la sofisticaci\u00f3n y la modernidad pueden convivir sin esfuerzo.<\/p>\n<p>WhatsApp<a href=\"https:\/\/api.whatsapp.com\/send?text=https:\/\/www.eleconomista.es\/salud-bienestar\/belleza-estetica\/noticias\/14010141\/08\/26\/amal-clooney-y-su-glamour-a-estilo-de-la-vieja-escuela-en-venecia-a-lo-largo-de-los-anos-una-decada-de-belleza-atemporal.html?utm_source%3Dwhatsapp%26utm_medium%3Dshare_button&amp;id=1648118629957_whatsapp\" target=\"_blank\" data-action=\"share\/whatsapp\/share\" aria-label=\"Compartir en Whatsapp\" rel=\"nofollow noopener\"><\/a>Facebook<a id=\"fb-share\" href=\"#\" target=\"_blank\" rel=\"noopener noreferrer\" aria-label=\"Compartir en Facebook\"><\/a>Twitter<a href=\"https:\/\/twitter.com\/share?text=Amal+Clooney+y+su+glamour+al+estilo+de+la+vieja+escuela+en+Venecia+a+lo+largo+de+los+a%C3%B1os%3A+una+d%C3%A9cada+de+belleza+atemporal&amp;url=https:\/\/www.eleconomista.es\/salud-bienestar\/belleza-estetica\/noticias\/14010141\/08\/26\/amal-clooney-y-su-glamour-a-estilo-de-la-vieja-escuela-en-venecia-a-lo-largo-de-los-anos-una-decada-de-belleza-atemporal.html&amp;via=Informalia&amp;id=1648118839245_twitter\" target=\"_blank\" aria-label=\"Compartir en Twitter\" rel=\"nofollow noopener\"><\/a>Linkedin<a onclick=\"return abrirLinkedin();\" href=\"https:\/\/www.linkedin.com\/shareArticle?text=Amal+Clooney+y+su+glamour+al+estilo+de+la+vieja+escuela+en+Venecia+a+lo+largo+de+los+a%C3%B1os%3A+una+d%C3%A9cada+de+belleza+atemporal&amp;url=https:\/\/www.eleconomista.es\/salud-bienestar\/belleza-estetica\/noticias\/14010141\/08\/26\/amal-clooney-y-su-glamour-a-estilo-de-la-vieja-escuela-en-venecia-a-lo-largo-de-los-anos-una-decada-de-belleza-atemporal.html&amp;mini=true\" target=\"_blank\" aria-label=\"Compartir en linkedin\" rel=\"nofollow noopener\"><\/a>Beloud<a href=\"https:\/\/beloud.com\/share?text=Amal+Clooney+y+su+glamour+al+estilo+de+la+vieja+escuela+en+Venecia+a+lo+largo+de+los+a%C3%B1os%3A+una+d%C3%A9cada+de+belleza+atemporal&amp;url=https:\/\/www.eleconomista.es\/salud-bienestar\/belleza-estetica\/noticias\/14010141\/08\/26\/amal-clooney-y-su-glamour-a-estilo-de-la-vieja-escuela-en-venecia-a-lo-largo-de-los-anos-una-decada-de-belleza-atemporal.html&amp;via=Informalia&amp;id=1648118839245_beloud\" target=\"_blank\" aria-label=\"Compartir en beloud\" rel=\"nofollow noopener\"><\/a>Bluesky<a href=\"https:\/\/bsky.app\/intent\/compose?text=https:\/\/bsky.app\/intent\/compose?text=https:\/\/www.eleconomista.es\/salud-bienestar\/belleza-estetica\/noticias\/14010141\/08\/26\/amal-clooney-y-su-glamour-a-estilo-de-la-vieja-escuela-en-venecia-a-lo-largo-de-los-anos-una-decada-de-belleza-atemporal.html&amp;url=https:\/\/www.eleconomista.es\/salud-bienestar\/belleza-estetica\/noticias\/14010141\/08\/26\/amal-clooney-y-su-glamour-a-estilo-de-la-vieja-escuela-en-venecia-a-lo-largo-de-los-anos-una-decada-de-belleza-atemporal.html&amp;via=elEconomistaes&amp;id=1648118839245_bluesky\" target=\"_blank\" aria-label=\"Compartir en bluesky\" rel=\"nofollow noopener\"><\/a><\/p>\n<p><script async src=\"https:\/\/platform.twitter.com\/widgets.js\" charset=\"utf-8\"><\/script><\/p>\n","protected":false},"excerpt":{"rendered":"Amal Clooney ha convertido la alfombra roja del Festival de Cine de Venecia en uno de sus grandes&hellip;\n","protected":false},"author":2,"featured_media":733596,"comment_status":"","ping_status":"","sticky":false,"template":"","format":"standard","meta":{"footnotes":""},"categories":[174],"tags":[3451,255,146,147,25,24,256,23],"class_list":["post-733595","post","type-post","status-publish","format-standard","has-post-thumbnail","category-famosos","tag-belleza","tag-celebrities","tag-entertainment","tag-entretenimiento","tag-es","tag-espana","tag-famosos","tag-spain"],"share_on_mastodon":{"url":"https:\/\/pubeurope.com\/@es\/117166801792701804","error":""},"_links":{"self":[{"href":"https:\/\/www.europesays.com\/es\/wp-json\/wp\/v2\/posts\/733595","targetHints":{"allow":["GET"]}}],"collection":[{"href":"https:\/\/www.europesays.com\/es\/wp-json\/wp\/v2\/posts"}],"about":[{"href":"https:\/\/www.europesays.com\/es\/wp-json\/wp\/v2\/types\/post"}],"author":[{"embeddable":true,"href":"https:\/\/www.europesays.com\/es\/wp-json\/wp\/v2\/users\/2"}],"replies":[{"embeddable":true,"href":"https:\/\/www.europesays.com\/es\/wp-json\/wp\/v2\/comments?post=733595"}],"version-history":[{"count":0,"href":"https:\/\/www.europesays.com\/es\/wp-json\/wp\/v2\/posts\/733595\/revisions"}],"wp:featuredmedia":[{"embeddable":true,"href":"https:\/\/www.europesays.com\/es\/wp-json\/wp\/v2\/media\/733596"}],"wp:attachment":[{"href":"https:\/\/www.europesays.com\/es\/wp-json\/wp\/v2\/media?parent=733595"}],"wp:term":[{"taxonomy":"category","embeddable":true,"href":"https:\/\/www.europesays.com\/es\/wp-json\/wp\/v2\/categories?post=733595"},{"taxonomy":"post_tag","embeddable":true,"href":"https:\/\/www.europesays.com\/es\/wp-json\/wp\/v2\/tags?post=733595"}],"curies":[{"name":"wp","href":"https:\/\/api.w.org\/{rel}","templated":true}]}}