{"id":733701,"date":"2026-08-27T11:00:21","date_gmt":"2026-08-27T11:00:21","guid":{"rendered":"https:\/\/www.europesays.com\/es\/733701\/"},"modified":"2026-08-27T11:00:21","modified_gmt":"2026-08-27T11:00:21","slug":"real-decreto-705-2026-de-26-de-agosto-por-el-que-se-aprueba-la-noticias-juridicas","status":"publish","type":"post","link":"https:\/\/www.europesays.com\/es\/733701\/","title":{"rendered":"Real Decreto 705\/2026, de 26 de agosto, por el que se aprueba la &#8211; Noticias Jur\u00eddicas"},"content":{"rendered":"<ol>\n<li><a href=\"https:\/\/news.google.com\/rss\/articles\/CBMi0AFBVV95cUxNQnJDNWQwZWZ3MTZ3VnNmdC1NZzRMQ29leFVyNUNXZTN6SE90clAxOWk0ZC1ZcndaZUI5a0tDOF9CalhvSENtb2RBUGl5QTNyUU14U2NkcFhndVVnd2M1ZEVycnVaVDdERHJJSVQydzBnMkFEbXFTdDZYcTRiRld5MXV2el9nN2FMbTJCOEFxaVNmRllILXNKMVNlZWVKanY5ekJUVXZycXZKYUxrbHg2UkZkcWdRUzdqR20tNjBHWl82aGREb3ZGOUltZE45NjUy?oc=5\" target=\"_blank\" rel=\"nofollow noopener\">Real Decreto 705\/2026, de 26 de agosto, por el que se aprueba la<\/a>&nbsp;&nbsp;Noticias Jur\u00eddicas<\/li>\n<li><a href=\"https:\/\/news.google.com\/rss\/articles\/CBMirgFBVV95cUxQNDcxMHVGcUdHUVZ5aWFES3VPcGRzV2lGeEhlY1BYcm1ZR3NKNlJfS0RIOFM3Z3hrRUNWS1ZSMTlQOWdERDE2WnlKMDRBWVlqQU84U3o1dDFQXy1DNldieGtGcEJDdEpMcXItYkwyQXRpODlhTDlmYU0tT3dFaUVFRXEtNk1jZWhXaTNsU0xwRDRwS2R6RWZSNzlpa256aHFBLVdMYjhOY08tbS0tNlE?oc=5\" target=\"_blank\" rel=\"nofollow noopener\">El mando \u00fanico podr\u00e1 trasladar inmigrantes adultos a la Pen\u00ednsula tras prometer lo contrario a la Uni\u00f3n Europea<\/a>&nbsp;&nbsp;El Confidencial<\/li>\n<li><a href=\"https:\/\/news.google.com\/rss\/articles\/CBMiqAFBVV95cUxOLU5SWW0yQXZfLUhNaGtZR3VpdWkwMTBMWE5fTGdwdGRBYUpkS19WTHpFakVhN2ZUZWRmRHFFc182WnNqTXJHb0hhbEFJSUU1aVpMS0htNmhtbmZVZjh3MFdwTktnU2xGYmMtaGR0ZVJiVGk4LXBKbzQ2UGdzZ2FmRk1ycy0zb08wVTNFbW9kRnh5QUlySzl5U3BPYlpPQU1pcUt2bmxPdWg?oc=5\" target=\"_blank\" rel=\"nofollow noopener\">El Gobierno refuerza la coordinaci\u00f3n de las actuaciones para recuperar la normalidad en Ceuta<\/a>&nbsp;&nbsp;La Moncloa<\/li>\n<li><a href=\"https:\/\/news.google.com\/rss\/articles\/CBMiqwFBVV95cUxNLTB2NmVlUWJ1eTJtRjNJOEdybmFsMERaZENZWVVQbjd0Vk5BR1dIaE9oY2J4dmI5RHdLTVlmb3pYeGZiT3RKOUR3SFV0Wmd6cHZUSmVmc08zaVVYal93X01aWUJua1g5Rm5YLVFtM2FjRXZfM21oVWFuODRDNUxGSkVQYjFsUm1fRXpYVlQ3eUFfMkZwUHhRTjVHSnJ3UU1fX21odWg1NXZCT2fSAasBQVVfeXFMTmZUcUNyRU5PQURqU19seVJVenZZZEF5U05rZVFNUHpydWtNNTJMQjBYcldMVVR4bWZHb2w1UHRqSmp5QTVTUTVhMTRuZGp0MkNpZDBRQ0xDckRJNG1Zc1h4YldfaUwyVEVJMjVrbmthYzE5N252MmtrOW95cl9mS2JxWjh2SWlMWWpmQkR5X3JKVGdUQVU3VlNxNlhVdy1GLTZ0SEhYTFlxUTZJ?oc=5\" target=\"_blank\" rel=\"nofollow noopener\">S\u00e1nchez presidir\u00e1 este viernes la reuni\u00f3n extraordinaria del Comit\u00e9 de Seguimiento sobre la crisis migratoria en Ceuta<\/a>&nbsp;&nbsp;El Peri\u00f3dico<\/li>\n<li><a href=\"https:\/\/news.google.com\/rss\/articles\/CBMiqgFBVV95cUxPR3Q4V3ByRGFJUXIxZHdGbEEyTnQ0V01teHdGb1pGTkM4VG00OEx3NzMySTlfXzlsZkJpb1kta1N1Q3FJMTl2UWlIR2FaRTVTcWdrUkt4cFNXaXNwVXhsak8tWVBITWZST09NR1BsWVBESFVuRUw1UTAtTWFtZm10Y2xYRG9Ibk5iLTNQaEdXNEE0V3NEdms5WWhIVEttbEFlQzBfYkVWTDhVZw?oc=5\" target=\"_blank\" rel=\"nofollow noopener\">Torres llama a la \u00abconvivencia pac\u00edfica\u00bb en Ceuta: \u00abLa violencia nunca es el camino\u00bb<\/a>&nbsp;&nbsp;ABC<\/li>\n<\/ol>\n","protected":false},"excerpt":{"rendered":"Real Decreto 705\/2026, de 26 de agosto, por el que se aprueba la&nbsp;&nbsp;Noticias Jur\u00eddicas El mando \u00fanico podr\u00e1&hellip;\n","protected":false},"author":2,"featured_media":733702,"comment_status":"","ping_status":"","sticky":false,"template":"","format":"standard","meta":{"footnotes":""},"categories":[5],"tags":[88366,88367,17,18,11209,25,2586,24,13,14,11,88365,34142,19,20,88364,28880,9,10,15,16,23,12,21,22],"class_list":["post-733701","post","type-post","status-publish","format-standard","has-post-thumbnail","category-titulares","tag-artculos","tag-boletines","tag-breaking-news","tag-breakingnews","tag-derecho","tag-es","tag-espaa","tag-espana","tag-featured-news","tag-featurednews","tag-headlines","tag-jurdicas","tag-jurisprudencia","tag-latest-news","tag-latestnews","tag-legislacin","tag-leyes","tag-news","tag-noticias","tag-noticias-destacadas","tag-noticiasdestacadas","tag-spain","tag-titulares","tag-ultimas-noticias","tag-ultimasnoticias"],"share_on_mastodon":{"url":"https:\/\/pubeurope.com\/@es\/117167130293194708","error":""},"_links":{"self":[{"href":"https:\/\/www.europesays.com\/es\/wp-json\/wp\/v2\/posts\/733701","targetHints":{"allow":["GET"]}}],"collection":[{"href":"https:\/\/www.europesays.com\/es\/wp-json\/wp\/v2\/posts"}],"about":[{"href":"https:\/\/www.europesays.com\/es\/wp-json\/wp\/v2\/types\/post"}],"author":[{"embeddable":true,"href":"https:\/\/www.europesays.com\/es\/wp-json\/wp\/v2\/users\/2"}],"replies":[{"embeddable":true,"href":"https:\/\/www.europesays.com\/es\/wp-json\/wp\/v2\/comments?post=733701"}],"version-history":[{"count":0,"href":"https:\/\/www.europesays.com\/es\/wp-json\/wp\/v2\/posts\/733701\/revisions"}],"wp:featuredmedia":[{"embeddable":true,"href":"https:\/\/www.europesays.com\/es\/wp-json\/wp\/v2\/media\/733702"}],"wp:attachment":[{"href":"https:\/\/www.europesays.com\/es\/wp-json\/wp\/v2\/media?parent=733701"}],"wp:term":[{"taxonomy":"category","embeddable":true,"href":"https:\/\/www.europesays.com\/es\/wp-json\/wp\/v2\/categories?post=733701"},{"taxonomy":"post_tag","embeddable":true,"href":"https:\/\/www.europesays.com\/es\/wp-json\/wp\/v2\/tags?post=733701"}],"curies":[{"name":"wp","href":"https:\/\/api.w.org\/{rel}","templated":true}]}}