{"id":733761,"date":"2026-08-27T11:44:17","date_gmt":"2026-08-27T11:44:17","guid":{"rendered":"https:\/\/www.europesays.com\/es\/733761\/"},"modified":"2026-08-27T11:44:17","modified_gmt":"2026-08-27T11:44:17","slug":"un-accidente-en-un-teleferico-deja-23-heridos-en-alpe-dhuez-francia","status":"publish","type":"post","link":"https:\/\/www.europesays.com\/es\/733761\/","title":{"rendered":"Un accidente en un telef\u00e9rico deja 23 heridos en Alpe d&#8217;Huez (Francia)"},"content":{"rendered":"<p class=\"v-d-p\" style=\"\">Un telef\u00e9rico choc\u00f3 contra una gr\u00faa en la estaci\u00f3n de esqu\u00ed francesa de <a href=\"https:\/\/www.abc.es\/deportes\/ciclismo\/abci-dauphine-alpe-dhuez-meca-ciclismo-201706100841_noticia.html\" title=\"\" data-voc-vtm-id=\"in-text-traffic\" data-mrf-link=\"www.abc.es\" rel=\"nofollow noopener\" target=\"_blank\">Alpe d&#8217;Huez<\/a>, dejando <strong>23 heridos<\/strong>, tres de ellos de gravedad, seg\u00fan informaron las autoridades el jueves.<\/p>\n<p class=\"v-d-p\" style=\"\">Hab\u00eda unas 50 personas en la <a href=\"https:\/\/www.abc.es\/internacional\/tres-muertos-tras-estrellarse-cabina-teleferico-cerca-20250417185850-nt.html\" title=\"\" data-voc-vtm-id=\"in-text-traffic\" data-mrf-link=\"www.abc.es\" rel=\"nofollow noopener\" target=\"_blank\">cabina del telef\u00e9rico<\/a> cuando ocurri\u00f3 el accidente  &#8230; el mi\u00e9rcoles por la ma\u00f1ana a <strong>una altitud de 2.300 metros<\/strong> (7.500 pies), seg\u00fan declar\u00f3 a la AFP el alcalde de Alpe d&#8217;Huez, Jean-Yves Noyrey.<\/p>\n<p class=\"v-d-p\" style=\"\">\u00abSe trata principalmente de personas <strong>en estado de shock y casos de conmoci\u00f3n cerebral<\/strong>\u00bb, dijo Noyrey, y agreg\u00f3 que cre\u00eda que la mayor\u00eda de los heridos ya hab\u00edan recibido el alta hospitalaria.<\/p>\n<ul class=\"v-cmp-rld__u\">\n<li class=\"v-cmp-rld__l\">\n<p><a class=\"v-a-lnk\" href=\"http:\/\/www.abc.es\/internacional\/victimas-catastrofe-nepal-aumentan-165-muertos-1500-20260827085224-nt.html#vtm_modulosEngag=noticiasrelacionadas-cmp-uno:internacional:noticia:1\" data-voc-vtm-id=\"in-text-traffic\" rel=\"nofollow noopener\" target=\"_blank\"><br \/>\n<img decoding=\"async\" loading=\"lazy\" src=\"https:\/\/www.europesays.com\/es\/wp-content\/uploads\/2026\/08\/1516449010-U51115881083DJZ-366x256@diario_abc.jpg\" class=\"v-a-img\" width=\"258\" height=\"180\" alt=\"Las v\u00edctimas de la cat\u00e1strofe de Nepal aumentan a 165 muertos y casi 1.500 desaparecidos\"\/><br \/>\n<\/a><\/p>\n<\/li>\n<\/ul>\n<p>\nSistema de estabilizaci\u00f3n\n<\/p>\n<p class=\"v-d-p\" style=\"\">Los telef\u00e9ricos est\u00e1n dise\u00f1ados para estabilizarse si frenan bruscamente, pero \u00abal chocar con la gr\u00faa, la cabina se inclin\u00f3 y las personas que iban dentro se deslizaron\u00bb, dijo el alcalde.<\/p>\n<p class=\"v-d-p\" style=\"\">\u00abPensaron que iban a morir\u00bb, a\u00f1adi\u00f3, \u00abpero el operador reaccion\u00f3 bien dando marcha atr\u00e1s para nivelar la cabina\u00bb.<\/p>\n<p class=\"v-d-p\" style=\"\">La prefectura regional inform\u00f3 que hubo 23 heridos, tres de ellos en estado cr\u00edtico y 13 con heridas graves.<\/p>\n","protected":false},"excerpt":{"rendered":"Un telef\u00e9rico choc\u00f3 contra una gr\u00faa en la estaci\u00f3n de esqu\u00ed francesa de Alpe d&#8217;Huez, dejando 23 heridos,&hellip;\n","protected":false},"author":2,"featured_media":733762,"comment_status":"","ping_status":"","sticky":false,"template":"","format":"standard","meta":{"footnotes":""},"categories":[42],"tags":[4205,53028,17,18,51,122558,13,14,317,11,11225,61,62,63,64,19,20,9,10,15,16,105105,12,21,22,65,66,67],"class_list":["post-733761","post","type-post","status-publish","format-standard","has-post-thumbnail","category-internacional","tag-accidente","tag-alpe","tag-breaking-news","tag-breakingnews","tag-deja","tag-dhuez","tag-featured-news","tag-featurednews","tag-francia","tag-headlines","tag-heridos","tag-internacional","tag-international","tag-international-news","tag-internationalnews","tag-latest-news","tag-latestnews","tag-news","tag-noticias","tag-noticias-destacadas","tag-noticiasdestacadas","tag-teleferico","tag-titulares","tag-ultimas-noticias","tag-ultimasnoticias","tag-world","tag-world-news","tag-worldnews"],"share_on_mastodon":{"url":"https:\/\/pubeurope.com\/@es\/117167304528535219","error":""},"_links":{"self":[{"href":"https:\/\/www.europesays.com\/es\/wp-json\/wp\/v2\/posts\/733761","targetHints":{"allow":["GET"]}}],"collection":[{"href":"https:\/\/www.europesays.com\/es\/wp-json\/wp\/v2\/posts"}],"about":[{"href":"https:\/\/www.europesays.com\/es\/wp-json\/wp\/v2\/types\/post"}],"author":[{"embeddable":true,"href":"https:\/\/www.europesays.com\/es\/wp-json\/wp\/v2\/users\/2"}],"replies":[{"embeddable":true,"href":"https:\/\/www.europesays.com\/es\/wp-json\/wp\/v2\/comments?post=733761"}],"version-history":[{"count":0,"href":"https:\/\/www.europesays.com\/es\/wp-json\/wp\/v2\/posts\/733761\/revisions"}],"wp:featuredmedia":[{"embeddable":true,"href":"https:\/\/www.europesays.com\/es\/wp-json\/wp\/v2\/media\/733762"}],"wp:attachment":[{"href":"https:\/\/www.europesays.com\/es\/wp-json\/wp\/v2\/media?parent=733761"}],"wp:term":[{"taxonomy":"category","embeddable":true,"href":"https:\/\/www.europesays.com\/es\/wp-json\/wp\/v2\/categories?post=733761"},{"taxonomy":"post_tag","embeddable":true,"href":"https:\/\/www.europesays.com\/es\/wp-json\/wp\/v2\/tags?post=733761"}],"curies":[{"name":"wp","href":"https:\/\/api.w.org\/{rel}","templated":true}]}}