{"id":733811,"date":"2026-08-27T12:26:14","date_gmt":"2026-08-27T12:26:14","guid":{"rendered":"https:\/\/www.europesays.com\/es\/733811\/"},"modified":"2026-08-27T12:26:14","modified_gmt":"2026-08-27T12:26:14","slug":"morata-podria-dejar-el-como-y-fichar-por-el-leganes","status":"publish","type":"post","link":"https:\/\/www.europesays.com\/es\/733811\/","title":{"rendered":"Morata podr\u00eda dejar el Como y fichar por el Legan\u00e9s"},"content":{"rendered":"<p class=\"mb-4 text-lg md:leading-8 break-words\">Roma, 27 ago (EFE).- \u00c1lvaro Morata, futbolista del Como italiano, podr\u00eda incorporarse al Legan\u00e9s, de Segunda Divisi\u00f3n espa\u00f1ola, en los \u00faltimos d\u00edas del mercado de fichajes, despu\u00e9s de que el club madrile\u00f1o mostrara inter\u00e9s por el delantero, por quien ya habr\u00eda iniciado contactos.<\/p>\n<p class=\"mb-4 text-lg md:leading-8 break-words\">Seg\u00fan adelant\u00f3 Sky Sport Italia y recogieron el resto de medios deportivos italianos, el principal obst\u00e1culo podr\u00eda estar en el salario de Morata, por lo que el Como podr\u00eda tener que asumir parte de su ficha para facilitar una posible cesi\u00f3n.<\/p>\n<p class=\"mb-4 text-lg md:leading-8 break-words\">Morata, de 33 a\u00f1os, podr\u00eda estar buscando una salida despu\u00e9s de una temporada complicada en Italia, en la que termin\u00f3 sin marcar goles en liga, con s\u00f3lo dos tantos en Copa Italia, y con poco protagonismo en este inicio de curso.<\/p>\n<p class=\"mb-4 text-lg md:leading-8 break-words\">En el debut del Como, que disputa esta campa\u00f1a Liga de Campeones por primera vez en su historia, ante el Udinese el pasado s\u00e1bado, el delantero espa\u00f1ol no disput\u00f3 ning\u00fan minuto.<\/p>\n<p class=\"mb-4 text-lg md:leading-8 break-words\">Cesc F\u00e0bregas, t\u00e9cnico de los &#8216;lariani&#8217;, dio prioridad al griego Anastasios Douvikas en ataque, mientras el club italiano podr\u00eda estar pendiente tambi\u00e9n de la llegada de Moise Kean, del Fiorentina.<\/p>\n<p class=\"mb-4 text-lg md:leading-8 break-words\">La situaci\u00f3n podr\u00eda llevar a Morata, campe\u00f3n con la selecci\u00f3n espa\u00f1ola de la Liga de Naciones 2023 y de la Eurocopa 2024 y de dos Ligas de Campeones con el Real Madrid, a valorar un regreso al f\u00fatbol espa\u00f1ol y el Legan\u00e9s podr\u00eda convertirse en una de sus posibles opciones antes del cierre del mercado. EFE<\/p>\n<p class=\"mb-4 text-lg md:leading-8 break-words\">(c) Agencia EFE<\/p>\n","protected":false},"excerpt":{"rendered":"Roma, 27 ago (EFE).- \u00c1lvaro Morata, futbolista del Como italiano, podr\u00eda incorporarse al Legan\u00e9s, de Segunda Divisi\u00f3n espa\u00f1ola,&hellip;\n","protected":false},"author":2,"featured_media":733812,"comment_status":"","ping_status":"","sticky":false,"template":"","format":"standard","meta":{"footnotes":""},"categories":[93],"tags":[16471,83110,168,995,103985,25,24,37341,130365,23,167],"class_list":["post-733811","post","type-post","status-publish","format-standard","has-post-thumbnail","category-deportes","tag-alvaro-morata","tag-copa-italia","tag-deportes","tag-efe","tag-el-real-madrid","tag-es","tag-espana","tag-liga-de-campeones","tag-sky-sport-italia","tag-spain","tag-sports"],"share_on_mastodon":{"url":"https:\/\/pubeurope.com\/@es\/117167468834977759","error":""},"_links":{"self":[{"href":"https:\/\/www.europesays.com\/es\/wp-json\/wp\/v2\/posts\/733811","targetHints":{"allow":["GET"]}}],"collection":[{"href":"https:\/\/www.europesays.com\/es\/wp-json\/wp\/v2\/posts"}],"about":[{"href":"https:\/\/www.europesays.com\/es\/wp-json\/wp\/v2\/types\/post"}],"author":[{"embeddable":true,"href":"https:\/\/www.europesays.com\/es\/wp-json\/wp\/v2\/users\/2"}],"replies":[{"embeddable":true,"href":"https:\/\/www.europesays.com\/es\/wp-json\/wp\/v2\/comments?post=733811"}],"version-history":[{"count":0,"href":"https:\/\/www.europesays.com\/es\/wp-json\/wp\/v2\/posts\/733811\/revisions"}],"wp:featuredmedia":[{"embeddable":true,"href":"https:\/\/www.europesays.com\/es\/wp-json\/wp\/v2\/media\/733812"}],"wp:attachment":[{"href":"https:\/\/www.europesays.com\/es\/wp-json\/wp\/v2\/media?parent=733811"}],"wp:term":[{"taxonomy":"category","embeddable":true,"href":"https:\/\/www.europesays.com\/es\/wp-json\/wp\/v2\/categories?post=733811"},{"taxonomy":"post_tag","embeddable":true,"href":"https:\/\/www.europesays.com\/es\/wp-json\/wp\/v2\/tags?post=733811"}],"curies":[{"name":"wp","href":"https:\/\/api.w.org\/{rel}","templated":true}]}}