{"id":733885,"date":"2026-08-27T13:22:17","date_gmt":"2026-08-27T13:22:17","guid":{"rendered":"https:\/\/www.europesays.com\/es\/733885\/"},"modified":"2026-08-27T13:22:17","modified_gmt":"2026-08-27T13:22:17","slug":"la-moncloa-interior-refuerza-el-dispositivo-de-triaje-de-las-personas-migrantes-que-permanecen-en-ceuta","status":"publish","type":"post","link":"https:\/\/www.europesays.com\/es\/733885\/","title":{"rendered":"La Moncloa. Interior refuerza el dispositivo de triaje de las personas migrantes que permanecen en Ceuta"},"content":{"rendered":"<p>&#13;<\/p>\n<p>El Ministerio del Interior ha reforzado el dispositivo encargado de realizar el triaje de las personas migrantes que permanecen en Ceuta con la apertura de nuevas l\u00edneas de trabajo policial en el Centro de Acogida Temporal de Extranjeros (CATE) provisional que est\u00e1 habilitando en la ciudad aut\u00f3noma y la llegada de un equipo de refuerzo de la Direcci\u00f3n General de Protecci\u00f3n Internacional del departamento para agilizar la primera fase de las solicitudes de asilo que puedan presentarse. <\/p>\n<p>La Polic\u00eda Nacional, que ya realiza labores de identificaci\u00f3n y rese\u00f1as de migrante en la Jefatura Superior de Ceuta y en el puesto fronterizo, cuenta con ocho nuevas l\u00edneas de trabajo en el CATE provisional que se est\u00e1 habilitando en unas naves del Pol\u00edgono Industrial de El Tarajal.<\/p>\n<p>Estas ocho l\u00edneas de trabajo son operadas por miembros de las unidades de unidades de Extranjer\u00eda y Fronteras, Polic\u00eda Cient\u00edfica y Seguridad Ciudadana, que cuentan con equipos inform\u00e1ticos, impresoras, puntos de red ADSL y todos los medios t\u00e9cnicos necesarios para llevar a cabo las labores de identificaci\u00f3n y registro de los migrantes.<\/p>\n<p>El CATE estar\u00e1 finalizado el 4 de septiembre, momento en el que estas ocho l\u00edneas de trabajo pasar\u00e1n a ser catorce, que se sumar\u00e1n a las cuatro que ya operan en la Jefatura Superior de Polic\u00eda y a las seis instaladas en el paso fronterizo.<\/p>\n<p>Agilizar el asilo<\/p>\n<p>Adem\u00e1s ha llegado a Ceuta un equipo de once miembros de la Direcci\u00f3n General de Protecci\u00f3n Internacional del ministerio que reforzar\u00e1n los equipos que, junto a Polic\u00eda Nacional, formalizan y tramitan las solicitudes de asilo que formulan algunas personas migrantes durante el triaje al que son sometidos.<\/p>\n<p>Este equipo participar\u00e1 en las entrevistas que se realizan a quienes solicitan protecci\u00f3n internacional, en especial cuando se trata de menores en situaci\u00f3n de desamparo, mujeres y ni\u00f1as, as\u00ed como a las personas que podr\u00edan encontrase en alguna situaci\u00f3n de vulnerabilidad.<\/p>\n<p>Este equipo realizar\u00e1 las entrevistas en dos formatos:<\/p>\n<ul>\n<li>presenciales, en horario de ma\u00f1ana y tarde, y tambi\u00e9n instruir\u00e1 los expedientes que han sido entrevistados en d\u00edas anteriores. <\/li>\n<li>por videoconferencia, de manera paralela a las entrevistas presenciales, para lo que el equipo desplegado en Ceuta se coordinar\u00e1 con Polic\u00eda Nacional para que se puedan realizar estas entrevistas por personal ubicado en la sede de la direcci\u00f3n general en Madrid.<\/li>\n<\/ul>\n<p>Triaje preceptivo <\/p>\n<p>La realizaci\u00f3n del triaje es preceptiva y previa a cualquier procedimiento administrativo, ya sea expulsi\u00f3n, devoluci\u00f3n, protecci\u00f3n internacional, protecci\u00f3n de menores o v\u00edctimas de trata.<\/p>\n<p>El triaje consiste en un reconocimiento m\u00e9dico, realizado por Cruz Roja; un examen de vulnerabilidad a menores, embarazadas, ancianos, personas con discapacidad o trastornos mentales, labor realizada por los servicios m\u00e9dicos de la Polic\u00eda Nacional; identificaci\u00f3n y toma biom\u00e9trica; registro de datos como fotograf\u00eda, huellas decadactilares y esc\u00e1ner documental; y registro en una base de datos policial.<\/p>\n<p>El CATE que se habilita en el Pol\u00edgono Industrial de El Tarajal cuenta con una superficie \u00fatil de 856 metros cuadrados destinada a oficinas de uso policial que tambi\u00e9n albergar\u00e1 una zona polivalente de comedor y un \u00e1rea destinada al acogimiento de familias.<\/p>\n<p>Una vez concluido su acondicionamiento, tambi\u00e9n dispondr\u00e1 de una nave de 1.179 metros cuadrados para uso habitacional con capacidad para 400 plazas dotada de aseos y duchas de uso exclusivo para los migrantes.<\/p>\n<p>&#13;<\/p>\n","protected":false},"excerpt":{"rendered":"&#13; El Ministerio del Interior ha reforzado el dispositivo encargado de realizar el triaje de las personas migrantes&hellip;\n","protected":false},"author":2,"featured_media":733886,"comment_status":"","ping_status":"","sticky":false,"template":"","format":"standard","meta":{"footnotes":""},"categories":[5],"tags":[517,17,18,25,24,13,14,11,584,19,20,9,10,15,16,2330,23,12,21,22],"class_list":["post-733885","post","type-post","status-publish","format-standard","has-post-thumbnail","category-titulares","tag-actualidad","tag-breaking-news","tag-breakingnews","tag-es","tag-espana","tag-featured-news","tag-featurednews","tag-headlines","tag-interior","tag-latest-news","tag-latestnews","tag-news","tag-noticias","tag-noticias-destacadas","tag-noticiasdestacadas","tag-prensa","tag-spain","tag-titulares","tag-ultimas-noticias","tag-ultimasnoticias"],"share_on_mastodon":{"url":"https:\/\/pubeurope.com\/@es\/117167688460216232","error":""},"_links":{"self":[{"href":"https:\/\/www.europesays.com\/es\/wp-json\/wp\/v2\/posts\/733885","targetHints":{"allow":["GET"]}}],"collection":[{"href":"https:\/\/www.europesays.com\/es\/wp-json\/wp\/v2\/posts"}],"about":[{"href":"https:\/\/www.europesays.com\/es\/wp-json\/wp\/v2\/types\/post"}],"author":[{"embeddable":true,"href":"https:\/\/www.europesays.com\/es\/wp-json\/wp\/v2\/users\/2"}],"replies":[{"embeddable":true,"href":"https:\/\/www.europesays.com\/es\/wp-json\/wp\/v2\/comments?post=733885"}],"version-history":[{"count":0,"href":"https:\/\/www.europesays.com\/es\/wp-json\/wp\/v2\/posts\/733885\/revisions"}],"wp:featuredmedia":[{"embeddable":true,"href":"https:\/\/www.europesays.com\/es\/wp-json\/wp\/v2\/media\/733886"}],"wp:attachment":[{"href":"https:\/\/www.europesays.com\/es\/wp-json\/wp\/v2\/media?parent=733885"}],"wp:term":[{"taxonomy":"category","embeddable":true,"href":"https:\/\/www.europesays.com\/es\/wp-json\/wp\/v2\/categories?post=733885"},{"taxonomy":"post_tag","embeddable":true,"href":"https:\/\/www.europesays.com\/es\/wp-json\/wp\/v2\/tags?post=733885"}],"curies":[{"name":"wp","href":"https:\/\/api.w.org\/{rel}","templated":true}]}}