{"id":733973,"date":"2026-08-27T14:29:13","date_gmt":"2026-08-27T14:29:13","guid":{"rendered":"https:\/\/www.europesays.com\/es\/733973\/"},"modified":"2026-08-27T14:29:13","modified_gmt":"2026-08-27T14:29:13","slug":"wall-street-abre-al-alza-impulsada-por-resultados-de-nvidia","status":"publish","type":"post","link":"https:\/\/www.europesays.com\/es\/733973\/","title":{"rendered":"Wall Street abre al alza impulsada por resultados de Nvidia"},"content":{"rendered":"<p>    <img src=\"https:\/\/www.europesays.com\/es\/wp-content\/uploads\/2026\/08\/2026-08-27T133A493A45Z-91965050.jpg\" width=\"1024\" height=\"637\" alt=\"\" loading=\"eager\" decoding=\"sync\" fetchpriority=\"high\"\/><\/p>\n<p>            afp_tickers        <\/p>\n<p>        Este contenido fue publicado en    <\/p>\n<p>        27 agosto 2026 &#8211; 15:49\n<\/p>\n<p>La Bolsa de Nueva York abri\u00f3 este jueves al alza, impulsada por los resultados extraordinarios del gigante de los chips Nvidia y a la espera del discurso del presidente de la Reserva Federal de Estados Unidos.\u00a0<\/p>\n<p>En las primeras horas de la sesi\u00f3n, el Nasdaq, que incluye a las principales empresas del sector tecnol\u00f3gico, subi\u00f3 un 0,98%, y el \u00edndice ampliado S&amp;P 500 gan\u00f3 un 0,40%.\u00a0El Dow Jones Industrial Average cotizaba cerca del punto de equilibrio (-0,09%).<\/p>\n<p>La acci\u00f3n de Nvidia se dispar\u00f3 6,84% a la apertura de Wall Street, lo que representa una ganancia de m\u00e1s de 300.000 millones en capitalizaci\u00f3n burs\u00e1til y refuerza su posici\u00f3n de l\u00edder mundial.<\/p>\n<p>ni\/myl\/dg\/nn<\/p>\n","protected":false},"excerpt":{"rendered":"afp_tickers Este contenido fue publicado en 27 agosto 2026 &#8211; 15:49 La Bolsa de Nueva York abri\u00f3 este&hellip;\n","protected":false},"author":2,"featured_media":733974,"comment_status":"","ping_status":"","sticky":false,"template":"","format":"standard","meta":{"footnotes":""},"categories":[80],"tags":[82,95,94,25,24,20146,36496,23,90],"class_list":["post-733973","post","type-post","status-publish","format-standard","has-post-thumbnail","category-economia","tag-business","tag-economia","tag-economy","tag-es","tag-espana","tag-market-and-exchange","tag-securities","tag-spain","tag-ticker"],"share_on_mastodon":{"url":"","error":""},"_links":{"self":[{"href":"https:\/\/www.europesays.com\/es\/wp-json\/wp\/v2\/posts\/733973","targetHints":{"allow":["GET"]}}],"collection":[{"href":"https:\/\/www.europesays.com\/es\/wp-json\/wp\/v2\/posts"}],"about":[{"href":"https:\/\/www.europesays.com\/es\/wp-json\/wp\/v2\/types\/post"}],"author":[{"embeddable":true,"href":"https:\/\/www.europesays.com\/es\/wp-json\/wp\/v2\/users\/2"}],"replies":[{"embeddable":true,"href":"https:\/\/www.europesays.com\/es\/wp-json\/wp\/v2\/comments?post=733973"}],"version-history":[{"count":0,"href":"https:\/\/www.europesays.com\/es\/wp-json\/wp\/v2\/posts\/733973\/revisions"}],"wp:featuredmedia":[{"embeddable":true,"href":"https:\/\/www.europesays.com\/es\/wp-json\/wp\/v2\/media\/733974"}],"wp:attachment":[{"href":"https:\/\/www.europesays.com\/es\/wp-json\/wp\/v2\/media?parent=733973"}],"wp:term":[{"taxonomy":"category","embeddable":true,"href":"https:\/\/www.europesays.com\/es\/wp-json\/wp\/v2\/categories?post=733973"},{"taxonomy":"post_tag","embeddable":true,"href":"https:\/\/www.europesays.com\/es\/wp-json\/wp\/v2\/tags?post=733973"}],"curies":[{"name":"wp","href":"https:\/\/api.w.org\/{rel}","templated":true}]}}