{"id":734083,"date":"2026-08-27T15:47:30","date_gmt":"2026-08-27T15:47:30","guid":{"rendered":"https:\/\/www.europesays.com\/es\/734083\/"},"modified":"2026-08-27T15:47:30","modified_gmt":"2026-08-27T15:47:30","slug":"dicen-que-el-ciclismo-mas-seguro-si-sucede-en-circuitos","status":"publish","type":"post","link":"https:\/\/www.europesays.com\/es\/734083\/","title":{"rendered":"Dicen que el ciclismo m\u00e1s seguro si sucede en circuitos"},"content":{"rendered":"<p>\t\t\t\t\t\t\t\t\t\t\t\t\t\t<a href=\"https:\/\/www.grancanaria.com\/turismo\/es\/naturaleza\/deportes-de-montana\/ciclismo\/\" rel=\"nofollow noopener\" target=\"_blank\"><img fetchpriority=\"high\" decoding=\"async\" class=\"aligncenter size-full wp-image-68752\" src=\"data:image\/svg+xml,%3Csvg%20xmlns=\" http:=\"\" alt=\"\" width=\"800\" height=\"100\" data-lazy- data-lazy- data-lazy-src=\"https:\/\/www.europesays.com\/es\/wp-content\/uploads\/2026\/08\/1787845643_825_tgc-banner-joan-1600x200-1.jpg\"\/><\/a><br \/>\nDicen que el ciclismo m\u00e1s seguro si sucede en circuitos<\/p>\n<p>El ciclismo de ruta atraviesa un dilema existencial donde la seguridad y la tradici\u00f3n chocan con fuerza.<\/p>\n<p>Reducir las carreras a trazados cerrados traicionar\u00eda el esp\u00edritu itinerante que define a este deporte.<\/p>\n<p><strong> La verdadera gracia del ciclismo reside en unir dos puntos distantes<\/strong>, cruzar valles, ascender puertos y llevar el espect\u00e1culo directamente a la puerta de los aficionados.<\/p>\n<p><a class=\"wppaslink\" href=\"https:\/\/joanseguidor.com\/pas\/ccmm-valenciana\/44016\/0\" target=\"_blank\" rel=\"nofollow noopener\"><img decoding=\"async\" src=\"data:image\/svg+xml,%3Csvg%20xmlns=\" http:=\"\" alt=\"CCMM Valenciana\" border=\"0\" data-lazy-src=\"https:\/\/www.europesays.com\/es\/wp-content\/uploads\/2026\/08\/1787845644_892_anunci-generic-bla-1-1024x120-px-v3-02.jpg\"\/><\/a><\/p>\n<p>Sin embargo, <strong>el debate sobre los circuitos gana terreno por una raz\u00f3n evidente<\/strong>: la incapacidad manifiesta de algunas organizaciones para garantizar la protecci\u00f3n b\u00e1sica de los corredores en carreteras abiertas.<\/p>\n<p>Resulta inaceptable que en el pelot\u00f3n profesional sigan ocurriendo negligencias organizativas y fallos de tr\u00e1fico tan graves.<\/p>\n<p><a href=\"https:\/\/joanseguidor.com\/finlay-tarling-ciclista-recuerdo\/\" target=\"_blank\" rel=\"noopener nofollow\">La tr\u00e1gica muerte de Finlay Tarling en la Vuelta a Portugal<\/a> ha vuelto a encender todas las alarmas.<\/p>\n<p>\u00a0<\/p>\n<p><a href=\" https:\/\/aralleida.cat\/es\/\" target=\"_blank\" rel=\"noopener\"><img loading=\"lazy\" decoding=\"async\" class=\"aligncenter wp-image-70055 size-full\" src=\"data:image\/svg+xml,%3Csvg%20xmlns=\" http:=\"\" alt=\"\" width=\"1600\" height=\"200\" data-lazy- data-lazy- data-lazy-src=\"https:\/\/www.europesays.com\/es\/wp-content\/uploads\/2026\/08\/1787845645_583_aralleida-baner-1600x200-llavorsi-es.jpg\"\/><\/a><\/p>\n<p><a href=\"https:\/\/tiendafinisher.com\/\" rel=\"nofollow noopener\" target=\"_blank\"><img loading=\"lazy\" decoding=\"async\" class=\"aligncenter wp-image-69986 size-full\" src=\"data:image\/svg+xml,%3Csvg%20xmlns=\" http:=\"\" alt=\"\" width=\"1024\" height=\"300\" data-lazy- data-lazy- data-lazy-src=\"https:\/\/www.europesays.com\/es\/wp-content\/uploads\/2026\/08\/1787845647_903_finisher-ekp-1024x300jpg-1.jpeg\"\/><\/a><\/p>\n<p>Tras este fatal accidente, el m\u00e1ximo responsable del Visma, Richard Plugge, ha alzado la voz para exigir medidas dr\u00e1sticas a la UCI.<\/p>\n<p>Plugge ha vuelto a plantear que si organizar etapas de doscientos kil\u00f3metros de un punto A a un punto B sobre v\u00edas p\u00fablicas deja de ser viable con total seguridad, <strong>el ciclismo tendr\u00e1 que pasar a disputarse en vueltas a un circuito<\/strong>.<\/p>\n<p>Esta postura de los grandes equipos refleja una desesperaci\u00f3n leg\u00edtima ante el peligro real que sufren los ciclistas en carrera.<\/p>\n<p>Sin embargo, sacrificar la identidad de las carreras\u00a0 no puede ser la respuesta definitiva.<\/p>\n<p><strong> Encerrar al pelot\u00f3n en un bucle repetitivo eliminar\u00eda la m\u00edstica<\/strong> y el dramatismo propios de las grandes gestas en ruta.<\/p>\n<p><strong> Los trazados cerrados pueden servir como complemento puntual<\/strong> en finales de etapa o eventos espec\u00edficos, pero jam\u00e1s deber\u00edan sustituir la esencia del ciclismo cl\u00e1sico.<\/p>\n<p><strong><a href=\"https:\/\/www.grancanaria.com\/turismo\/es\/naturaleza\/deportes-de-montana\/ciclismo\/\" rel=\"nofollow noopener\" target=\"_blank\"><img loading=\"lazy\" decoding=\"async\" class=\"aligncenter size-full wp-image-68757\" src=\"data:image\/svg+xml,%3Csvg%20xmlns=\" http:=\"\" alt=\"\" width=\"300\" height=\"300\" data-lazy- data-lazy- data-lazy-src=\"https:\/\/www.europesays.com\/es\/wp-content\/uploads\/2026\/08\/1787845648_120_tgc-banner-joan-400x400-2.jpg\"\/><\/a><\/strong><\/p>\n<p>La soluci\u00f3n pasa por elevar las exigencias organizativas, fiscalizar con dureza a quienes no cumplan los protocolos y profesionalizar al m\u00e1ximo el control de las carreteras. No se puede permitir que la desidia convierta la ruta en un entorno hostil.<\/p>\n<p><strong>Hay que proteger la vida de los corredores sin amputar el alma de un deporte<\/strong> cuya naturaleza siempre ha sido avanzar hacia adelante.<\/p>\n<p><strong><a href=\"https:\/\/www.dtswiss.com\/es\/ruedas\/ruedas-carretera\/aero\/arc-1100-dicut-db\" rel=\"nofollow noopener\" target=\"_blank\"><img loading=\"lazy\" decoding=\"async\" class=\"aligncenter wp-image-69569 size-full\" src=\"data:image\/svg+xml,%3Csvg%20xmlns=\" http:=\"\" alt=\"\" width=\"1024\" height=\"140\" data-lazy- data-lazy- data-lazy-src=\"https:\/\/www.europesays.com\/es\/wp-content\/uploads\/2026\/08\/1787845650_155_joanseguidor-1024x140px-es-erc1100-1.png\"\/><\/a><\/strong><\/p>\n","protected":false},"excerpt":{"rendered":"Dicen que el ciclismo m\u00e1s seguro si sucede en circuitos El ciclismo de ruta atraviesa un dilema existencial&hellip;\n","protected":false},"author":2,"featured_media":734084,"comment_status":"","ping_status":"","sticky":false,"template":"","format":"standard","meta":{"footnotes":""},"categories":[273],"tags":[313,312,168,25,24,2548,23,167,321],"class_list":["post-734083","post","type-post","status-publish","format-standard","has-post-thumbnail","category-ciclismo","tag-ciclismo","tag-cycling","tag-deportes","tag-es","tag-espana","tag-featured","tag-spain","tag-sports","tag-visma"],"share_on_mastodon":{"url":"https:\/\/pubeurope.com\/@es\/117168258809989345","error":""},"_links":{"self":[{"href":"https:\/\/www.europesays.com\/es\/wp-json\/wp\/v2\/posts\/734083","targetHints":{"allow":["GET"]}}],"collection":[{"href":"https:\/\/www.europesays.com\/es\/wp-json\/wp\/v2\/posts"}],"about":[{"href":"https:\/\/www.europesays.com\/es\/wp-json\/wp\/v2\/types\/post"}],"author":[{"embeddable":true,"href":"https:\/\/www.europesays.com\/es\/wp-json\/wp\/v2\/users\/2"}],"replies":[{"embeddable":true,"href":"https:\/\/www.europesays.com\/es\/wp-json\/wp\/v2\/comments?post=734083"}],"version-history":[{"count":0,"href":"https:\/\/www.europesays.com\/es\/wp-json\/wp\/v2\/posts\/734083\/revisions"}],"wp:featuredmedia":[{"embeddable":true,"href":"https:\/\/www.europesays.com\/es\/wp-json\/wp\/v2\/media\/734084"}],"wp:attachment":[{"href":"https:\/\/www.europesays.com\/es\/wp-json\/wp\/v2\/media?parent=734083"}],"wp:term":[{"taxonomy":"category","embeddable":true,"href":"https:\/\/www.europesays.com\/es\/wp-json\/wp\/v2\/categories?post=734083"},{"taxonomy":"post_tag","embeddable":true,"href":"https:\/\/www.europesays.com\/es\/wp-json\/wp\/v2\/tags?post=734083"}],"curies":[{"name":"wp","href":"https:\/\/api.w.org\/{rel}","templated":true}]}}