{"id":734111,"date":"2026-08-27T16:03:16","date_gmt":"2026-08-27T16:03:16","guid":{"rendered":"https:\/\/www.europesays.com\/es\/734111\/"},"modified":"2026-08-27T16:03:16","modified_gmt":"2026-08-27T16:03:16","slug":"la-moncloa-hacienda-asigna-273-millones-de-euros-del-plan-edil-dana-a-95-entidades-locales-para-dar-continuidad-a-la-reconstruccion-y-blindarlas-frente-a-futuras-riadas","status":"publish","type":"post","link":"https:\/\/www.europesays.com\/es\/734111\/","title":{"rendered":"La Moncloa. Hacienda asigna 273 millones de euros del Plan EDIL DANA a 95 entidades locales para dar continuidad a la reconstrucci\u00f3n y blindarlas frente a futuras riadas"},"content":{"rendered":"<p>&#13;&#13;<img decoding=\"async\" alt=\"El ministro de Hacienda, Arcadi Espa\u00f1a, durante la presentaci\u00f3n de los programas EDIL DANA, en Mislata (Valencia).\" title=\"El ministro de Hacienda, Arcadi Espa\u00f1a, durante la presentaci\u00f3n de los programas EDIL DANA, en Mislata (Valencia).\" src=\"https:\/\/www.europesays.com\/es\/wp-content\/uploads\/2026\/08\/270826-espana-dana-entidades-locales.jpg\"\/>&#13;El ministro de Hacienda, Arcadi Espa\u00f1a, durante la presentaci\u00f3n de los programas EDIL DANA, en Mislata (Valencia).&#13;&#13;<\/p>\n<p>&#13;<\/p>\n<p>El Ministerio de Hacienda, a trav\u00e9s de la Direcci\u00f3n General de Fondos Europeos, ha resuelto la convocatoria de expresiones de inter\u00e9s del Plan EDIL DANA, asignando un total de 273,2 millones de euros de ayuda financiera procedente del Fondo Europeo de Desarrollo Regional (FEDER).<\/p>\n<p>Esta dotaci\u00f3n, enmarcada en el Objetivo Espec\u00edfico 2.10 del Programa Plurirregional de Espa\u00f1a FEDER 2021-2027 (POPE) y bajo el paraguas del Reglamento europeo RESTORE, movilizar\u00e1 una inversi\u00f3n p\u00fablica total de 287,6 millones de euros destinada a reparar los da\u00f1os de la cat\u00e1strofe del 28 de octubre de 2024 y contribuir a la seguridad del territorio ante futuras riadas.<\/p>\n<p>El ministro de Hacienda, Arcadi Espa\u00f1a, ha anunciado la resoluci\u00f3n de estas ayudas en la visita que ha realizado a uno de los municipios beneficiarios, Mislata, en Valencia.<\/p>\n<p>El ministro Espa\u00f1a ha precisado que este mismo jueves se ha notificado la resoluci\u00f3n de manera individualizada a las entidades locales beneficiarias para que puedan desarrollar los diversos proyectos planteados, que fortalecer\u00e1n a esos municipios afectados por la DANA frente a futuras inclemencias meteorol\u00f3gicas.<\/p>\n<p>Arcadi Espa\u00f1a ha destacado que estas actuaciones que se van a financiar van a \u00abmejorar la capacidad, la resiliencia y la adaptaci\u00f3n de los municipios al cambio clim\u00e1tico\u00bb.<\/p>\n<p>Gracias a una tasa extraordinaria de cofinanciaci\u00f3n comunitaria del 95%, las corporaciones locales beneficiarias podr\u00e1n ejecutar de manera inmediata actuaciones dise\u00f1adas bajo la metodolog\u00eda de los Planes de Actuaci\u00f3n Integrados (PAI), garantizando que la reconstrucci\u00f3n no suponga \u00fanicamente reponer lo da\u00f1ado, sino dotar a las zonas afectadas de infraestructuras resilientes, inteligentes y sostenibles preparadas ante el impacto del cambio clim\u00e1tico.<\/p>\n<p>Con esta resoluci\u00f3n, el Ministerio de Hacienda reafirma su compromiso firme con las entidades locales damnificadas por la cat\u00e1strofe de octubre de 2024. A trav\u00e9s de esta inyecci\u00f3n de fondos europeos FEDER, el Gobierno no solo impulsa una reconstrucci\u00f3n \u00e1gil y transformadora del tejido municipal, sino que dota a los ayuntamientos y mancomunidades de las herramientas y recursos financieros necesarios para fortalecer su resiliencia estructural, la seguridad de sus vecinos y garantizar que los territorios afectados salgan mejor preparados, m\u00e1s sostenibles y plenamente protegidos ante el impacto de futuros episodios clim\u00e1ticos extremos.<\/p>\n<p>\u00c9xito de concurrencia y amplia cobertura territorial<\/p>\n<p>La convocatoria ha registrado un notable \u00e9xito de participaci\u00f3n, recibi\u00e9ndose y aprob\u00e1ndose un total de 34 solicitudes:<\/p>\n<ul>\n<li>3 Grandes Ciudades: Valencia, Torrent y Paterna, que recibir\u00e1n hasta 12 millones de euros de ayuda.<\/li>\n<li>18 Ciudades Intermedias: Algemes\u00ed, Alfafar, Xirivella, Cullera, Riba-roja de T\u00faria, Manises, Requena, Picassent, Ll\u00edria, Alzira, Aldaia, Catarroja, Mislata, Alaqu\u00e0s, B\u00e9tera, Silla, Paiporta y Sueca, que recibir\u00e1n hasta 9 millones de euros de ayuda.<\/li>\n<li>13 \u00c1reas Urbanas Funcionales (AUF), lideradas por ayuntamientos, mancomunidades y diputaciones provinciales, que recibir\u00e1n hasta 6 millones de ayuda.<\/li>\n<\/ul>\n<p><img decoding=\"async\" src=\"https:\/\/www.europesays.com\/es\/wp-content\/uploads\/2026\/08\/270826-espana-dana-entidades-locales2.jpg\" alt=\"Tabla de asignaci\u00f3n de fondos del Plan EDIL DANA\" title=\"Tabla de asignaci\u00f3n de fondos del Plan EDIL DANA\"\/><\/p>\n<p>En t\u00e9rminos de alcance territorial, el Plan EDIL DANA dar\u00e1 cobertura a 95 municipios, de los que 69 localidades corresponden a la Comunitat Valenciana y se vieron afectadas por la DANA y otros 26 son municipios de Albacete y Cuenca, articulados a trav\u00e9s de las \u00c1reas Urbanas Funcionales (AUF), capitaneadas por las respectivas Diputaciones Provinciales para dar respuesta a las zonas de Letur y Mira.<\/p>\n<p>Tres pilares de actuaci\u00f3n<\/p>\n<p>El ministro Arcadi Espa\u00f1a ha explicado que las operaciones seleccionadas en los PAI se estructuran en torno a tres grandes ejes estrat\u00e9gicos que combinan obra civil de gran envergadura, inteligencia digital y cohesi\u00f3n comunitaria:<\/p>\n<p>1. Resiliencia estructural, hidr\u00e1ulica y conectividad vial, con el prop\u00f3sito primordial de frenar, absorber y encauzar el agua ca\u00edda en lluvias torrenciales antes de que alcance las zonas habitadas. Esta intervenci\u00f3n combina obras de subsuelo -como la separaci\u00f3n de las redes de saneamiento y pluviales para impedir retornos e inundaciones en las viviendas- con soluciones en superficie basadas en la naturaleza que transforman los municipios gracias a pavimentos permeables y plazas de laminaci\u00f3n natural.<\/p>\n<p>En este \u00e1mbito, destacan intervenciones emblem\u00e1ticas como la avenida Gregorio Gea o la actuaci\u00f3n en la Plaza Mayor de Mislata, \u00e9sta \u00faltima dise\u00f1ada con paisajismo t\u00e9cnico para actuar como laguna de inundaci\u00f3n controlada en episodios de lluvias torrenciales. Ambas actuaciones han sido visitadas por el ministro de Hacienda.<\/p>\n<p>Otras actuaciones en esa misma l\u00ednea son, entre otras, el tanque de tormentas del sector Parc Central en Torrent; los colectores pluviales masivos en el frente mar\u00edtimo de Cullera; o las obras de defensa y blindaje de cauces periurbanos y del pol\u00edgono Fuente del Jarro en Paterna.<\/p>\n<p>2. A este escudo hidr\u00e1ulico se suma un segundo eje orientado a la protecci\u00f3n ciudadana, la alerta temprana y la respuesta inmediata. Su meta es anticiparse a la cat\u00e1strofe y garantizar que los servicios municipales sigan prestando asistencia incluso en las situaciones m\u00e1s cr\u00edticas. Como ha resaltado Arcadi Espa\u00f1a, la idea es \u00abavisar con antelaci\u00f3n y confiar en la ciencia a la hora de avisar a los ciudadanos y las ciudadanas de los fen\u00f3menos que se pueden ir produciendo\u00bb.<\/p>\n<p>Destaca la edificaci\u00f3n de Centros de Atenci\u00f3n a la Emergencia (CAE) de uso dual -espacios c\u00edvicos y culturales en el d\u00eda a d\u00eda que, ante una alerta, se convierten en refugios estancos con autonom\u00eda energ\u00e9tica, \u00e1reas sanitarias y cocinas para acoger a cientos de personas-. Asimismo, la inversi\u00f3n despliega redes de alerta temprana mediante caudal\u00edmetros por radar en r\u00edos, videovigilancia de cauces y torres de aviso sonoro, anillos de fibra \u00f3ptica redundante o la virtualizaci\u00f3n completa de los sistemas inform\u00e1ticos en la nube (&#8216;cloud&#8217;) para blindar a los consistorios frente a un eventual &#8216;apag\u00f3n administrativo&#8217;.<\/p>\n<p>3. Por \u00faltimo, los planes destinan actuaciones a consolidar un escudo social, ampliar el parque de vivienda y reactivar la econom\u00eda local. Estas actuaciones se materializan en la construcci\u00f3n de edificios residenciales ecoeficientes para alquiler social y soluciones de transici\u00f3n destinadas a familias y j\u00f3venes damnificados, as\u00ed como en la rehabilitaci\u00f3n de consultorios m\u00e9dicos, polideportivos y la reconstrucci\u00f3n integral de mercados tradicionales y \u00e1reas comerciales, garantizando la continuidad de las pymes y la conservaci\u00f3n del empleo en cada municipio.<\/p>\n<p>Pr\u00f3ximos pasos en la gesti\u00f3n<\/p>\n<p>Con la resoluci\u00f3n de la convocatoria, la Direcci\u00f3n General de Fondos Europeos ha remitido este mismo jueves la comunicaci\u00f3n individualizada a las entidades locales beneficiarias, abri\u00e9ndose el plazo para la presentaci\u00f3n de la documentaci\u00f3n que permitir\u00e1 conformarlas como Organismos Intermedios Ligeros (OIL), figura que les permitir\u00e1 iniciar la selecci\u00f3n y ejecuci\u00f3n de las operaciones.<\/p>\n<p>&#13;<\/p>\n","protected":false},"excerpt":{"rendered":"&#13;&#13;&#13;El ministro de Hacienda, Arcadi Espa\u00f1a, durante la presentaci\u00f3n de los programas EDIL DANA, en Mislata (Valencia).&#13;&#13; &#13;&hellip;\n","protected":false},"author":2,"featured_media":734112,"comment_status":"","ping_status":"","sticky":false,"template":"","format":"standard","meta":{"footnotes":""},"categories":[8],"tags":[517,17,18,25,24,13,14,1671,11,19,20,9,10,15,16,2330,23,12,21,22],"class_list":["post-734111","post","type-post","status-publish","format-standard","has-post-thumbnail","category-espana","tag-actualidad","tag-breaking-news","tag-breakingnews","tag-es","tag-espana","tag-featured-news","tag-featurednews","tag-hacienda","tag-headlines","tag-latest-news","tag-latestnews","tag-news","tag-noticias","tag-noticias-destacadas","tag-noticiasdestacadas","tag-prensa","tag-spain","tag-titulares","tag-ultimas-noticias","tag-ultimasnoticias"],"share_on_mastodon":{"url":"https:\/\/pubeurope.com\/@es\/117168322648774086","error":""},"_links":{"self":[{"href":"https:\/\/www.europesays.com\/es\/wp-json\/wp\/v2\/posts\/734111","targetHints":{"allow":["GET"]}}],"collection":[{"href":"https:\/\/www.europesays.com\/es\/wp-json\/wp\/v2\/posts"}],"about":[{"href":"https:\/\/www.europesays.com\/es\/wp-json\/wp\/v2\/types\/post"}],"author":[{"embeddable":true,"href":"https:\/\/www.europesays.com\/es\/wp-json\/wp\/v2\/users\/2"}],"replies":[{"embeddable":true,"href":"https:\/\/www.europesays.com\/es\/wp-json\/wp\/v2\/comments?post=734111"}],"version-history":[{"count":0,"href":"https:\/\/www.europesays.com\/es\/wp-json\/wp\/v2\/posts\/734111\/revisions"}],"wp:featuredmedia":[{"embeddable":true,"href":"https:\/\/www.europesays.com\/es\/wp-json\/wp\/v2\/media\/734112"}],"wp:attachment":[{"href":"https:\/\/www.europesays.com\/es\/wp-json\/wp\/v2\/media?parent=734111"}],"wp:term":[{"taxonomy":"category","embeddable":true,"href":"https:\/\/www.europesays.com\/es\/wp-json\/wp\/v2\/categories?post=734111"},{"taxonomy":"post_tag","embeddable":true,"href":"https:\/\/www.europesays.com\/es\/wp-json\/wp\/v2\/tags?post=734111"}],"curies":[{"name":"wp","href":"https:\/\/api.w.org\/{rel}","templated":true}]}}