{"id":734135,"date":"2026-08-27T16:22:13","date_gmt":"2026-08-27T16:22:13","guid":{"rendered":"https:\/\/www.europesays.com\/es\/734135\/"},"modified":"2026-08-27T16:22:13","modified_gmt":"2026-08-27T16:22:13","slug":"el-uso-excesivo-de-inhaladores-aumenta-el-riesgo-de-infarto-en-pacientes-con-asma-y-epoc","status":"publish","type":"post","link":"https:\/\/www.europesays.com\/es\/734135\/","title":{"rendered":"El uso excesivo de inhaladores aumenta el riesgo de infarto en pacientes con asma y EPOC"},"content":{"rendered":"<p class=\"paragraph\">El <b>uso excesivo de inhaladores<\/b> de alivio se asocia con un <b>mayor riesgo de desarrollar y morir por enfermedades cardiovasculares<\/b>, incluyendo insuficiencia card\u00edaca, infarto y accidente cerebrovascular isqu\u00e9mico, <b>en pacientes con asma y EPOC<\/b>, seg\u00fan un estudio publicado en la revista &#8216;ERJ Open Research&#8217;.<\/p>\n<p class=\"paragraph\"><b>Estos inhaladores de alivio pueden ayudar a respirar mejor cuando los s\u00edntomas son especialmente intenso<\/b>s. Sin embargo, es posible abusar de ellos si el asma o la EPOC del paciente no se controlan adecuadamente con tratamientos preventivos.<\/p>\n<p class=\"paragraph\">La profesora Lies Lahousse, autora principal del estudio de la Universidad de Gante (B\u00e9lgica) y del Erasmus MC Rotterdam (Pa\u00edses Bajos), explica que el uso excesivo de broncodilatadores de acci\u00f3n corta es com\u00fan.<\/p>\n<p class=\"paragraph\">\u00abSabemos que<b> casi uno de cada cinco pacientes con asma y uno de cada tres pacientes con EPOC abusan de estos inhaladores<\/b> -se\u00f1ala-. Tanto en el asma como en la EPOC, observamos que un mayor uso de estos inhaladores se asociaba con un mayor riesgo de enfermedad cardiovascular y muerte, y que el riesgo segu\u00eda aumentando cuanto mayor era el n\u00famero de inhaladores que los pacientes utilizaban al a\u00f1o\u00bb.<\/p>\n<p class=\"paragraph\">Indica que<b> \u00abel uso excesivo de broncodilatadores de acci\u00f3n corta suele ser consecuencia de un control deficiente de la enfermedad<\/b>; tanto la EPOC como el asma no controlada est\u00e1n relacionadas con un mayor riesgo de enfermedades cardiovasculares y muerte\u00bb.<\/p>\n<p class=\"paragraph\">El estudio evalu\u00f3 datos reales de atenci\u00f3n primaria y secundaria de m\u00e1s de 280.000 pacientes con EPOC y asma en B\u00e9lgica que utilizaban agonistas beta de acci\u00f3n corta (SABA), antagonistas muscar\u00ednicos de acci\u00f3n corta (SAMA), ambos o ning\u00fan broncodilatador de acci\u00f3n corta para controlar su enfermedad.<\/p>\n<p class=\"paragraph\">Los investigadores tuvieron en cuenta las diferencias en edad, sexo, nivel socioecon\u00f3mico, antecedentes de tabaquismo, residencia en un centro de atenci\u00f3n a largo plazo, gravedad de la enfermedad y otras afecciones o medicamentos.<\/p>\n<p class=\"paragraph\">Tanto los broncodilatadores SABA como SAMA se utilizan frecuentemente como terapia de alivio en pacientes con asma y EPOC. <b>Los broncodilatadores SABA aumentaron el riesgo de muerte en un 12 % y un 14 % en pacientes con asma y EPOC<\/b>, respectivamente, en comparaci\u00f3n con la ausencia de uso; el riesgo de muerte por broncodilatadores SAMA aument\u00f3 en un 73 % y un 36 %, respectivamente.<\/p>\n<p class=\"paragraph\">Tambi\u00e9n evaluaron c\u00f3mo el n\u00famero de inhaladores utilizados por a\u00f1o afectaba la salud cardiovascular. Descubrieron que <b>el uso de tres o m\u00e1s inhaladores por a\u00f1o<\/b> para cualquiera de los broncodilatadores se asociaba con <b>un mayor riesgo de muerte en comparaci\u00f3n con dos o menos inhaladores por a\u00f1o<\/b>. Se observ\u00f3 que los pacientes sin antecedentes de enfermedad cardiovascular eran m\u00e1s vulnerables a problemas cardiovasculares derivados del uso excesivo de inhaladores.<\/p>\n<p class=\"paragraph\">\u00abEl uso excesivo de broncodilatadores de acci\u00f3n corta es una se\u00f1al de alarma que indica una inflamaci\u00f3n descontrolada de las v\u00edas respiratorias y requiere una revisi\u00f3n m\u00e9dica del tratamiento &#8211;subraya Lahousse&#8211;. Esto deber\u00eda motivar a los pacientes a hacerse un examen pulmonar y a los profesionales sanitarios a comprobar que cumplen con las pautas de tratamiento y que utilizan correctamente el inhalador\u00bb.<\/p>\n<p class=\"paragraph\">Indica que se debe informar a los pacientes que los broncodilatadores de acci\u00f3n corta solo relajan brevemente los m\u00fasculos de las v\u00edas respiratorias.<\/p>\n<p class=\"paragraph\"><b>El asma y la EPOC no controlados ya est\u00e1n relacionados con un mayor riesgo de enfermedad cardiovascular y muerte<\/b>. Cuando esto se combina con el uso excesivo de broncodilatadores SABA y SAMA, que provocan como efecto secundario una frecuencia card\u00edaca m\u00e1s r\u00e1pida e irregular, estos riesgos se acent\u00faan a\u00fan m\u00e1s.<\/p>\n<p class=\"paragraph\">La dependencia excesiva de este alivio breve puede permitir que la actividad de la enfermedad subyacente progrese sin control. \u00abNuestra investigaci\u00f3n deber\u00eda llamar la atenci\u00f3n de los m\u00e9dicos sobre el hecho de que el uso excesivo es com\u00fan y puede estar asociado con efectos adversos, incluso en pacientes sin antecedentes card\u00edacos\u00bb, sugiere.<\/p>\n<p class=\"paragraph\">El equipo ahora planea <b>investigar si el uso excesivo de broncodilatadores de rescate <\/b>puede evitarse mediante una adherencia m\u00e1s estricta al tratamiento de mantenimiento, y si la evaluaci\u00f3n del riesgo cardiovascular o las terapias cardiovasculares espec\u00edficas podr\u00edan disminuir los riesgos para los pacientes.<\/p>\n<p class=\"paragraph\">Tambi\u00e9n esperan investigar si el uso excesivo de broncodilatadores de acci\u00f3n corta en atenci\u00f3n primaria motivar\u00e1 a los profesionales de la salud a examinar los pulmones y a monitorear el manejo de la enfermedad con mayor detenimiento.<\/p>\n<p class=\"paragraph\">El doctor Pavol Pobeha, del grupo de expertos en monitorizaci\u00f3n de enfermedades de las v\u00edas respiratorias de la Sociedad Respiratoria Europea, con sede en la Universidad Pavol Jozef Saf\u00e1rik de Kosice,(Eslovaquia), que no particip\u00f3 en la investigaci\u00f3n, recuerda que \u00abno existen curas para el asma ni la EPOC. Por lo tanto, el objetivo principal de los m\u00e9dicos y los pacientes es controlar los s\u00edntomas y evitar que la enfermedad empeore\u00bb.<\/p>\n<p class=\"paragraph\">\u00abEl alivio que proporcionan los broncodilatadores desempe\u00f1a un papel fundamental en este control, ya que ayuda a los pacientes a tomar las riendas de su salud y mejorar su calidad de vida, pero es importante que no se vuelvan dependientes de estas terapias\u00bb, sugiere.<\/p>\n<p class=\"paragraph\">\u00abNecesitamos sistemas de monitorizaci\u00f3n mejorados que alerten cuando los pacientes abusen de los broncodilatadores de acci\u00f3n corta, permitiendo as\u00ed que los m\u00e9dicos brinden a sus pacientes el mejor tratamiento y atenci\u00f3n para controlar los s\u00edntomas. Esto ayudar\u00e1 a los pacientes y a sus profesionales sanitarios a maximizar los beneficios de la medicaci\u00f3n y minimizar los riesgos\u00bb, concluye.<\/p>\n","protected":false},"excerpt":{"rendered":"El uso excesivo de inhaladores de alivio se asocia con un mayor riesgo de desarrollar y morir por&hellip;\n","protected":false},"author":2,"featured_media":734136,"comment_status":"","ping_status":"","sticky":false,"template":"","format":"standard","meta":{"footnotes":""},"categories":[92],"tags":[1287,25,24,55415,165,10578,89529,1288,166,23],"class_list":["post-734135","post","type-post","status-publish","format-standard","has-post-thumbnail","category-salud","tag-aumenta","tag-es","tag-espana","tag-excesivo","tag-health","tag-infarto","tag-inhaladores","tag-riesgo","tag-salud","tag-spain"],"share_on_mastodon":{"url":"","error":""},"_links":{"self":[{"href":"https:\/\/www.europesays.com\/es\/wp-json\/wp\/v2\/posts\/734135","targetHints":{"allow":["GET"]}}],"collection":[{"href":"https:\/\/www.europesays.com\/es\/wp-json\/wp\/v2\/posts"}],"about":[{"href":"https:\/\/www.europesays.com\/es\/wp-json\/wp\/v2\/types\/post"}],"author":[{"embeddable":true,"href":"https:\/\/www.europesays.com\/es\/wp-json\/wp\/v2\/users\/2"}],"replies":[{"embeddable":true,"href":"https:\/\/www.europesays.com\/es\/wp-json\/wp\/v2\/comments?post=734135"}],"version-history":[{"count":0,"href":"https:\/\/www.europesays.com\/es\/wp-json\/wp\/v2\/posts\/734135\/revisions"}],"wp:featuredmedia":[{"embeddable":true,"href":"https:\/\/www.europesays.com\/es\/wp-json\/wp\/v2\/media\/734136"}],"wp:attachment":[{"href":"https:\/\/www.europesays.com\/es\/wp-json\/wp\/v2\/media?parent=734135"}],"wp:term":[{"taxonomy":"category","embeddable":true,"href":"https:\/\/www.europesays.com\/es\/wp-json\/wp\/v2\/categories?post=734135"},{"taxonomy":"post_tag","embeddable":true,"href":"https:\/\/www.europesays.com\/es\/wp-json\/wp\/v2\/tags?post=734135"}],"curies":[{"name":"wp","href":"https:\/\/api.w.org\/{rel}","templated":true}]}}