{"id":734183,"date":"2026-08-27T17:01:22","date_gmt":"2026-08-27T17:01:22","guid":{"rendered":"https:\/\/www.europesays.com\/es\/734183\/"},"modified":"2026-08-27T17:01:22","modified_gmt":"2026-08-27T17:01:22","slug":"reunion-de-julian-alvarez-y-su-entorno-con-su-futuro-en-el-aire-cinco-horas-con-su-familia-y-representante-con-dos-opciones-en-la-mesa-futbol","status":"publish","type":"post","link":"https:\/\/www.europesays.com\/es\/734183\/","title":{"rendered":"Reuni\u00f3n de Juli\u00e1n \u00c1lvarez y su entorno con su futuro en el aire: cinco horas con su familia y representante con dos opciones en la mesa | F\u00fatbol"},"content":{"rendered":"<p>El Atl\u00e9tico de Madrid contin\u00faa firme con Juli\u00e1n Alvarez. El club rojiblanco emiti\u00f3 durante la ma\u00f1ana de este 27 de agosto un comunicado en el que remarca que el Consejo de Administraci\u00f3n, \u00abde forma un\u00e1nime\u00bb, ha mostrado <a href=\"https:\/\/cadenaser.com\/nacional\/2026\/08\/27\/el-atletico-tajante-con-julian-alvarez-ni-ha-existido-ni-va-a-existir-ninguna-negociacion-con-el-barca-cadena-ser\/\" target=\"_blank\" rel=\"nofollow noopener\" title=\"https:\/\/cadenaser.com\/nacional\/2026\/08\/27\/el-atletico-tajante-con-julian-alvarez-ni-ha-existido-ni-va-a-existir-ninguna-negociacion-con-el-barca-cadena-ser\/\">\u00absu absoluto respaldo a la decisi\u00f3n del club de no negociar el traspaso de Juli\u00e1n Alvarez<\/a> al F\u00fatbol Club Barcelona\u00bb. Mientras, hoy el ex del City, por segundo d\u00eda consecutivo, <a href=\"https:\/\/cadenaser.com\/nacional\/2026\/08\/27\/julian-alvarez-se-ausenta-por-segundo-dia-consecutivo-del-entrenamiento-del-atletico-de-madrid-cadena-ser\/\" target=\"_blank\" rel=\"nofollow noopener\" title=\"https:\/\/cadenaser.com\/nacional\/2026\/08\/27\/julian-alvarez-se-ausenta-por-segundo-dia-consecutivo-del-entrenamiento-del-atletico-de-madrid-cadena-ser\/\">se ha mostrado indispuesto para entrenar. <\/a><\/p>\n<p>M\u00e1s informaci\u00f3n<\/p>\n<p>El culebr\u00f3n ha entrado en una nueva fase. Seg\u00fan ha informado SER Deportivos, Juli\u00e1n Alvarez mantuvo anoche una \u00abreuni\u00f3n de madrugada de m\u00e1s de cinco horas\u00bb junto a su familia, Hidalgo y su equipo de abogados para decidir qu\u00e9 hacer con su futuro. Sobre la mesa hay dos alternativas muy diferentes: quedarse en el Atl\u00e9tico de Madrid y trabajar para recuperar la confianza de la afici\u00f3n o <a href=\"https:\/\/cadenaser.com\/nacional\/2026\/08\/26\/el-atletico-de-madrid-dejo-por-escrito-que-si-julian-alvarez-queria-irse-debia-presentar-una-oferta-de-150-millones-de-euros-antes-del-20-de-junio-cadena-ser\/\" target=\"_blank\" rel=\"nofollow noopener\" title=\"https:\/\/cadenaser.com\/nacional\/2026\/08\/26\/el-atletico-de-madrid-dejo-por-escrito-que-si-julian-alvarez-queria-irse-debia-presentar-una-oferta-de-150-millones-de-euros-antes-del-20-de-junio-cadena-ser\/\">aceptar la posibilidad de marcharse al Arsenal.<\/a><\/p>\n<p>M\u00e1s informaci\u00f3n<\/p>\n<p>\u00abParece que tan solo hay dos alternativas para encontrar una salida. La primera ser\u00eda su marcha al Arsenal, algo que hasta ahora parece que Juli\u00e1n sigue sin querer considerar del todo. Pero lo cierto es que en las \u00faltimas horas ha habido una reuni\u00f3n de la familia de Juli\u00e1n Alvarez con Hidalgo y con toda su gente, abogados incluidos. De hecho, se ha prolongado hasta la madrugada, m\u00e1s de cinco horas de reuni\u00f3n para decidir qu\u00e9 hacer y si aceptan finalmente irse a Inglaterra, porque ya han entendido que el Bar\u00e7a no parece que sea un destino probable\u00bb, ha contado Marta Casas.<\/p>\n<p>    <img decoding=\"async\" src=\"https:\/\/www.europesays.com\/es\/wp-content\/uploads\/2026\/08\/1787850082_612_app-ser-4.png\" alt=\"Nueva APP de Cadena SER\" loading=\"lazy\" width=\"109\" height=\"82\"\/><\/p>\n<p>Descubre la nueva app de Cadena\u00a0SER<br \/>\n        Te ofrecemos una mejor experiencia de audio y video\n    <\/p>\n<p>    <a href=\"https:\/\/trackingcodes.prisamedia.com\/ser.html?utm_campaign=app-include-articulo&amp;utm_source=web\" class=\"p-a-fa-b\" rel=\"nofollow noopener\" target=\"_blank\">Descargar<\/a><\/p>\n<p>\u00abLa segunda opci\u00f3n es que pida perd\u00f3n\u00bb<\/p>\n<p>La periodista ha profundizado y ha comentado que \u00abla segunda opci\u00f3n ser\u00eda que pida perd\u00f3n, que agache la cabeza y que trabaje al m\u00e1ximo para recuperar la confianza de una afici\u00f3n que ya dej\u00f3 patente el domingo en el Metropolitano su postura. En definitiva, el mercado se va agotando y la postura del Atl\u00e9tico de no venderle al Bar\u00e7a se mantiene inflexible. El Arsenal contin\u00faa agazapado, esperando acontecimientos, con dinero en caja e incluso con jugadores como Gy\u00f6keres en su plantilla, que podr\u00eda entrar en una hipot\u00e9tica operaci\u00f3n\u00bb.<\/p>\n<p>Por ahora, el futuro de Juli\u00e1n sigue en el aire. Est\u00e1 en su mano cambiar de aires o aceptar el reto y reconectar con el Metropolitano. <\/p>\n","protected":false},"excerpt":{"rendered":"El Atl\u00e9tico de Madrid contin\u00faa firme con Juli\u00e1n Alvarez. El club rojiblanco emiti\u00f3 durante la ma\u00f1ana de este&hellip;\n","protected":false},"author":2,"featured_media":734184,"comment_status":"","ping_status":"","sticky":false,"template":"","format":"standard","meta":{"footnotes":""},"categories":[268],"tags":[1765,168,25,24,280,282,281,23,167,1766],"class_list":["post-734183","post","type-post","status-publish","format-standard","has-post-thumbnail","category-futbol","tag-bestof","tag-deportes","tag-es","tag-espana","tag-football","tag-futbol","tag-soccer","tag-spain","tag-sports","tag-topix"],"share_on_mastodon":{"url":"https:\/\/pubeurope.com\/@es\/117168549847544737","error":""},"_links":{"self":[{"href":"https:\/\/www.europesays.com\/es\/wp-json\/wp\/v2\/posts\/734183","targetHints":{"allow":["GET"]}}],"collection":[{"href":"https:\/\/www.europesays.com\/es\/wp-json\/wp\/v2\/posts"}],"about":[{"href":"https:\/\/www.europesays.com\/es\/wp-json\/wp\/v2\/types\/post"}],"author":[{"embeddable":true,"href":"https:\/\/www.europesays.com\/es\/wp-json\/wp\/v2\/users\/2"}],"replies":[{"embeddable":true,"href":"https:\/\/www.europesays.com\/es\/wp-json\/wp\/v2\/comments?post=734183"}],"version-history":[{"count":0,"href":"https:\/\/www.europesays.com\/es\/wp-json\/wp\/v2\/posts\/734183\/revisions"}],"wp:featuredmedia":[{"embeddable":true,"href":"https:\/\/www.europesays.com\/es\/wp-json\/wp\/v2\/media\/734184"}],"wp:attachment":[{"href":"https:\/\/www.europesays.com\/es\/wp-json\/wp\/v2\/media?parent=734183"}],"wp:term":[{"taxonomy":"category","embeddable":true,"href":"https:\/\/www.europesays.com\/es\/wp-json\/wp\/v2\/categories?post=734183"},{"taxonomy":"post_tag","embeddable":true,"href":"https:\/\/www.europesays.com\/es\/wp-json\/wp\/v2\/tags?post=734183"}],"curies":[{"name":"wp","href":"https:\/\/api.w.org\/{rel}","templated":true}]}}