{"id":734207,"date":"2026-08-27T17:15:14","date_gmt":"2026-08-27T17:15:14","guid":{"rendered":"https:\/\/www.europesays.com\/es\/734207\/"},"modified":"2026-08-27T17:15:14","modified_gmt":"2026-08-27T17:15:14","slug":"la-moncloa-rego-pide-a-las-comunidades-autonomas-arrimar-el-hombro-para-ayudar-a-ceuta-y-atender-a-ninos-y-ninas-que-estan-solos","status":"publish","type":"post","link":"https:\/\/www.europesays.com\/es\/734207\/","title":{"rendered":"La Moncloa. Rego pide a las comunidades aut\u00f3nomas \u00abarrimar el hombro\u00bb para \u00abayudar a Ceuta y atender a ni\u00f1os y ni\u00f1as que est\u00e1n solos\u00bb"},"content":{"rendered":"<p class=\"main-image\">&#13;&#13;<img decoding=\"async\" alt=\"27\/08\/2026. Conferencia Sectorial de Infancia y Adolescencia. La ministra de Juventud e Infancia, Sira Rego, preside la Conferencia Sectoria...\" title=\"27\/08\/2026. Conferencia Sectorial de Infancia y Adolescencia. La ministra de Juventud e Infancia, Sira Rego, preside la Conferencia Sectoria...\" src=\"https:\/\/www.europesays.com\/es\/wp-content\/uploads\/2026\/08\/270826-rego-ceuta-credito-infancia.jpg\"\/>&#13;La ministra de Juventud e Infancia, Sira Rego, preside la Conferencia Sectorial de Infancia y Adolescencia, en la sede del Ministerio de Derechos Sociales, Consumo y Agenda 2030.&#13;&#13;<\/p>\n<p>&#13;<\/p>\n<p>La Conferencia Sectorial de Juventud e Infancia ha aprobado, por unanimidad de los presentes, una transferencia de cr\u00e9dito extraordinaria de 25 millones de euros a Ceuta para la atenci\u00f3n de infancia migrante no acompa\u00f1ada. Extremadura, Castilla y Le\u00f3n y Arag\u00f3n se han ausentado de la reuni\u00f3n, por lo que no han podido votar, pese a que ayer comunicaron por escrito al Ministerio de Juventud e Infancia su rechazo a este cr\u00e9dito.<\/p>\n<p>Seg\u00fan recoge el acuerdo aprobado hoy, este cr\u00e9dito extraordinario podr\u00e1 ser imputado por Ceuta para gastos que llevan asumiendo en las \u00faltimas semanas con el prop\u00f3sito de atender a los ni\u00f1os y ni\u00f1as que est\u00e1n solos all\u00ed, evitar que se encuentren en situaci\u00f3n de calle y, adem\u00e1s, aliviar la situaci\u00f3n de la ciudad.<\/p>\n<p>Asimismo, con estos 25 millones Ceuta podr\u00e1 sufragar gastos de alojamiento, traslado, alimentaci\u00f3n, vestuario, apoyo jur\u00eddico, atenci\u00f3n m\u00e9dica, acompa\u00f1amiento socioeducativo o servicios de traducci\u00f3n, as\u00ed como cualquier otro gasto destinado para la atenci\u00f3n de la infancia migrante no acompa\u00f1ada y que alivie la situaci\u00f3n de la ciudad aut\u00f3noma.<\/p>\n<p>La ministra Rego ha asegurado adem\u00e1s que su departamento ha propuesto varias v\u00edas de actuaci\u00f3n para que la atenci\u00f3n de la infancia migrante y el desarrollo de sus expedientes se realice en la Pen\u00ednsula, de modo que se \u00abatienda con garant\u00edas a estos ni\u00f1os y ni\u00f1as y se alivie la situaci\u00f3n de Ceuta\u00bb.<\/p>\n<p>En este sentido, Rego ha hecho referencia a la propuesta que traslad\u00f3 al presidente Vivas, consistente entre la firma de un convenio y distintas entidades de acogida, para trasladar a la Pen\u00ednsula a alrededor de 500 menores de edad.<\/p>\n<p>Asimismo, Rego ha recordado que las comunidades aut\u00f3nomas disponen de un mecanismo de acogida urgente, a trav\u00e9s de la firma de convenios con Ceuta. Estos traslados a la pen\u00ednsula, seg\u00fan ha indicado la ministra, \u00abpermitir\u00edan continuar con todos los procedimientos y expedientes de estos ni\u00f1os y ni\u00f1as, incluida la posibilidad de la reagrupaci\u00f3n familiar, solo que en lugar de hacerse en Ceuta se har\u00edan desde otros lugares de Espa\u00f1a\u00bb.<\/p>\n<p>La ministra Rego ha se\u00f1alado que \u00abCeuta necesita ayuda y que hay una urgencia porque la situaci\u00f3n de la ciudad se normalice\u00bb. En este sentido, ha afirmado que \u00abCeuta es Espa\u00f1a y todas las administraciones debemos actuar en consecuencia\u00bb, por lo que ha pedido a los gobiernos auton\u00f3micos que se acojan a este procedimiento. \u00abEso s\u00ed ser\u00eda arrimar el hombro por Ceuta y por estos ni\u00f1os y ni\u00f1as que est\u00e1n solos. No con palabras ni con declaraciones incendiarias. Con hechos\u00bb, ha declarado.<\/p>\n<p>&#13;<\/p>\n","protected":false},"excerpt":{"rendered":"&#13;&#13;&#13;La ministra de Juventud e Infancia, Sira Rego, preside la Conferencia Sectorial de Infancia y Adolescencia, en la&hellip;\n","protected":false},"author":2,"featured_media":734208,"comment_status":"","ping_status":"","sticky":false,"template":"","format":"standard","meta":{"footnotes":""},"categories":[5],"tags":[517,17,18,25,24,13,14,11,59262,19,20,9,10,15,16,2330,23,12,21,22],"class_list":["post-734207","post","type-post","status-publish","format-standard","has-post-thumbnail","category-titulares","tag-actualidad","tag-breaking-news","tag-breakingnews","tag-es","tag-espana","tag-featured-news","tag-featurednews","tag-headlines","tag-juventud-e-infancia","tag-latest-news","tag-latestnews","tag-news","tag-noticias","tag-noticias-destacadas","tag-noticiasdestacadas","tag-prensa","tag-spain","tag-titulares","tag-ultimas-noticias","tag-ultimasnoticias"],"share_on_mastodon":{"url":"https:\/\/pubeurope.com\/@es\/117168605869695431","error":""},"_links":{"self":[{"href":"https:\/\/www.europesays.com\/es\/wp-json\/wp\/v2\/posts\/734207","targetHints":{"allow":["GET"]}}],"collection":[{"href":"https:\/\/www.europesays.com\/es\/wp-json\/wp\/v2\/posts"}],"about":[{"href":"https:\/\/www.europesays.com\/es\/wp-json\/wp\/v2\/types\/post"}],"author":[{"embeddable":true,"href":"https:\/\/www.europesays.com\/es\/wp-json\/wp\/v2\/users\/2"}],"replies":[{"embeddable":true,"href":"https:\/\/www.europesays.com\/es\/wp-json\/wp\/v2\/comments?post=734207"}],"version-history":[{"count":0,"href":"https:\/\/www.europesays.com\/es\/wp-json\/wp\/v2\/posts\/734207\/revisions"}],"wp:featuredmedia":[{"embeddable":true,"href":"https:\/\/www.europesays.com\/es\/wp-json\/wp\/v2\/media\/734208"}],"wp:attachment":[{"href":"https:\/\/www.europesays.com\/es\/wp-json\/wp\/v2\/media?parent=734207"}],"wp:term":[{"taxonomy":"category","embeddable":true,"href":"https:\/\/www.europesays.com\/es\/wp-json\/wp\/v2\/categories?post=734207"},{"taxonomy":"post_tag","embeddable":true,"href":"https:\/\/www.europesays.com\/es\/wp-json\/wp\/v2\/tags?post=734207"}],"curies":[{"name":"wp","href":"https:\/\/api.w.org\/{rel}","templated":true}]}}