{"id":734249,"date":"2026-08-27T17:54:13","date_gmt":"2026-08-27T17:54:13","guid":{"rendered":"https:\/\/www.europesays.com\/es\/734249\/"},"modified":"2026-08-27T17:54:13","modified_gmt":"2026-08-27T17:54:13","slug":"21-dias-consecutivos-entre-lo-mas-visto-de-prime-video-la-pelicula-hecha-con-ia-que-arrasa-por-las-razones-equivocadas","status":"publish","type":"post","link":"https:\/\/www.europesays.com\/es\/734249\/","title":{"rendered":"21 d\u00edas consecutivos entre lo m\u00e1s visto de Prime Video: la pel\u00edcula hecha con IA que arrasa por las razones equivocadas"},"content":{"rendered":"<p class=\"c-paragraph\">\u00abNo se trata de ver para creer, sino de creer para ver\u00bb, dec\u00eda Aurora (<b>Geraldine Chaplin<\/b>), la m\u00e9dium que advert\u00eda a Laura (<a href=\"https:\/\/www.20minutos.es\/cinemania\/belen-rueda-trilogia-baztan-silencio-ciudad-blanca_6734681_0.html\" rel=\"nofollow noopener\" target=\"_blank\"><b>Bel\u00e9n Rueda<\/b><\/a>) del poder de la fe en el m\u00e1s all\u00e1 durante una escena de<b> El orfanato<\/b>. Pues bien, <b>Prime Video<\/b><a href=\"https:\/\/www.20minutos.es\/cinemania\/noticias\/odisea-masters-universo-prime-video-asylum_7019807_0.html\" target=\"_blank\" rel=\"nofollow noopener\"> ha incluido este verano en su cat\u00e1logo<\/a> algo que hay que ver para creer. Dos pel\u00edculas que pretend\u00edan surfear la ola de sendos blockbusters, aprovech\u00e1ndose de la ingenuidad de alg\u00fan incauto. Las cintas en cuesti\u00f3n son <b>Masters del Universo<\/b> y <b>La Odisea<\/b>.<\/p>\n<p class=\"c-paragraph\">Si bien la primera<b>\u00a0llegaba al cat\u00e1logo del servicio de streaming de Amazon tan solo un d\u00eda despu\u00e9s<\/b>\u00a0que\u00a0<b><a href=\"https:\/\/www.20minutos.es\/cinemania\/noticias\/he-man-masters-universo-prime-video-streaming-estreno-busca-publico-no-tuvo-cines_7007999_0.html\" rel=\"nofollow noopener\" target=\"_blank\">He-Man y los Masters del Universo<\/a><\/b>, la ambiciosa propuesta de\u00a0<b><a href=\"https:\/\/www.20minutos.es\/cinemania\/noticias\/prime-video-mercedes-ron-acuerdo-con-amazon-mgm-studios_7007468_0.html\" rel=\"nofollow noopener\" target=\"_blank\">Amazon MGM Studios<\/a><\/b>\u00a0que ven\u00eda de peg\u00e1rsela en su estreno en salas, la segunda parec\u00eda sugerir una suerte de <a href=\"https:\/\/www.20minutos.es\/cinemania\/noticias\/prime-video-jason-statham-motin-streaming-accidente_7027617_0.html\" rel=\"nofollow noopener\" target=\"_blank\">filtraci\u00f3n en la plataforma <\/a>de una pel\u00edcula que acababa de llegar a cines.\u00a0<\/p>\n<p class=\"c-paragraph\">Aprovechando el impulso de <a href=\"https:\/\/www.20minutos.es\/cinemania\/noticias\/he-man-masters-universo-estreno-prime-video-julio-streaming_7006983_0.html\" rel=\"nofollow noopener\" target=\"_blank\">la malograda nueva aproximaci\u00f3n a Eternia<\/a>\u00a0y de la adaptaci\u00f3n m\u00e1s ambiciosa hasta la fecha del poema \u00e9pico de <b>Homero<\/b>,<a href=\"https:\/\/www.20minutos.es\/cinemania\/noticias\/sharknado-precuela-saga-tiburones-mas-cutre-absurda_6898332_0.html\" rel=\"nofollow noopener\" target=\"_blank\"> la desvergonzada productora<\/a> <b>The Asylum<\/b>, que ha hecho curr\u00edculum a base de capitalizar \u00e9xitos de Hollywood con sus propias alternativas de serie Z, ha vuelto a las andadas.<\/p>\n<p class=\"c-paragraph\">Y lo ha hecho en un entorno especialmente favorable, donde coincid\u00eda con el estreno en streaming de He-Man y los Masters del Universo el <b>22 de julio <\/b>y la llegada de La Odisea de Christopher Nolan a las salas el<b> 17 de julio<\/b>. El negocio estaba hecho y <b>no les ha resultado dif\u00edcil amasar horas de visualizaciones\u00a0<\/b>gracias a esos espectadores despistados, o bien perplejos y con ganas de dejarse asombrar por propuestas que dan varias vueltas al marcador del disparate.<\/p>\n<p class=\"c-paragraph\">Si bien es cierto que <b>las dos tuvieron un buen debut en el disputado Top 10 de Prime Video<\/b>, hay que decir que la que se ha llevado el gato al agua ha sido la versi\u00f3n low cost de la pel\u00edcula de aventuras de Nolan. No en vano, ha sido esta, y no el nuevo live action con los personajes de Mattel, la que ha reventado las taquillas de todo el mundo, convirti\u00e9ndose, incluso, en la m\u00e1s exitosa de la carrera del director, que ya es decir.<\/p>\n<p>Ni Guy Ritchie ni Ridley Scott<\/p>\n<p class=\"c-paragraph\">Aprovechando el tir\u00f3n de esos <b>1.475 millones de d\u00f3lares<\/b> recaudados <a href=\"https:\/\/www.20minutos.es\/cinemania\/noticias\/odisea-taquilla-normas-hollywood-christopher-nolan_7019721_0.html\" rel=\"nofollow noopener\" target=\"_blank\">a lo largo y ancho del globo terr\u00e1queo<\/a> por la pel\u00edcula dirigida por el brit\u00e1nico, un alem\u00e1n llamado <b>Marcel Walz<\/b> decidi\u00f3 dar rienda suelta a su lado m\u00e1s macarra y hacer su propia versi\u00f3n: algo m\u00e1s corta, concretamente <b>90 minutos m\u00e1s corta<\/b>.\u00a0<\/p>\n<p class=\"c-paragraph\">Todo ello, claro, con\u00a0<b>el noble prop\u00f3sito de aligerar el asunto, sin preocuparse demasiado por ser fiel al original<\/b>, y prescindiendo de alguna que otra escena fundamental que, qui\u00e9n sabe, quiz\u00e1 solo habr\u00eda entorpecido el ritmo y, sobre todo, engrosado su calendario de rodaje por encima de los 15 d\u00edas. Por si esto fuera poco, <b>tampoco han tenido ning\u00fan escr\u00fapulo a la hora de recurrir a la inteligencia artificial<\/b>, recreando los momentos m\u00e1s \u00e9picos de una manera cuanto menos&#8230; original.<\/p>\n<p class=\"c-paragraph\">El resultado es, como hemos mencionado, una experiencia del m\u00e1s all\u00e1. Si bien la productora que est\u00e1 detr\u00e1s tiene en su haber algunos cl\u00e1sicos del cine m\u00e1s cutre y desvergonzado que nos ha dejado el audiovisual reciente (ah\u00ed est\u00e1 la saga<b>\u00a0<a href=\"https:\/\/www.20minutos.es\/cinemania\/noticias\/sharknado-precuela-saga-tiburones-mas-cutre-absurda_6898332_0.html\" rel=\"nofollow noopener\" target=\"_blank\">Sharknado<\/a><\/b>),\u00a0<b>la nueva cinta se ha resuelto con una falta de cari\u00f1o que ya roza lo preocupante. <\/b>No es para menos si <a href=\"https:\/\/www.imdb.com\/es-es\/name\/nm3231736\/\" rel=\"nofollow noreferrer noopener\" target=\"_blank\">nos paseamos por IMDb <\/a>y descubrimos que su m\u00e1ximo responsable es, adem\u00e1s, el director detr\u00e1s de la mencionada Masters del Universo.\u00a0<\/p>\n<p class=\"c-paragraph\">Y no solo eso, tambi\u00e9n lo es de otras tres pel\u00edculas estrenadas durante este 2026 y de otras cuatro que, \u00abcon suerte\u00bb, llegar\u00e1n a nuestros hogares antes de que este a\u00f1o llegue a su fin. Entre ellas, una que pretende aprovechar el \u00e9xito de <b>Scrooge y los fantasmas de la Navidad<\/b>, la nueva vuelta de tuerca a la obra de <b>Charles Dickens<\/b> a cargo de <b>Ti West<\/b>, que supondr\u00e1 <a href=\"https:\/\/www.20minutos.es\/cinemania\/noticias\/johnny-depp-ebenezer-trailer-scrooge-fantasmas-navidad-comic-con_7018507_0.html\" rel=\"nofollow noopener\" target=\"_blank\">el regreso por la puerta grande<\/a> de <b>Johnny Depp<\/b> a Hollywood.<\/p>\n<p>&#8216;La Odisea&#8217; de Nolan: fechas de estreno en formato dom\u00e9stico<\/p>\n<p class=\"c-paragraph\">Quien avisa no es traidor y, si alguien ve entre las sugerencias del cat\u00e1logo de <a href=\"https:\/\/www.20minutos.es\/cinemania\/noticias\/prime-video-cuanto-cuesta-espana-planes-tarifas-amazon_6937691_0.html\" rel=\"nofollow noopener\" target=\"_blank\">Prime Video <\/a>el t\u00edtulo de una pel\u00edcula titulada La Odisea, que tenga en cuenta que hay puertas que es mejor no abrir.<b> La experiencia puede ser transformadora, y no necesariamente en el buen sentido.<\/b> Pero all\u00e1 cada cual.\u00a0<\/p>\n<p class=\"c-paragraph\">Si hay alg\u00fan impaciente que quiera disfrutar de la \u00abversi\u00f3n buena\u00bb, la cara, la que protagonizan\u00a0Matt Damon,\u00a0Anne Hathaway,\u00a0Tom Holland, Robert Pattinson, Zendaya y Charlize Theron, que anote esta fecha en el calendario:<b> 17 de noviembre<\/b>, d\u00eda en el que estar\u00e1 disponible en\u00a0<b>formato digital y 4K Ultra HD Blu-ray<\/b>. Para el streaming, habr\u00e1 que esperar todav\u00eda unos meses m\u00e1s.<\/p>\n","protected":false},"excerpt":{"rendered":"\u00abNo se trata de ver para creer, sino de creer para ver\u00bb, dec\u00eda Aurora (Geraldine Chaplin), la m\u00e9dium&hellip;\n","protected":false},"author":2,"featured_media":734250,"comment_status":"","ping_status":"","sticky":false,"template":"","format":"standard","meta":{"footnotes":""},"categories":[169],"tags":[177,146,147,25,24,176,136,28201,175,130417,13086,23,130416],"class_list":["post-734249","post","type-post","status-publish","format-standard","has-post-thumbnail","category-cine","tag-cine","tag-entertainment","tag-entretenimiento","tag-es","tag-espana","tag-film","tag-inteligencia-artificial","tag-la-odisea","tag-movies","tag-peliculas-de-ia","tag-prime-video","tag-spain","tag-the-asylum"],"share_on_mastodon":{"url":"https:\/\/pubeurope.com\/@es\/117168758474211102","error":""},"_links":{"self":[{"href":"https:\/\/www.europesays.com\/es\/wp-json\/wp\/v2\/posts\/734249","targetHints":{"allow":["GET"]}}],"collection":[{"href":"https:\/\/www.europesays.com\/es\/wp-json\/wp\/v2\/posts"}],"about":[{"href":"https:\/\/www.europesays.com\/es\/wp-json\/wp\/v2\/types\/post"}],"author":[{"embeddable":true,"href":"https:\/\/www.europesays.com\/es\/wp-json\/wp\/v2\/users\/2"}],"replies":[{"embeddable":true,"href":"https:\/\/www.europesays.com\/es\/wp-json\/wp\/v2\/comments?post=734249"}],"version-history":[{"count":0,"href":"https:\/\/www.europesays.com\/es\/wp-json\/wp\/v2\/posts\/734249\/revisions"}],"wp:featuredmedia":[{"embeddable":true,"href":"https:\/\/www.europesays.com\/es\/wp-json\/wp\/v2\/media\/734250"}],"wp:attachment":[{"href":"https:\/\/www.europesays.com\/es\/wp-json\/wp\/v2\/media?parent=734249"}],"wp:term":[{"taxonomy":"category","embeddable":true,"href":"https:\/\/www.europesays.com\/es\/wp-json\/wp\/v2\/categories?post=734249"},{"taxonomy":"post_tag","embeddable":true,"href":"https:\/\/www.europesays.com\/es\/wp-json\/wp\/v2\/tags?post=734249"}],"curies":[{"name":"wp","href":"https:\/\/api.w.org\/{rel}","templated":true}]}}