{"id":734353,"date":"2026-08-27T19:10:12","date_gmt":"2026-08-27T19:10:12","guid":{"rendered":"https:\/\/www.europesays.com\/es\/734353\/"},"modified":"2026-08-27T19:10:12","modified_gmt":"2026-08-27T19:10:12","slug":"ultima-hora-de-la-entrada-de-inmigrantes-a-ceuta-en-directo-un-grupo-de-ceuties-quema-parte-del-campamento-de-los-migrantes-en-una-playa-de-ceuta-espana","status":"publish","type":"post","link":"https:\/\/www.europesays.com\/es\/734353\/","title":{"rendered":"\u00daltima hora de la entrada de inmigrantes a Ceuta, en directo | Un grupo de ceut\u00edes quema parte del campamento de los migrantes en una playa de Ceuta | Espa\u00f1a"},"content":{"rendered":"<p class=\"ev-title\">Gamarra mantiene que exist\u00eda informaci\u00f3n sobre la entrada masiva en Ceuta: \u201cEl Estado es fuerte, el problema es el Gobierno\u201d<\/p>\n<p>La diputada del PP Cuca Gamarra ha criticado que el ministro de Justicia, F\u00e9lix Bola\u00f1os, no haya hecho autocr\u00edtica: \u201cHa comenzado su intervenci\u00f3n sin\u00a0pedir perd\u00f3n a los ceut\u00edes\u201d. \u201cUsted, como otros ministros,\u00a0ha tenido el cuajo de hacer la maleta e irse a la playa\u201d, ha proseguido. \u201c\u00bfCu\u00e1ntos agentes hab\u00eda ese d\u00eda protegiendo la frontera espa\u00f1ola?\u201d, ha preguntado Gamarra. \u201cEl control de las fronteras no se subarrienda, se ejerce y ustedes no lo han hecho. La pregunta es por qu\u00e9. No podemos asumir que teniendo la informaci\u00f3n que ten\u00edan, del CNI, Guardia Civil, la del propio [Juan Jes\u00fas, presidente de Ceuta] Vivas, no se haya querido actuar. Lo que se quiso poner en evidencia es la debilidad del Gobierno espa\u00f1ol. El Estado es fuerte, el problema es el Gobierno, que no se pone al frente, que no da instrucciones, que no da directrices para que el Estado pueda actuar\u201d, ha clamado la popular, quien ha asegurado que exist\u00eda informaci\u00f3n de inteligencia sobre la entrada masiva de migrantes los d\u00edas 30 y 31 de julio.<\/p>\n<p>\u201cDevuelva la libertad a los ceut\u00edes, eso es lo primero que tiene que conseguir\u201d, le ha pedido Gamarra a Bola\u00f1os. \u201cPara ello, tiene que comprometerse a que la \u00fanica soluci\u00f3n es el retorno de los miles y miles de asaltantes que contin\u00faan en Ceuta. Tienen que volver a Marruecos, no puede haber premio a quien form\u00f3 parte de una avalancha para invadir nuestro pa\u00eds\u201d, ha agregado Gamarra, quien ha reclamado luz y taqu\u00edgrafos sobre las negociaciones con Marruecos para las repatriaciones.\u00a0<\/p>\n","protected":false},"excerpt":{"rendered":"Gamarra mantiene que exist\u00eda informaci\u00f3n sobre la entrada masiva en Ceuta: \u201cEl Estado es fuerte, el problema es&hellip;\n","protected":false},"author":2,"featured_media":734354,"comment_status":"","ping_status":"","sticky":false,"template":"","format":"standard","meta":{"footnotes":""},"categories":[8],"tags":[6069,28771,17,18,4486,25,24,13,14,2165,248,11,590,895,15398,125793,19,20,4485,892,18571,9,10,15,16,2959,956,1699,23,12,21,22],"class_list":["post-734353","post","type-post","status-publish","format-standard","has-post-thumbnail","category-espana","tag-alberto-nunez-feijoo","tag-angel-victor-torres","tag-breaking-news","tag-breakingnews","tag-ceuta","tag-es","tag-espana","tag-featured-news","tag-featurednews","tag-felix-bolanos-garcia","tag-gobierno-de-espana","tag-headlines","tag-inmigracion","tag-inmigracion-irregular","tag-inmigracion-irregular-espana","tag-juan-jesus-vivas","tag-latest-news","tag-latestnews","tag-marruecos","tag-migracion","tag-monica-garcia-gomez","tag-news","tag-noticias","tag-noticias-destacadas","tag-noticiasdestacadas","tag-pedro-sanchez","tag-pp","tag-psoe","tag-spain","tag-titulares","tag-ultimas-noticias","tag-ultimasnoticias"],"share_on_mastodon":{"url":"","error":"Validation failed: Text character limit of 500 exceeded"},"_links":{"self":[{"href":"https:\/\/www.europesays.com\/es\/wp-json\/wp\/v2\/posts\/734353","targetHints":{"allow":["GET"]}}],"collection":[{"href":"https:\/\/www.europesays.com\/es\/wp-json\/wp\/v2\/posts"}],"about":[{"href":"https:\/\/www.europesays.com\/es\/wp-json\/wp\/v2\/types\/post"}],"author":[{"embeddable":true,"href":"https:\/\/www.europesays.com\/es\/wp-json\/wp\/v2\/users\/2"}],"replies":[{"embeddable":true,"href":"https:\/\/www.europesays.com\/es\/wp-json\/wp\/v2\/comments?post=734353"}],"version-history":[{"count":0,"href":"https:\/\/www.europesays.com\/es\/wp-json\/wp\/v2\/posts\/734353\/revisions"}],"wp:featuredmedia":[{"embeddable":true,"href":"https:\/\/www.europesays.com\/es\/wp-json\/wp\/v2\/media\/734354"}],"wp:attachment":[{"href":"https:\/\/www.europesays.com\/es\/wp-json\/wp\/v2\/media?parent=734353"}],"wp:term":[{"taxonomy":"category","embeddable":true,"href":"https:\/\/www.europesays.com\/es\/wp-json\/wp\/v2\/categories?post=734353"},{"taxonomy":"post_tag","embeddable":true,"href":"https:\/\/www.europesays.com\/es\/wp-json\/wp\/v2\/tags?post=734353"}],"curies":[{"name":"wp","href":"https:\/\/api.w.org\/{rel}","templated":true}]}}