{"id":734361,"date":"2026-08-27T19:19:17","date_gmt":"2026-08-27T19:19:17","guid":{"rendered":"https:\/\/www.europesays.com\/es\/734361\/"},"modified":"2026-08-27T19:19:17","modified_gmt":"2026-08-27T19:19:17","slug":"antoni-daimiel-abandona-movistar-plus-despues-de-36-anos-las-circunstancias-han-propiciado-esta-separacion-television","status":"publish","type":"post","link":"https:\/\/www.europesays.com\/es\/734361\/","title":{"rendered":"Antoni Daimiel abandona Movistar Plus despu\u00e9s de 36 a\u00f1os: \u201cLas circunstancias han propiciado esta separaci\u00f3n\u201d | Televisi\u00f3n"},"content":{"rendered":"<p class=\"\">Cuando Movistar Plus perdi\u00f3 los derechos de la NBA frente a la plataforma DAZN, el periodista Antoni Daimiel, y pese a que pasara a narrar La Liga, se qued\u00f3 sin el buque insignia por el que se hab\u00eda hecho un emblema de los partidos de baloncesto. Un a\u00f1o despu\u00e9s, Daimiel, a sus 56, ha anunciado en su cuenta de la red social X que ha decidido abandonar la empresa en la que ha permanecido 36 a\u00f1os: \u201cLas circunstancias han propiciado esta separaci\u00f3n. No hay duelo que superar, no hay prisa por rehacer mi vida laboral\u201d, explica en su comunicado. <\/p>\n<blockquote class=\"twitter-tweet\">\n<p lang=\"es\" dir=\"ltr\">Quiero anunciar que he dejado de pertenecer a <a href=\"https:\/\/x.com\/MovistarPlus?ref_src=twsrc%5Etfw\" rel=\"nofollow\">@MovistarPlus<\/a> , una empresa a la que he estado vinculado durante 36 a\u00f1os, exactamente desde el 15 de septiembre de 1990. Ha sido la empresa de mi vida, le tengo y tendr\u00e9 siempre un aprecio de gratitud familiar. <a href=\"https:\/\/t.co\/cnYJ4HaYRh\" rel=\"nofollow\">pic.twitter.com\/cnYJ4HaYRh<\/a><\/p>\n<p>\u2014 \u00c1ntoni Daimiel (@ADaimiel) <a href=\"https:\/\/x.com\/ADaimiel\/status\/2092915057726255408?ref_src=twsrc%5Etfw\" rel=\"nofollow\">August 27, 2026<\/a><\/p><\/blockquote>\n<p class=\"\">Daimiel, que ha compartido en sus mensajes fotograf\u00edas de su carrera <a href=\"https:\/\/elpais.com\/elpais\/2009\/10\/16\/actualidad\/1255675735_850215.html\" target=\"_self\" rel=\"nofollow noopener\" title=\"https:\/\/elpais.com\/elpais\/2009\/10\/16\/actualidad\/1255675735_850215.html\">junto al fallecido Andr\u00e9s Montes<\/a>, Pau Gasol, Alfredo Rela\u00f1os o Ibai Llanos, ha recordado que llevaba en esta casa \u201cexactamente desde el 15 de septiembre de 1990\u2033, en los inicios de Canal+. Por ello, ha recordado que ha sido \u201cla empresa\u201d de su vida: \u201cLe tengo y tendr\u00e9 siempre un aprecio de gratitud familiar\u201d. Sus primeros pasos los dio como reportero de El d\u00eda despu\u00e9s, y ya en 1995, la cadena lo requiri\u00f3 para retransmitir la NBA, junto a Montes, que una d\u00e9cada despu\u00e9s se march\u00f3 a La Sexta.<\/p>\n<p class=\"\">La propia Movistar ha querido reconocer su labor en una respuesta a su mensaje: \u201cLa historia del deporte en Movistar Plus no se entiende sin Antoni Daimiel. Gracias por tu talento, tu dedicaci\u00f3n y tu forma \u00fanica de contar el juego. Mucha suerte en esta nueva etapa. Y recordando a tu inseparable Andr\u00e9s Montes: \u2018gracias por hacernos la vida m\u00e1s maravillosa\u201d, ha dicho la cadena mostrando lo amistosa que ha sido esta ruptura. \u201cAunque nunca me dieron llaves, ha sido para m\u00ed un hogar m\u00e1s que una casa, una morada en la que he convivido con much\u00edsima gente\u201d, bromeaba Daimiel en su mensaje de agradecimiento \u201cinterminable\u201d en el que ha anunciado que ahora ser\u00e1 \u201cun agente libre restringido\u201d, utilizando t\u00e9rminos baloncest\u00edsticos.<\/p>\n<blockquote class=\"twitter-tweet\">\n<p lang=\"es\" dir=\"ltr\">La historia del deporte en Movistar Plus no se entiende sin Antoni Daimiel. Gracias por tu talento, tu dedicaci\u00f3n y tu forma \u00fanica de contar el juego. Mucha suerte en esta nueva etapa. Y recordando a tu inseparable Andr\u00e9s Montes: \u00abgracias por hacernos la vida m\u00e1s maravillosa\u00bb \ud83d\udc99<\/p>\n<p>\u2014 Movistar Plus (@MovistarPlus) <a href=\"https:\/\/x.com\/MovistarPlus\/status\/2092917355730948145?ref_src=twsrc%5Etfw\" rel=\"nofollow\">August 27, 2026<\/a><\/p><\/blockquote>\n<p class=\"\">Damiel ha aprovechado en sus conclusiones, adem\u00e1s, para ampliar un discurso que lleva dando en los \u00faltimos meses: que no se va a ir a ning\u00fan sitio donde no le paguen bien, dado que, seg\u00fan \u00e9l mismo cont\u00f3, le han llegado a ofrecer hasta 100 euros por partido: \u201cQuiz\u00e1s me muestre caprichoso y caro en mis nuevas aventuras. Si alguien lo aprecia as\u00ed, que no se lo tome a mal, no me corrija y me deje a mi aire. Nos vemos por ah\u00ed\u201d. Aunque ha prometido que esto no es una jubilaci\u00f3n: \u201cAlgo har\u00e9\u201d.<\/p>\n<blockquote class=\"twitter-tweet\">\n<p lang=\"es\" dir=\"ltr\">\ud83d\udcfa\ud83c\udfc0 Antoni Daimiel sobre su no-marcha de Movistar Plus. \ud83d\udc40<\/p>\n<p>\u201cMe han llegado propuestas de 100\u20ac brutos (por partido) cuando yo llevo 15\/20 a\u00f1os con un muy buen sueldo\u201d.<\/p>\n<p>\u201cPor fortuna no tengo la necesidad de tener que aceptar. Creo que hago bien no aceptando eso\u201d. <a href=\"https:\/\/t.co\/l8rUHADWi4\" rel=\"nofollow\">pic.twitter.com\/l8rUHADWi4<\/a><\/p>\n<p>\u2014 Daniel Ashton (@MedF1osTV) <a href=\"https:\/\/x.com\/MedF1osTV\/status\/1984661487093154037?ref_src=twsrc%5Etfw\" rel=\"nofollow\">November 1, 2025<\/a><\/p><\/blockquote>\n<p><script async src=\"https:\/\/platform.twitter.com\/widgets.js\" charset=\"utf-8\"><\/script><\/p>\n","protected":false},"excerpt":{"rendered":"Cuando Movistar Plus perdi\u00f3 los derechos de la NBA frente a la plataforma DAZN, el periodista Antoni Daimiel,&hellip;\n","protected":false},"author":2,"featured_media":734362,"comment_status":"","ping_status":"","sticky":false,"template":"","format":"standard","meta":{"footnotes":""},"categories":[269],"tags":[130428,39344,299,298,4632,168,25,24,303,1725,4041,10758,23,167,807],"class_list":["post-734361","post","type-post","status-publish","format-standard","has-post-thumbnail","category-baloncesto","tag-andres-montes","tag-antoni-daimiel","tag-baloncesto","tag-basketball","tag-canal","tag-deportes","tag-es","tag-espana","tag-movistar","tag-nba","tag-periodistas","tag-presentadores-television","tag-spain","tag-sports","tag-television"],"share_on_mastodon":{"url":"https:\/\/pubeurope.com\/@es\/117169092545080932","error":""},"_links":{"self":[{"href":"https:\/\/www.europesays.com\/es\/wp-json\/wp\/v2\/posts\/734361","targetHints":{"allow":["GET"]}}],"collection":[{"href":"https:\/\/www.europesays.com\/es\/wp-json\/wp\/v2\/posts"}],"about":[{"href":"https:\/\/www.europesays.com\/es\/wp-json\/wp\/v2\/types\/post"}],"author":[{"embeddable":true,"href":"https:\/\/www.europesays.com\/es\/wp-json\/wp\/v2\/users\/2"}],"replies":[{"embeddable":true,"href":"https:\/\/www.europesays.com\/es\/wp-json\/wp\/v2\/comments?post=734361"}],"version-history":[{"count":0,"href":"https:\/\/www.europesays.com\/es\/wp-json\/wp\/v2\/posts\/734361\/revisions"}],"wp:featuredmedia":[{"embeddable":true,"href":"https:\/\/www.europesays.com\/es\/wp-json\/wp\/v2\/media\/734362"}],"wp:attachment":[{"href":"https:\/\/www.europesays.com\/es\/wp-json\/wp\/v2\/media?parent=734361"}],"wp:term":[{"taxonomy":"category","embeddable":true,"href":"https:\/\/www.europesays.com\/es\/wp-json\/wp\/v2\/categories?post=734361"},{"taxonomy":"post_tag","embeddable":true,"href":"https:\/\/www.europesays.com\/es\/wp-json\/wp\/v2\/tags?post=734361"}],"curies":[{"name":"wp","href":"https:\/\/api.w.org\/{rel}","templated":true}]}}