{"id":734447,"date":"2026-08-27T20:19:15","date_gmt":"2026-08-27T20:19:15","guid":{"rendered":"https:\/\/www.europesays.com\/es\/734447\/"},"modified":"2026-08-27T20:19:15","modified_gmt":"2026-08-27T20:19:15","slug":"vox-tambien-carga-contra-vivas-se-esta-aprovechando-politicamente-de-la-indignacion-de-los-ceuties","status":"publish","type":"post","link":"https:\/\/www.europesays.com\/es\/734447\/","title":{"rendered":"Vox tambi\u00e9n carga contra Vivas: \u201cSe est\u00e1 aprovechando pol\u00edticamente de la indignaci\u00f3n de los ceut\u00edes\u201d"},"content":{"rendered":"<p>Vox Ceuta ha arremetido este jueves contra el presidente de la Ciudad, <strong>Juan Vivas<\/strong>, al que acusa de \u201c<strong>aprovechar pol\u00edticamente la indignaci\u00f3n ciudadana<\/strong>\u201d generada<a title=\" tras la entrada masiva del 30 de julio \" href=\"https:\/\/www.larazon.es\/espana\/vivas-planta-gobierno-van-tener-que-sacar-polideportivos_202608266a8f1baaae2f3735da1588fe.html\" target=\"_blank\" rel=\"nofollow noopener\"> tras la entrada masiva del 30 de julio <\/a>y los graves incidentes registrados en las \u00faltimas horas.<\/p>\n<p>La formaci\u00f3n que lidera <strong style=\"white-space: pre-wrap;\">Juan Sergio Redondo<\/strong> sostiene que la situaci\u00f3n confirma las advertencias que llevan realizando desde el inicio de la crisis: Ceuta \u201c<strong style=\"white-space: pre-wrap;\">era un polvor\u00edn<\/strong>\u201d y las administraciones \u201c<strong style=\"white-space: pre-wrap;\">no actuaron a tiempo<\/strong>\u201d. <\/p>\n<p>Seg\u00fan Vox, la intervenci\u00f3n policial para evitar un enfrentamiento directo entre grupos de personas demuestra \u201c<strong>hasta qu\u00e9 punto se ha deteriorado la seguridad<\/strong>\u201d mientras el Gobierno de Pedro S\u00e1nchez y el Ejecutivo de Juan Vivas \u201c<strong>siguen sin ofrecer una respuesta capaz de recuperar la normalidad<\/strong>\u201d.<\/p>\n<p>\u201cS\u00e1nchez ha abandonado Ceuta y Vivas ha abandonado sus barrios\u201d<\/p>\n<p>La formaci\u00f3n denuncia que la Ciudad Aut\u00f3noma \u201c<strong>sigue sin desplegar todos los recursos a su alcance<\/strong>\u201d para mitigar la inseguridad en las calles.<\/p>\n<p>Redondo afirma que lo ocurrido no puede analizarse como un episodio aislado, sino como la consecuencia de \u201c<strong style=\"white-space: pre-wrap;\">semanas de abandono, inacci\u00f3n y ausencia de soluciones<\/strong>\u201d. <\/p>\n<p><img decoding=\"async\" loading=\"lazy\" src=\"https:\/\/www.europesays.com\/es\/wp-content\/uploads\/2026\/08\/1787861955_272_58.jpg\" alt=\"Situaci\u00f3n de los migrantes acampados en la playa de El Trampol\u00edn de Ceuta\" width=\"1620\" height=\"1080\"\/><b>Situaci\u00f3n de los migrantes acampados en la playa de El Trampol\u00edn de Ceuta<\/b> Reduan Agencia EFE<\/p>\n<p>\u201c<strong>El Gobierno de S\u00e1nchez ha abandonado Ceuta y el Gobierno de Vivas ha abandonado sus barrios, sus calles y sus plazas<\/strong>\u201d, se\u00f1ala el dirigente, que acusa a ambos ejecutivos de haber permitido que la desesperaci\u00f3n creciera hasta niveles \u201c<strong>extremadamente peligrosos<\/strong>\u201d.<\/p>\n<p>Vox sostiene que la poblaci\u00f3n ceut\u00ed est\u00e1 siendo sometida a una tensi\u00f3n creciente mientras \u201c<strong style=\"white-space: pre-wrap;\">quienes tienen responsabilidades ejecutivas intentan aprovecharse pol\u00edticamente del descontento ciudadano<\/strong>\u201d.<\/p>\n<p>Redondo apunta directamente a Vivas: \u201c<strong style=\"white-space: pre-wrap;\">Los mismos poderes que han abandonado a los ceut\u00edes pretenden ahora utilizar su leg\u00edtima indignaci\u00f3n<\/strong>\u201d. <\/p>\n<p>\u201cS\u00e1nchez es culpable y Vivas es responsable\u201d: Vox exige actuaci\u00f3n inmediata<\/p>\n<p>La formaci\u00f3n critica que primero se permitiera que el problema se enquistara, despu\u00e9s se dejara crecer la desesperaci\u00f3n y finalmente se intentara \u201c<strong>administrar pol\u00edticamente el enfado<\/strong>\u201d de quienes llevan semanas soportando las consecuencias.<\/p>\n<p>Para Vox, una poblaci\u00f3n llevada al l\u00edmite \u201c<strong>no puede mantenerse indefinidamente en esa situaci\u00f3n<\/strong>\u201d mientras sus gobernantes esperan que el problema desaparezca por s\u00ed solo.<\/p>\n<p>Redondo reclama una actuaci\u00f3n inmediata y coordinada para <strong>recuperar el control de los espacios p\u00fablicos<\/strong>, acabar con los <strong>asentamientos irregulares<\/strong>,<a title=\" reforzar la presencia policia\" href=\"https:\/\/www.larazon.es\/espana\/militares-piden-gobierno-poder-utilizar-fuerza-proporcionada-defenderse-agresiones-ceuta_202608276a900b7c2bcaf82098f02391.html\" target=\"_blank\" rel=\"nofollow noopener\"> reforzar la presencia policia<\/a><strong>l<\/strong> y proceder a la <strong>identificaci\u00f3n, concentraci\u00f3n en el Tarajal y retorno o expulsi\u00f3n<\/strong> de quienes asaltaron la frontera el 30 de julio.<\/p>\n<p>\u201c<strong>Nuestros polic\u00edas est\u00e1n conteniendo sobre el terreno las consecuencias de decisiones que los responsables pol\u00edticos se han negado a tomar desde sus despachos<\/strong>\u201d, denuncia.<\/p>\n","protected":false},"excerpt":{"rendered":"Vox Ceuta ha arremetido este jueves contra el presidente de la Ciudad, Juan Vivas, al que acusa de&hellip;\n","protected":false},"author":2,"featured_media":734448,"comment_status":"","ping_status":"","sticky":false,"template":"","format":"standard","meta":{"footnotes":""},"categories":[8],"tags":[17,18,4486,25,24,13,14,11,40209,126003,19,20,9,10,15,16,23,12,21,22,624],"class_list":["post-734447","post","type-post","status-publish","format-standard","has-post-thumbnail","category-espana","tag-breaking-news","tag-breakingnews","tag-ceuta","tag-es","tag-espana","tag-featured-news","tag-featurednews","tag-headlines","tag-inmigracion-ilegal","tag-juan-vivas","tag-latest-news","tag-latestnews","tag-news","tag-noticias","tag-noticias-destacadas","tag-noticiasdestacadas","tag-spain","tag-titulares","tag-ultimas-noticias","tag-ultimasnoticias","tag-vox"],"share_on_mastodon":{"url":"https:\/\/pubeurope.com\/@es\/117169329636753292","error":""},"_links":{"self":[{"href":"https:\/\/www.europesays.com\/es\/wp-json\/wp\/v2\/posts\/734447","targetHints":{"allow":["GET"]}}],"collection":[{"href":"https:\/\/www.europesays.com\/es\/wp-json\/wp\/v2\/posts"}],"about":[{"href":"https:\/\/www.europesays.com\/es\/wp-json\/wp\/v2\/types\/post"}],"author":[{"embeddable":true,"href":"https:\/\/www.europesays.com\/es\/wp-json\/wp\/v2\/users\/2"}],"replies":[{"embeddable":true,"href":"https:\/\/www.europesays.com\/es\/wp-json\/wp\/v2\/comments?post=734447"}],"version-history":[{"count":0,"href":"https:\/\/www.europesays.com\/es\/wp-json\/wp\/v2\/posts\/734447\/revisions"}],"wp:featuredmedia":[{"embeddable":true,"href":"https:\/\/www.europesays.com\/es\/wp-json\/wp\/v2\/media\/734448"}],"wp:attachment":[{"href":"https:\/\/www.europesays.com\/es\/wp-json\/wp\/v2\/media?parent=734447"}],"wp:term":[{"taxonomy":"category","embeddable":true,"href":"https:\/\/www.europesays.com\/es\/wp-json\/wp\/v2\/categories?post=734447"},{"taxonomy":"post_tag","embeddable":true,"href":"https:\/\/www.europesays.com\/es\/wp-json\/wp\/v2\/tags?post=734447"}],"curies":[{"name":"wp","href":"https:\/\/api.w.org\/{rel}","templated":true}]}}