{"id":734457,"date":"2026-08-27T20:30:18","date_gmt":"2026-08-27T20:30:18","guid":{"rendered":"https:\/\/www.europesays.com\/es\/734457\/"},"modified":"2026-08-27T20:30:18","modified_gmt":"2026-08-27T20:30:18","slug":"las-fotos-de-cristina-pedroche-y-dabiz-munoz-en-sus-vacaciones-familiares-en-ibiza-con-sus-hijos-de-1-y-3-anos-mas-entranables","status":"publish","type":"post","link":"https:\/\/www.europesays.com\/es\/734457\/","title":{"rendered":"Las fotos de Cristina Pedroche y Dabiz Mu\u00f1oz en sus vacaciones familiares en Ibiza con sus hijos de 1 y 3 a\u00f1os m\u00e1s entra\u00f1ables"},"content":{"rendered":"<p id=\"eB7MYZ3rWfA\" data-wc=\"114\">Apurando los \u00faltimos d\u00edas que les faltan para volver a la rutina y disfrutando de sus primeras veces como padres de dos hijos, as\u00ed est\u00e1n pasando las \u00faltimas semanas de agosto Cristina Pedroche y Dabiz Mu\u00f1oz, entre viajes y nuevas experiencias. <strong>El matrimonio y sus dos hijos<\/strong> \u2014Laia, que cumpli\u00f3 tres a\u00f1os el mes pasado, e Isai, de uno\u2014 <strong>aterrizaron la semana pasada en Ibiza<\/strong>, la isla que podr\u00edamos decir que se ha convertido este verano en su segunda casa. Y es que, a finales de junio, <a class=\"hm-link ho-link\" href=\"https:\/\/www.hola.com\/cocina\/noticias\/20260506899744\/dabiz-munoz-apertura-del-ano-streetxo-ibiza\/\" data-mrf-recirculation=\"article-body-link\" rel=\"nofollow noopener\" target=\"_blank\">el chef y la presentadora inauguraron all\u00ed un nuevo restaurante StreetXO, en playa d\u2019en Bossa<\/a>, un templo gastron\u00f3mico donde disfrutar de las genialidades de su particular cocina.<\/p>\n<p>  <img src=\"https:\/\/www.europesays.com\/es\/wp-content\/uploads\/2026\/08\/a383094e26f0-u616217095.jpg\"   width=\"1080\" height=\"1080\" loading=\"lazy\" decoding=\"async\" alt=\"Cristina Pedroche en el agua con su hijo\" fetchpriority=\"auto\" class=\"image ho-image\"\/>\u00a9 GTRESLa presentadora sale del agua con su hijo<\/p>\n<p>  <img src=\"https:\/\/www.europesays.com\/es\/wp-content\/uploads\/2026\/08\/76f924177066-u616217040.jpg\"   width=\"1080\" height=\"1080\" loading=\"lazy\" decoding=\"async\" alt=\"Crsitina Pedroche posando para su marido\" fetchpriority=\"auto\" class=\"image ho-image\"\/>\u00a9 GTRESPosa para su marido<\/p>\n<p id=\"eq4frsnC_D8\" data-wc=\"71\">Adem\u00e1s de estar en su \u00abnueva casa\u00bb gestionando el negocio, <strong>el matrimonio ha tenido tiempo para disfrutar de la playa<\/strong>, donde los hemos visto como nunca antes con sus hijos. Cristina y Dabiz pasaron un d\u00eda en familia ba\u00f1\u00e1ndose con los ni\u00f1os y jugando en la arena. <a class=\"hm-link ho-link\" href=\"https:\/\/www.hola.com\/estar-bien\/20260820919164\/cristina-pedroche-reivindica-siesta-experto-sueno-recomienda-truco-cafe-aprovecharla-hay-que-tomarlo-antes\/\" data-mrf-recirculation=\"article-body-link\" rel=\"nofollow noopener\" target=\"_blank\">Inmortalizaron varios momentos con su tel\u00e9fono y Cristina pos\u00f3 luciendo un musculado<\/a> y envidiable tipazo para el objetivo de Dabiz con un bikini fucsia.<\/p>\n<p>  <img src=\"https:\/\/www.europesays.com\/es\/wp-content\/uploads\/2026\/08\/2f2fd095a21d-u616217034cut.jpg\"   width=\"1080\" height=\"1800\" loading=\"lazy\" decoding=\"async\" alt=\"Cristina Pedroche en plena jornada de playa en familia\" fetchpriority=\"auto\" class=\"image ho-image\"\/>\u00a9 GTRESCristina Pedroche, espectacular, en la orilla de la playa con un bikini fucsia<\/p>\n<blockquote class=\"ho-bl-1081603 -no-figcaption\" cite=\"\">\n<p id=\"em_lMMJ92rSP\">La presentadora, que practica yoga, pilates y ejercicios de fuerza, pos\u00f3 luciendo su musculado tipazo para la c\u00e1mara de su marido<\/p>\n<\/blockquote>\n<p id=\"eEjHKE9I_H1\" data-wc=\"134\">La presentadora de Zapeando y de las campanadas de Atresmedia siempre ha sido una<strong>\u00a0fiel defensora de la belleza real<\/strong> y le gusta mostrarse en sus redes tal y como es, sin filtros. Es una abanderada del deporte (practica yoga, pilates y hace ejercicios de fuerza y running), <a class=\"hm-link ho-link\" href=\"https:\/\/www.hola.com\/estar-bien\/20260624909144\/cristina-pedroche-pilates-reformer-nunca-pense-que-fuera-tan-duro-beneficios-expertos\/\" data-mrf-recirculation=\"article-body-link\" rel=\"nofollow noopener\" target=\"_blank\">lleva una vida sana y, a trav\u00e9s de sus redes, muestra c\u00f3mo son sus entrenamientos<\/a>, sus h\u00e1bitos saludables y c\u00f3mo se ha ido transformando su cuerpo tanto en sus embarazos como en los pospartos. Una filosof\u00eda que tambi\u00e9n aplica a su d\u00eda a d\u00eda, apostando por el equilibrio y por sentirse bien consigo misma m\u00e1s all\u00e1 de los c\u00e1nones est\u00e9ticos. Pedroche ha hablado en numerosas ocasiones de <strong>la importancia de escuchar al cuerpo, cuidarse y disfrutar del proceso<\/strong>, especialmente<strong>\u00a0durante etapas tan intensas como la maternidad<\/strong>.\u00a0<\/p>\n<p>  <img src=\"https:\/\/www.europesays.com\/es\/wp-content\/uploads\/2026\/08\/dc276cffd864-u616217088.jpg\"   width=\"1080\" height=\"1080\" loading=\"lazy\" decoding=\"async\" alt=\"Dabiz Mu\u00f1oz con su hija, Laia, en brazos, en un d\u00eda en familia\" fetchpriority=\"auto\" class=\"image ho-image\"\/>\u00a9 GTRESDabiz Mu\u00f1oz con su hija, Laia, en brazos<\/p>\n<p>Su periplo por el norte\u00a0<\/p>\n<p id=\"e5of71CUNol\" data-wc=\"81\"><strong>Antes de aterrizar en la isla pitiusa<\/strong>, la presentadora y el chef estuvieron recorriendo parte del norte de nuestro pa\u00eds. <a class=\"hm-link ho-link\" href=\"https:\/\/www.hola.com\/cocina\/noticias\/20260814917215\/ruta-gastro-de-dabiz-munoz-y-cristina-pedroche-por-cantabria\/\" data-mrf-recirculation=\"article-body-link\" rel=\"nofollow noopener\" target=\"_blank\">Su viaje comenz\u00f3 en Cantabria, donde una de sus visitas fue al Parque de la Naturaleza de Cab\u00e1rceno<\/a>, donde tanto sus hijos como ellos se lo pasaron como ni\u00f1os observando las m\u00e1s de 120 especies animales que hay. All\u00ed pudieron contemplar algunos de los grandes protagonistas del parque: osos, jirafas, primates y muchas otras especies que viven en r\u00e9gimen de semilibertad.<\/p>\n<blockquote class=\"ho-bl-1081603 -no-figcaption\" cite=\"\">\n<p id=\"ehxcUUf_BUHg\">Despu\u00e9s de pasar unos d\u00edas de vacaciones por el norte de Espa\u00f1a, el matrimonio aterriz\u00f3 en Ibiza con sus dos hijos: Laia, de tres a\u00f1os, e Isai, de uno<\/p>\n<\/blockquote>\n<p id=\"edC_b6trVXR\" data-wc=\"123\"><strong>Despu\u00e9s pararon en Asturias<\/strong>, un destino que les encanta, y de all\u00ed fueron a Galicia, una tierra que parece haber conquistado a Cristina. <strong data-end=\"35\" data-is-only-node=\"\" data-start=\"0\">\u00abGalicia me enamora muy fuerte\u00bb<\/strong>, confesaba en sus redes sociales, dejando claro que su conexi\u00f3n con esta tierra va mucho m\u00e1s all\u00e1 de una simple escapada de verano. La presentadora acompa\u00f1aba sus palabras con un precioso carrusel de fotograf\u00edas que resum\u00eda algunos de los momentos m\u00e1s especiales de su estancia en esta <strong data-end=\"344\" data-start=\"322\">comunidad aut\u00f3noma<\/strong> del norte de Espa\u00f1a. Como no pod\u00eda ser de otra manera, siendo Dabiz uno de los mejores chefs del mundo, en todos los lugares <strong>saborearon platos t\u00edpicos de su gastronom\u00eda<\/strong>, porque una de las cosas que m\u00e1s les gusta hacer en pareja es probar sabores aut\u00e9nticos.<\/p>\n<p>  <img src=\"https:\/\/www.europesays.com\/es\/wp-content\/uploads\/2026\/08\/68a6607e40b3-cristipedroche178722092539678188564402583113526350.jpg\"   width=\"1080\" height=\"1080\" loading=\"lazy\" decoding=\"async\" alt=\"'Selfie' de Pedroche junto a su marido\" fetchpriority=\"auto\" class=\"image ho-image\"\/>\u00a9 @cristipedrocheIm\u00e1genes compartidas por la pareja de sus vacaciones en Ibiza, Cantabria y Galicia<\/p>\n<p>  <img src=\"https:\/\/www.europesays.com\/es\/wp-content\/uploads\/2026\/08\/a246fe998bbb-cristipedroche178644178839612829596241846993526350.jpg\"   width=\"1080\" height=\"1080\" loading=\"lazy\" decoding=\"async\" alt=\"Un retrato de Cristina Pedroche en la playa\" fetchpriority=\"auto\" class=\"image ho-image\"\/>\u00a9 @cristipedroche<\/p>\n<p>  <img src=\"https:\/\/www.europesays.com\/es\/wp-content\/uploads\/2026\/08\/01d7d5bacf88-cristipedroche178715190339672391739483545403526350.jpg\"   width=\"1080\" height=\"1080\" loading=\"lazy\" decoding=\"async\" alt=\"Un 'selfie' de Cristina Pedroche \" fetchpriority=\"auto\" class=\"image ho-image\"\/>\u00a9 @cristipedroche<\/p>\n<p> Te puede interesarSeguir leyendo<\/p>\n","protected":false},"excerpt":{"rendered":"Apurando los \u00faltimos d\u00edas que les faltan para volver a la rutina y disfrutando de sus primeras veces&hellip;\n","protected":false},"author":2,"featured_media":734458,"comment_status":"","ping_status":"","sticky":false,"template":"","format":"standard","meta":{"footnotes":""},"categories":[174],"tags":[3900,517,255,18875,146,147,25,24,256,23],"class_list":["post-734457","post","type-post","status-publish","format-standard","has-post-thumbnail","category-famosos","tag-hola","tag-actualidad","tag-celebrities","tag-cristina-pedroche","tag-entertainment","tag-entretenimiento","tag-es","tag-espana","tag-famosos","tag-spain"],"share_on_mastodon":{"url":"https:\/\/pubeurope.com\/@es\/117169373070387363","error":""},"_links":{"self":[{"href":"https:\/\/www.europesays.com\/es\/wp-json\/wp\/v2\/posts\/734457","targetHints":{"allow":["GET"]}}],"collection":[{"href":"https:\/\/www.europesays.com\/es\/wp-json\/wp\/v2\/posts"}],"about":[{"href":"https:\/\/www.europesays.com\/es\/wp-json\/wp\/v2\/types\/post"}],"author":[{"embeddable":true,"href":"https:\/\/www.europesays.com\/es\/wp-json\/wp\/v2\/users\/2"}],"replies":[{"embeddable":true,"href":"https:\/\/www.europesays.com\/es\/wp-json\/wp\/v2\/comments?post=734457"}],"version-history":[{"count":0,"href":"https:\/\/www.europesays.com\/es\/wp-json\/wp\/v2\/posts\/734457\/revisions"}],"wp:featuredmedia":[{"embeddable":true,"href":"https:\/\/www.europesays.com\/es\/wp-json\/wp\/v2\/media\/734458"}],"wp:attachment":[{"href":"https:\/\/www.europesays.com\/es\/wp-json\/wp\/v2\/media?parent=734457"}],"wp:term":[{"taxonomy":"category","embeddable":true,"href":"https:\/\/www.europesays.com\/es\/wp-json\/wp\/v2\/categories?post=734457"},{"taxonomy":"post_tag","embeddable":true,"href":"https:\/\/www.europesays.com\/es\/wp-json\/wp\/v2\/tags?post=734457"}],"curies":[{"name":"wp","href":"https:\/\/api.w.org\/{rel}","templated":true}]}}