{"id":734599,"date":"2026-08-27T22:24:21","date_gmt":"2026-08-27T22:24:21","guid":{"rendered":"https:\/\/www.europesays.com\/es\/734599\/"},"modified":"2026-08-27T22:24:21","modified_gmt":"2026-08-27T22:24:21","slug":"mas-que-un-numero-los-dorsales-del-unicaja","status":"publish","type":"post","link":"https:\/\/www.europesays.com\/es\/734599\/","title":{"rendered":"M\u00e1s que un n\u00famero, los dorsales del Unicaja"},"content":{"rendered":"<p class=\"ContentTypeText-module-scss-module__t80MYq__content__paragraph\">La plantilla del Unicaja ya tiene todos sus dorsales asignados para una nueva temporada. \u00cddolos, casualidades y algunos secretos que te permitir\u00e1n conocer un poco m\u00e1s de cerca a cada jugador&#8230; \u00a1Te contamos qu\u00e9 hay detr\u00e1s de cada elecci\u00f3n!<\/p>\n<p class=\"ContentTypeText-module-scss-module__t80MYq__content__paragraph\"><strong>#0 Tyson P\u00e9rez<\/strong>: Pese a que esta ser\u00e1 su tercera temporada en las filas del Unicaja, Tyson P\u00e9rez nunca hab\u00eda desvelado el porqu\u00e9 de su dorsal y la raz\u00f3n es m\u00e1s sencilla de lo que aparenta: \u201cCuando llegu\u00e9, el #1 estaba cogido as\u00ed que me decant\u00e9 por el #0 y me ha gustado\u201d.<\/p>\n<p class=\"ContentTypeText-module-scss-module__t80MYq__content__paragraph\"><strong>#3 Yannick Nzosa<\/strong>: El joven talento ha decidido cambiar del #33 al #3 en su vuelta a M\u00e1laga tirando de refranero espa\u00f1ol: \u201cHe escogido el #3 por el dicho aquel de \u2018a la tercera va la vencida\u2019\u201d.<\/p>\n<p class=\"ContentTypeText-module-scss-module__t80MYq__content__paragraph\"><strong>#4 Tyler Kalinoski<\/strong>: El escolta se remonta a su ni\u00f1ez para rescartar el recuerdo que justifica su dorsal. \u00abA un amigo y a m\u00ed nos invitaron a formar parte de un equipo de baloncesto de una categor\u00eda mayor en el instituto. Pero ya ten\u00edan las camisetas hechas y solo quedaban dos n\u00fameros disponibles: el #4 y el #55. As\u00ed que nos lo jugamos a piedra, papel y tijeras&#8230; y gan\u00e9 yo\u00bb, rememora entre risas.<\/p>\n<p class=\"ContentTypeText-module-scss-module__t80MYq__content__paragraph\"><strong>#7 Jonathan Barreiro<\/strong>: En su sexta temporada en M\u00e1laga, el alero gallego repite con un dorsal que le gusta: \u00abCuando me incorpor\u00e9 a la cantera del Real Madrid quer\u00eda el #14, pero en Zaragoza estaba ocupado as\u00ed que cog\u00ed el #7, que me gusta y me ha dado suerte hasta ahora. Por eso lo llevo\u00bb.<\/p>\n<p class=\"ContentTypeText-module-scss-module__t80MYq__content__paragraph\"><strong>#8 Ignas Brazdeikis<\/strong>: En el caso del alero lituano-canadiense, parece que en vez de haber elegido \u00e9l, fue el n\u00famero el que le eligi\u00f3: \u201cPrimero lo cog\u00ed porque Kobe Bryant lo usaba cuando yo empec\u00e9 a jugar. Tambi\u00e9n porque mi hermano naci\u00f3 el 8 de diciembre, yo nac\u00ed el 8 de enero y me cas\u00e9 un d\u00eda 8\u201d.<\/p>\n<p class=\"ContentTypeText-module-scss-module__t80MYq__content__paragraph\"><strong>#9 Alberto D\u00edaz<\/strong>: Nuestro capit\u00e1n sigue optando por el secretismo y no desvela su elecci\u00f3n de dorsal.<\/p>\n<p class=\"ContentTypeText-module-scss-module__t80MYq__content__paragraph\"><strong>#13 Simonas Luko\u0161ius<\/strong>: En otros equipos hemos visto a &#8216;Simas&#8217; con el #41, pero en el Unicaja llevar\u00e1 el #13 por un motivo familiar: \u201cMi padre naci\u00f3 un d\u00eda 13, yo tambi\u00e9n nac\u00ed el 13 de agosto y de peque\u00f1o era el n\u00famero que usaba. As\u00ed que fue f\u00e1cil\u201d.<\/p>\n<p class=\"ContentTypeText-module-scss-module__t80MYq__content__paragraph\"><strong>#14 Nihad Djedovic<\/strong>: &#8216;Djedo&#8217; asegura que no hay ning\u00fan motivo especial detr\u00e1s de su elecci\u00f3n, m\u00e1s all\u00e1 de que \u00absiempre he jugado con el n\u00famero 14\u00bb, dorsal que le gusta.<\/p>\n<p class=\"ContentTypeText-module-scss-module__t80MYq__content__paragraph\"><strong>#17 Amine Noua<\/strong>: El ala-p\u00edvot franc\u00e9s, al igual que muchos compa\u00f1eros, tambi\u00e9n se basa en motivos familiares. En este caso es por su hija \u201cque naci\u00f3 el 17 del mes, adem\u00e1s mi mujer naci\u00f3 el d\u00eda 1 y yo el 7 de febrero. Es el n\u00famero perfecto para m\u00ed\u201d.<\/p>\n<p class=\"ContentTypeText-module-scss-module__t80MYq__content__paragraph\"><strong>#19 Melwin Pantzar<\/strong>: El caso de Pantzar refleja esos casos en los que por azar del destino te llega un n\u00famero y le coges tanto cari\u00f1o que no lo quieres soltar: \u201cFue el que me dieron cuando llegu\u00e9 a Espa\u00f1a y voy a intentar seguir con el #19 toda la vida\u201d.<\/p>\n<p class=\"ContentTypeText-module-scss-module__t80MYq__content__paragraph\"><strong>#24 Cameron Hunt<\/strong>: Los \u00eddolos de nuestra infancia nos marcan a la hora de jugar, vestir e incluso hablar. Y a Hunt, su \u00eddolo hizo que le encantase un n\u00famero: \u201cUso el #24 por Kobe Bryant, es mi jugador favorito desde que era peque\u00f1o y siempre me ha acompa\u00f1ado\u201d.<\/p>\n<p class=\"ContentTypeText-module-scss-module__t80MYq__content__paragraph\"><strong>#41 Willy Hernang\u00f3mez<\/strong>: El interior est\u00e1 acostumbrado a utilizar el 41, ya lo hizo en la NBA y en el Real Madrid y asegura que \u201ces un n\u00famero muy especial, el 41 es un n\u00famero muy representativo en mi vida, en mi familia, nos lo hemos puesto muchas veces, y sobre todo lo llevan mi hermano y mi hermana. Llevar este a\u00f1o los tres el mismo n\u00famero y apellido es un orgullo para nuestra familia. Seguro que colgaremos las camisetas las tres juntas\u201d.<\/p>\n<p class=\"ContentTypeText-module-scss-module__t80MYq__content__paragraph\"><strong>#45 David Kravish<\/strong>: El p\u00edvot se mantiene con su dorsal, que hace referencia a un \u00eddolo suyo y a sus or\u00edgenes: \u00abLo he elegido por Michael Jordan. Soy de Chicago y, cuando \u00e9l volvi\u00f3 a jugar al baloncesto tras retirarse, us\u00f3 el #45\u00bb.<\/p>\n<p class=\"ContentTypeText-module-scss-module__t80MYq__content__paragraph\"><strong>#55 Kendrick Perry<\/strong>: El base internacional por Montenegro tambi\u00e9n tiene una historia de admiraci\u00f3n detr\u00e1s de su dorsal: \u00abMi n\u00famero favorito es el #3, pero cuando llegu\u00e9 al Nizhni Novgorod estaba ocupado y uno de mis jugadores favoritos es Jason \u2018Chocolate blanco\u2019 Williams. As\u00ed que el #55 es mi manera de rendirle homenaje\u00bb.<\/p>\n<p class=\"ContentTypeText-module-scss-module__t80MYq__content__paragraph\">14 dorsales y 14 historias conforman este Unicaja que ya est\u00e1 preparado para el arranque del nuevo curso 2026-27.<\/p>\n","protected":false},"excerpt":{"rendered":"La plantilla del Unicaja ya tiene todos sus dorsales asignados para una nueva temporada. \u00cddolos, casualidades y algunos&hellip;\n","protected":false},"author":2,"featured_media":734600,"comment_status":"","ping_status":"","sticky":false,"template":"","format":"standard","meta":{"footnotes":""},"categories":[269],"tags":[58880,299,298,168,11109,25,24,665,23,167,2246],"class_list":["post-734599","post","type-post","status-publish","format-standard","has-post-thumbnail","category-baloncesto","tag-2026-27","tag-baloncesto","tag-basketball","tag-deportes","tag-dorsales","tag-es","tag-espana","tag-liga-endesa","tag-spain","tag-sports","tag-unicaja"],"share_on_mastodon":{"url":"https:\/\/pubeurope.com\/@es\/117169819749149191","error":""},"_links":{"self":[{"href":"https:\/\/www.europesays.com\/es\/wp-json\/wp\/v2\/posts\/734599","targetHints":{"allow":["GET"]}}],"collection":[{"href":"https:\/\/www.europesays.com\/es\/wp-json\/wp\/v2\/posts"}],"about":[{"href":"https:\/\/www.europesays.com\/es\/wp-json\/wp\/v2\/types\/post"}],"author":[{"embeddable":true,"href":"https:\/\/www.europesays.com\/es\/wp-json\/wp\/v2\/users\/2"}],"replies":[{"embeddable":true,"href":"https:\/\/www.europesays.com\/es\/wp-json\/wp\/v2\/comments?post=734599"}],"version-history":[{"count":0,"href":"https:\/\/www.europesays.com\/es\/wp-json\/wp\/v2\/posts\/734599\/revisions"}],"wp:featuredmedia":[{"embeddable":true,"href":"https:\/\/www.europesays.com\/es\/wp-json\/wp\/v2\/media\/734600"}],"wp:attachment":[{"href":"https:\/\/www.europesays.com\/es\/wp-json\/wp\/v2\/media?parent=734599"}],"wp:term":[{"taxonomy":"category","embeddable":true,"href":"https:\/\/www.europesays.com\/es\/wp-json\/wp\/v2\/categories?post=734599"},{"taxonomy":"post_tag","embeddable":true,"href":"https:\/\/www.europesays.com\/es\/wp-json\/wp\/v2\/tags?post=734599"}],"curies":[{"name":"wp","href":"https:\/\/api.w.org\/{rel}","templated":true}]}}