{"id":734619,"date":"2026-08-27T22:38:20","date_gmt":"2026-08-27T22:38:20","guid":{"rendered":"https:\/\/www.europesays.com\/es\/734619\/"},"modified":"2026-08-27T22:38:20","modified_gmt":"2026-08-27T22:38:20","slug":"intento-el-jefe-de-la-cia-disuadir-a-rusia-de-atacar-a-la-otan-durante-su-viaje-secreto-a-moscu","status":"publish","type":"post","link":"https:\/\/www.europesays.com\/es\/734619\/","title":{"rendered":"\u00bfIntent\u00f3 el jefe de la CIA disuadir a Rusia de atacar a la OTAN durante su viaje secreto a Mosc\u00fa?"},"content":{"rendered":"<p>Una visita cuyo prop\u00f3sito se encuentra bajo escrutinio. El hasta ahora viaje secreto del director de la CIA, John Ratcliffe, a Mosc\u00fa esta semana ha abierto un nuevo interrogante sobre la naturaleza de los contactos entre Washington y el Kremlin en un momento especialmente delicado de la guerra de Rusia contra Ucrania.<\/p>\n<p>El jefe de la CIA mantuvo el martes una reuni\u00f3n con Sergu\u00e9i Narishkin, director del Servicio de Inteligencia Exterior ruso (SVR), seg\u00fan confirm\u00f3 el propio funcionario ruso. Narishkin describi\u00f3 el encuentro como una \u00abreuni\u00f3n de trabajo\u00bb para abordar asuntos delicados dentro del \u00e1mbito de competencia de ambos servicios de inteligencia, sin revelar detalles.<\/p>\n<p>La importancia del viaje, sin embargo, va m\u00e1s all\u00e1 de la reuni\u00f3n en s\u00ed. &#8216;The Wall Street Journal&#8217; y &#8216;CBS News&#8217; han informado, citando por separado a fuentes familiarizadas con la visita, que Ratcliffe viaj\u00f3 a Mosc\u00fa para transmitir a Rusia una advertencia: no atacar a ning\u00fan miembro de la OTAN.<\/p>\n<p class=\"o-em-consent__content__text\">Para mostrar este contenido de X (Twitter), debe autorizar las cookies de medici\u00f3n de audiencia y publicidad.<\/p>\n<p>            Aceptar<\/p>\n<p>        Gestionar mis opciones                <\/p>\n<p class=\"a-read-more\">Leer tambi\u00e9n<a href=\"https:\/\/www.france24.com\/es\/ee-uu-y-canad\u00e1\/20260826-qu\u00e9-busc\u00f3-ee-uu-con-la-visita-no-anunciada-del-director-de-la-cia-a-mosc\u00fa-y-c\u00f3mo-impactar\u00eda-a-la-guerra-en-ucrania\" target=\"_self\" class=\"a-read-more__link\" rel=\"nofollow noopener\">\u00bfQu\u00e9 busc\u00f3 la visita no anunciada del director de la CIA a Mosc\u00fa y c\u00f3mo impactar\u00eda a Ucrania?<\/a><\/p>\n<p> <strong>El temor a una prueba limitada de la OTAN<\/strong> <\/p>\n<p>Seg\u00fan las fuentes, el mensaje estar\u00eda relacionado especialmente con los pa\u00edses b\u00e1lticos <strong>\u2014Estonia, Letonia y Lituania\u2014<\/strong> y con recientes evaluaciones de inteligencia estadounidenses seg\u00fan las cuales el presidente ruso, Vladimir Putin, podr\u00eda intentar poner a prueba la voluntad de la Alianza Atl\u00e1ntica mediante una acci\u00f3n limitada.<\/p>\n<p>La informaci\u00f3n no ha sido confirmada oficialmente. La CIA declin\u00f3 comentar los motivos del viaje y la Casa Blanca remiti\u00f3 a las declaraciones de Trump. El Kremlin, por su parte, ha rechazado que las informaciones de la prensa estadounidense describan correctamente las intenciones de Rusia.<\/p>\n<p><img fetchpriority=\"low\" decoding=\"async\" src=\"https:\/\/www.europesays.com\/es\/wp-content\/uploads\/2026\/08\/000-44XA6TE.jpg\"   alt=\"Archivo: la bandera de la OTAN y la bandera ucraniana ondeando en Berl\u00edn, el 8 de mayo de 2025.\" style=\"max-height:567px\" loading=\"lazy\" class=\"a-img \"\/><\/p>\n<p>                Le drapeau de l&#8217;Otan et le drapeau ukrainien, brandis \u00e0 Berlin, le 8 mai 2025.        \u00a9 Odd Andersen\/AFP                                        <\/p>\n<p>La cautela resulta especialmente significativa porque una advertencia de este tipo implicar\u00eda que Washington est\u00e1 tratando de establecer, directamente con Mosc\u00fa, l\u00edmites frente a posibles acciones rusas que podr\u00edan desencadenar una respuesta de la Alianza.<\/p>\n<p>El elemento central de esta evaluaci\u00f3n no ser\u00eda necesariamente la intenci\u00f3n de iniciar una guerra abierta con la OTAN. El c\u00e1lculo que preocupa a Washington ser\u00eda, precisamente, uno m\u00e1s limitado: que Mosc\u00fa busque explotar las zonas grises de la respuesta aliada para comprobar hasta d\u00f3nde est\u00e1 dispuesta a llegar la Alianza para defender a uno de sus miembros.<\/p>\n<p>Ese escenario tendr\u00eda una importancia particular en el flanco oriental de la OTAN. Los pa\u00edses b\u00e1lticos mantienen una frontera directa con Rusia y han advertido durante a\u00f1os sobre los riesgos derivados de la pol\u00edtica militar rusa. Desde la invasi\u00f3n a gran escala de Ucrania en 2022, la percepci\u00f3n de vulnerabilidad en esa regi\u00f3n se ha intensificado.<\/p>\n<p>&#8216;CBS News&#8217; inform\u00f3 anteriormente de que las evaluaciones de inteligencia estadounidenses contemplaban la posibilidad de que Rusia recurriera a ciberataques, sabotajes, operaciones de influencia u otras acciones que quedaran por debajo del umbral de una guerra convencional. Una operaci\u00f3n de ese tipo permitir\u00eda a Mosc\u00fa medir la cohesi\u00f3n de la OTAN y, al mismo tiempo, evaluar la disposici\u00f3n de la Administraci\u00f3n Trump a responder.<\/p>\n<p><img fetchpriority=\"low\" decoding=\"async\" src=\"https:\/\/www.europesays.com\/es\/wp-content\/uploads\/2026\/08\/PATRIOT 1.jpg\"   alt=\"Archivo- Soldados alemanes asignados al Ala 1 de Defensa A\u00e9rea y de Misiles de Superficie disparan el sistema de armas Patriot en la Instalaci\u00f3n de Lanzamiento de Misiles de la OTAN, en Chania, Grecia, el 8 de noviembre de 2017.\" style=\"max-height:478px\" loading=\"lazy\" class=\"a-img \"\/><\/p>\n<p>                Archivo- Soldados alemanes asignados al Ala 1 de Defensa A\u00e9rea y de Misiles de Superficie disparan el sistema de armas Patriot en la Instalaci\u00f3n de Lanzamiento de Misiles de la OTAN, en Chania, Grecia, el 8 de noviembre de 2017.        \u00a9 Departamento de Defensa de EE. UU.\/Sebastian Apel\/V\u00eda AP                                        <\/p>\n<p>El precedente es particularmente sensible porque el art\u00edculo 5 del Tratado del Atl\u00e1ntico Norte establece el principio de defensa colectiva: un ataque contra un miembro es considerado un ataque contra todos. Pero la aplicaci\u00f3n concreta de ese principio depender\u00eda de las circunstancias de cada incidente y de las decisiones pol\u00edticas de los aliados.<\/p>\n<p>Ah\u00ed reside uno de los posibles objetivos de una eventual acci\u00f3n rusa limitada: no necesariamente derrotar militarmente a un miembro de la OTAN, sino crear una situaci\u00f3n en la que los aliados tengan que decidir r\u00e1pidamente cu\u00e1nto est\u00e1n dispuestos a arriesgar para responder.<\/p>\n<p class=\"a-read-more\">Leer tambi\u00e9n<a href=\"https:\/\/www.france24.com\/es\/video\/20260826-qu\u00e9-motiv\u00f3-la-visita-de-john-ratcliffe-jefe-de-la-cia-a-mosc\u00fa\" target=\"_self\" class=\"a-read-more__link\" rel=\"nofollow noopener\">\u00bfQu\u00e9 motiv\u00f3 la visita de John Ratcliffe, jefe de la CIA, a Mosc\u00fa?<\/a><\/p>\n<p> <strong>El factor Ucrania y las reservas militares estadounidenses<\/strong> <\/p>\n<p>La escasez de municiones occidentales esenciales por la <a href=\"https:\/\/www.france24.com\/es\/tag\/ir\u00e1n\/\" target=\"_self\" rel=\"nofollow noopener\">guerra en Ir\u00e1n<\/a>, la presi\u00f3n interna sobre el <a href=\"https:\/\/www.france24.com\/es\/tag\/kremlin\/\" target=\"_self\" class=\"gtm-add-suggested-tag\" rel=\"nofollow noopener\">Kremlin<\/a> y el estancamiento del conflicto en <a href=\"https:\/\/www.france24.com\/es\/tag\/ucrania\/\" target=\"_self\" class=\"gtm-add-suggested-tag\" rel=\"nofollow noopener\">Ucrania<\/a> \u2014que se prolonga por quinto a\u00f1o consecutivo\u2014 habr\u00edan avivado el temor de Washington. En consecuencia, la <a href=\"https:\/\/www.france24.com\/es\/tag\/casa-blanca\/\" target=\"_self\" class=\"gtm-add-suggested-tag\" rel=\"nofollow noopener\">Casa Blanca<\/a> habr\u00eda enviado a Ratcliffe como mensajero para disuadir a Mosc\u00fa de rebasar las fronteras de Ucrania en el desarrollo del conflicto, seg\u00fan WSJ.<\/p>\n<p>Entretanto, &#8216;CBS&#8217; mencion\u00f3 en un art\u00edculo del jueves la existencia de \u00abinformes de la inteligencia estadounidense que indicaban que Rusia podr\u00eda intentar poner a prueba a la OTAN\u00bb.<\/p>\n<p>El mismo medio asegur\u00f3 que Ratcliffe tambi\u00e9n incluy\u00f3 a <a href=\"https:\/\/www.france24.com\/es\/tag\/ir\u00e1n\/\" target=\"_self\" class=\"gtm-add-suggested-tag\" rel=\"nofollow noopener\">Ir\u00e1n<\/a> en el temario durante su conversaci\u00f3n con la contraparte rusa, a quien desliz\u00f3 la posibilidad de imponer m\u00e1s sanciones a la Rep\u00fablica Isl\u00e1mica si esta se negaba a reabrir el <a href=\"https:\/\/www.france24.com\/es\/tag\/estrecho-de-ormuz\/\" target=\"_self\" class=\"gtm-add-suggested-tag\" rel=\"nofollow noopener\">estrecho de Ormuz<\/a> al tr\u00e1fico mar\u00edtimo, despu\u00e9s de que <a href=\"https:\/\/www.france24.com\/es\/tag\/teher\u00e1n\/\" target=\"_self\" class=\"gtm-add-suggested-tag\" rel=\"nofollow noopener\">Teher\u00e1n<\/a> ordenara su bloqueo en respuesta a los ataques conjuntos del 28 de febrero de EE. UU. e <a href=\"https:\/\/www.france24.com\/es\/tag\/israel\/\" target=\"_self\" class=\"gtm-add-suggested-tag\" rel=\"nofollow noopener\">Israel<\/a>.<\/p>\n<p>Pese a que la prensa estadounidense apunta a que el motivo de la reuni\u00f3n fue salvaguardar la <a href=\"https:\/\/www.france24.com\/es\/tag\/soberan\u00eda\/\" target=\"_self\" class=\"gtm-add-suggested-tag\" rel=\"nofollow noopener\">soberan\u00eda<\/a> de los pa\u00edses de <a href=\"https:\/\/www.france24.com\/es\/tag\/europa\/\" target=\"_self\" class=\"gtm-add-suggested-tag\" rel=\"nofollow noopener\">Europa<\/a> del Este, la portavoz de la <a href=\"https:\/\/www.france24.com\/es\/tag\/comisi\u00f3n-europea\/\" target=\"_self\" class=\"gtm-add-suggested-tag\" rel=\"nofollow noopener\">Comisi\u00f3n Europea<\/a>, Paula Pinho, revel\u00f3 este jueves que\u00a0Estados Unidos no inform\u00f3 a <a href=\"https:\/\/www.france24.com\/es\/tag\/bruselas\/\" target=\"_self\" class=\"gtm-add-suggested-tag\" rel=\"nofollow noopener\">Bruselas<\/a> sobre el viaje de Ratcliffe a Rusia.<\/p>\n<p><img fetchpriority=\"low\" decoding=\"async\" src=\"https:\/\/www.europesays.com\/es\/wp-content\/uploads\/2026\/08\/AP26004533754651.jpg\"   alt=\"En esta foto proporcionada por el servicio de prensa de la 65.\u00aa Brigada Mecanizada de Ucrania, soldados disparan un sistema de misiles antitanque durante un simulacro cerca de la l\u00ednea del frente, en el lugar donde se libran intensos combates con las tropas rusas en la regi\u00f3n de Zaporizhzhia, Ucrania, el domingo 4 de enero de 2026.\" style=\"max-height:567px\" loading=\"lazy\" class=\"a-img \"\/><\/p>\n<p>                En esta foto proporcionada por el servicio de prensa de la 65.\u00aa Brigada Mecanizada de Ucrania, soldados disparan un sistema de misiles antitanque durante un simulacro cerca de la l\u00ednea del frente, en el lugar donde se libran intensos combates con las tropas rusas en la regi\u00f3n de Zaporizhzhia, Ucrania, el domingo 4 de enero de 2026.        AP &#8211; Andriy Andriyenko                                        <\/p>\n<p>En este contexto, Estados Unidos reafirm\u00f3 este jueves su compromiso con la seguridad colectiva de la OTAN. \u00abEuropa sigue siendo de un inter\u00e9s fundamental para Estados Unidos, incluso mientras damos prioridad al hemisferio occidental y a la primera cadena de islas\u00bb, expres\u00f3 el subsecretario de Defensa de Estados Unidos, Elbridge Colby, en una comparecencia junto con el secretario general de la OTAN, <a href=\"https:\/\/www.france24.com\/es\/tag\/mark-rutte\/\" target=\"_self\" class=\"gtm-add-suggested-tag\" rel=\"nofollow noopener\">Mark Rutte<\/a>.<\/p>\n<p>La visita secreta del director de la CIA a Mosc\u00fa se descubri\u00f3 despu\u00e9s de que se identificara un <a href=\"https:\/\/www.france24.com\/es\/tag\/avi\u00f3n\/\" target=\"_self\" class=\"gtm-add-suggested-tag\" rel=\"nofollow noopener\">avi\u00f3n<\/a> militar estadounidense que despeg\u00f3 el martes por la ma\u00f1ana de\u00a0<a href=\"https:\/\/www.france24.com\/es\/tag\/letonia\/\" target=\"_self\" rel=\"nofollow noopener\">Letonia<\/a>\u00a0con destino al aeropuerto Vnukovo de Mosc\u00fa,\u00a0seg\u00fan datos del sitio web especializado &#8216;Flightradar24&#8217;. La misma aeronave\u00a0parti\u00f3 de la capital rusa a primera hora de la tarde del martes.<\/p>\n<p>El peri\u00f3dico <a href=\"https:\/\/www.ft.com\/content\/d7b89b34-8961-484d-b776-707520e942c5?syn-25a6b1a6=1\" target=\"_blank\" rel=\"nofollow noopener\">&#8216;Financial Times&#8217; revel\u00f3 que Washington pidi\u00f3 a Ucrania\u00a0que no atacara la capital rusa<\/a>, San Petersburgo, ni otras zonas del norte del pa\u00eds entre el lunes y el mi\u00e9rcoles para permitir el viaje de un alto funcionario estadounidense.\u00a0<\/p>\n<p class=\"a-read-more\">Leer tambi\u00e9n<a href=\"https:\/\/www.france24.com\/es\/ee-uu-y-canad\u00e1\/20260826-qu\u00e9-busc\u00f3-ee-uu-con-la-visita-no-anunciada-del-director-de-la-cia-a-mosc\u00fa-y-c\u00f3mo-impactar\u00eda-a-la-guerra-en-ucrania\" target=\"_self\" class=\"a-read-more__link\" rel=\"nofollow noopener\">\u00bfQu\u00e9 busc\u00f3 la visita no anunciada del director de la CIA a Mosc\u00fa y c\u00f3mo impactar\u00eda a Ucrania?<\/a><\/p>\n<p> <strong>\u00bfCu\u00e1l es la versi\u00f3n oficial de Rusia y EE. UU.?<\/strong> <\/p>\n<p>Las citadas preocupaciones estadounidenses se producen despu\u00e9s de una serie de incidentes que han elevado la tensi\u00f3n en el espacio a\u00e9reo y el entorno de seguridad de los pa\u00edses b\u00e1lticos y de otros miembros orientales de la Alianza.<\/p>\n<p>Sin embargo, las hip\u00f3tesis de la prensa estadounidense fueron rechazadas este jueves por\u00a0el portavoz del Kremlin, <a href=\"https:\/\/www.france24.com\/es\/tag\/dmitri-peskov\/\" target=\"_self\" class=\"gtm-add-suggested-tag\" rel=\"nofollow noopener\">Dmitri Peskov<\/a>. \u00abActualmente se publican muchas historias alarmistas de este tipo. Por supuesto, no tienen nada que ver con la realidad ni con las intenciones de la Federaci\u00f3n Rusa\u00bb, se\u00f1al\u00f3 el portavoz, quien se neg\u00f3 a revelar qu\u00e9 se hab\u00eda discutido o a proporcionar m\u00e1s detalles de la reuni\u00f3n entre Ratcliffe y Narishkin.<\/p>\n<p>Un d\u00eda antes, Peskov afirm\u00f3: \u00abLo \u00fanico que puedo decirles es que ha habido contactos a trav\u00e9s de los servicios de seguridad. Puedo asegurarles que no ha habido reuniones con el presidente ruso. Naturalmente, el presidente Putin est\u00e1 al tanto de todo sin demora\u00bb.<\/p>\n<p>Ambos gobiernos han intentado restar importancia al encuentro. Mientras\u00a0Narishkin afirm\u00f3 que el encuentro con Ratcliffe no ten\u00eda nada de inusual, el presidente estadounidense, <a href=\"https:\/\/www.france24.com\/es\/tag\/donald-trump\/\" target=\"_self\" class=\"gtm-add-suggested-tag\" rel=\"nofollow noopener\">Donald Trump<\/a>, defini\u00f3 la visita\u00a0como \u00absemirutinaria\u00bb.<\/p>\n<p>En una entrevista radiof\u00f3nica el mi\u00e9rcoles, Trump no especific\u00f3 por qu\u00e9\u00a0Ratcliffe\u00a0hab\u00eda viajado a Mosc\u00fa, pero dijo que podr\u00eda resultar \u00fatil.\u00a0\u00abPuede que algo bueno salga de todo esto. Estamos trabajando muy duro para que esa guerra termine\u00bb, se\u00f1al\u00f3 el republicano en el programa de Glenn Beck, en alusi\u00f3n a la guerra en Ucrania.<\/p>\n<p><strong>Al ser preguntado sobre si el jefe de la CIA hab\u00eda ido a Mosc\u00fa para discutir posibles acciones rusas contra la OTAN o para discutir sanciones contra Ir\u00e1n, Trump respondi\u00f3: \u00abNinguna de las anteriores\u00bb.<\/strong><\/p>\n<p class=\"o-em-consent__content__text\">Para mostrar este contenido de YouTube, debe autorizar las cookies de medici\u00f3n de audiencia y publicidad.<\/p>\n<p>            Aceptar<\/p>\n<p>        Gestionar mis opciones                <\/p>\n<p class=\"o-em-adblock__content__text\">Una extensi\u00f3n de tu navegador parece estar bloqueando la carga del reproductor de video. Para poder ver este contenido, debes desactivarla en este sitio.<\/p>\n<p>            Reintentar<\/p>\n<p><img fetchpriority=\"high\" decoding=\"auto\" src=\"https:\/\/www.europesays.com\/es\/wp-content\/uploads\/2026\/08\/ES-20260826-150534-151038-CS.jpg\"   width=\"1024\" height=\"576\" alt=\"\" loading=\"eager\" class=\"a-img \"\/><\/p>\n<p>    Imagen de portada:                    \u00a9 France 24                            <\/p>\n<p>Aunque el l\u00edder de la Casa Blanca insiste en que fue un encuentro habitual,\u00a0se trata de la primera visita conocida de Ratcliffe a Rusia como director de la CIA.\u00a0El \u00faltimo viaje de la m\u00e1xima autoridad estadounidense de inteligencia a Mosc\u00fa ocurri\u00f3\u00a0en noviembre de 2021, cuando el entonces jefe de la CIA, William Burns, mantuvo conversaciones con Putin.<\/p>\n<p>Burns viaj\u00f3 a Mosc\u00fa para advertir en contra del env\u00edo de tropas a Ucrania, lo que terminar\u00eda ocurriendo tres meses m\u00e1s tarde.<\/p>\n<p class=\"a-read-more\">Leer tambi\u00e9n<a href=\"https:\/\/www.france24.com\/es\/europa\/20260826-el-jefe-de-la-cia-viaj\u00f3-a-mosc\u00fa-por-qu\u00e9-esto-se-sabe\" target=\"_self\" class=\"a-read-more__link\" rel=\"nofollow noopener\">\u00bfEl jefe de la CIA viaj\u00f3 a Mosc\u00fa? \u00bfPor qu\u00e9? Esto se sabe<\/a><\/p>\n<p> <strong>\u00bfLos pa\u00edses b\u00e1lticos, bajo amenaza?<\/strong> <\/p>\n<p>Las incursiones de drones en el espacio a\u00e9reo de los pa\u00edses b\u00e1lticos\u00a0\u2014Lituania, <a href=\"https:\/\/www.france24.com\/es\/tag\/letonia\/\" target=\"_self\" class=\"gtm-add-suggested-tag\" rel=\"nofollow noopener\">Letonia<\/a> y Estonia\u2014 en el transcurso de la invasi\u00f3n rusa a Ucrania ha sido ampliamente documentado. Aunque varios de estos artefactos han sido identificados como ucranianos, los gobiernos de estos pa\u00edses y la naci\u00f3n invadida han atribuido su desv\u00edo a la\u00a0guerra electromagn\u00e9tica de Mosc\u00fa.<\/p>\n<p>El pasado 19 de mayo,\u00a0un dron militar ucraniano entr\u00f3 en el espacio a\u00e9reo estonio procedente de Rusia, antes de ser derribado por un F-16 rumano de la OTAN. Se trat\u00f3 de la primera vez que uno de los aviones de la misi\u00f3n de polic\u00eda a\u00e9rea de la OTAN en los pa\u00edses b\u00e1lticos emple\u00f3 fuego real contra un aparato no tripulado.<\/p>\n<p>Tres semanas despu\u00e9s,\u00a0<a href=\"https:\/\/www.france24.com\/es\/europa\/20260608-avi\u00f3n-de-la-otan-franc\u00e9s-derriba-un-dron-sobre-letonia-mientras-otro-explota-en-moldavia\" target=\"_self\" rel=\"nofollow noopener\">otro dron que viol\u00f3 el espacio a\u00e9reo de Letonia desde Rusia fue\u00a0derribado por un Rafale franc\u00e9s<\/a>\u00a0integrado en la misi\u00f3n de la OTAN. Las <a href=\"https:\/\/www.france24.com\/es\/tag\/fuerzas-armadas\/\" target=\"_self\" class=\"gtm-add-suggested-tag\" rel=\"nofollow noopener\">Fuerzas Armadas<\/a> letonas aseguraron que el aparato hab\u00eda sido dirigido contra ese pa\u00eds como consecuencia de la\u00a0guerra electr\u00f3nica rusa, aunque inicialmente no identificaron al lanzador.<\/p>\n<p>Ambas incursiones en <a href=\"https:\/\/www.france24.com\/es\/tag\/estonia\/\" target=\"_self\" class=\"gtm-add-suggested-tag\" rel=\"nofollow noopener\">Estonia<\/a> y Letonia en menos de un mes evidenciaron un patr\u00f3n:\u00a0drones ucranianos dirigidos contra Rusia que se desviaban hacia territorio de la OTAN\u00a0tras sufrir aparentemente interferencias de navegaci\u00f3n.<\/p>\n<p class=\"o-em-consent__content__text\">Para mostrar este contenido de YouTube, debe autorizar las cookies de medici\u00f3n de audiencia y publicidad.<\/p>\n<p>            Aceptar<\/p>\n<p>        Gestionar mis opciones                <\/p>\n<p class=\"o-em-adblock__content__text\">Una extensi\u00f3n de tu navegador parece estar bloqueando la carga del reproductor de video. Para poder ver este contenido, debes desactivarla en este sitio.<\/p>\n<p>            Reintentar<\/p>\n<p><img fetchpriority=\"high\" decoding=\"auto\" src=\"https:\/\/www.europesays.com\/es\/wp-content\/uploads\/2026\/08\/WEB-PORTADA-VAE-17JUL.png\"   width=\"1024\" height=\"576\" alt=\"VENTANA A EUROP\" loading=\"eager\" class=\"a-img \"\/><\/p>\n<p>    Imagen de portada:            VENTANA A EUROPA. Montaje realizado por France 24.        \u00a9 France 24                            <\/p>\n<p>La amenaza escal\u00f3 a inicios de agosto despu\u00e9s de que el Gobierno lituano advirtiera de que <a href=\"https:\/\/www.france24.com\/es\/europa\/20260806-qu\u00e9-se-sabe-de-los-planes-de-ataque-rusos-de-bandera-falsa-denunciados-por-lituania\" target=\"_self\" rel=\"nofollow noopener\">Rusia estar\u00eda preparando ataques de \u00abbandera falsa\u00bb<\/a> mediante la utilizaci\u00f3n de drones ucranianos capturados o reconstruidos en el transcurso de la guerra para golpear a naciones europeas.<\/p>\n<p>\u00abEstamos hablando de una operaci\u00f3n de falsa bandera, utilizando un dron ucraniano falso (&#8230;) Uno de los objetivos es que la\u00a0OTAN\u00a0flaquee y reduzca su apoyo a\u00a0Ucrania\u00bb, apunt\u00f3 entonces\u00a0el ministro de Defensa\u00a0lituano, Robertas Kaunas.<\/p>\n<p>Si bien estos episodios no constituyen por s\u00ed mismos pruebas de una decisi\u00f3n rusa de atacar a la OTAN, s\u00ed ilustran, no obstante, la dificultad de separar los efectos de la guerra en Ucrania de una posible acci\u00f3n deliberada contra territorio aliado.<\/p>\n<p>Para los gobiernos b\u00e1lticos, el riesgo no se limita a una invasi\u00f3n convencional. Una campa\u00f1a de sabotaje, ciberataques, desinformaci\u00f3n, interferencias electr\u00f3nicas o incursiones cuidadosamente calibradas podr\u00eda generar presi\u00f3n sobre la Alianza sin cruzar inicialmente un umbral inequ\u00edvoco que obligara a una respuesta militar colectiva.<\/p>\n<p>La verdadera importancia del viaje de Ratcliffe podr\u00eda residir precisamente en la ambig\u00fcedad que lo rodea. Si las fuentes citadas por &#8216;The Wall Street Journal&#8217; y &#8216;CBS&#8217; est\u00e1n en lo correcto, Washington habr\u00eda elegido un canal de inteligencia de alto nivel para transmitir a Mosc\u00fa una advertencia sobre los l\u00edmites que no deber\u00eda cruzar en Europa. La elecci\u00f3n de un interlocutor como Narishkin permitir\u00eda hacerlo sin convertir el mensaje en una declaraci\u00f3n p\u00fablica que pudiera reducir el margen de maniobra diplom\u00e1tico de ambas partes.<\/p>\n<p>Pero si el viaje fue, como sostiene Trump, esencialmente \u00absemirutinario\u00bb, las informaciones sobre una advertencia espec\u00edfica a Rusia podr\u00edan reflejar solo una parte de una conversaci\u00f3n m\u00e1s amplia o una interpretaci\u00f3n de fuentes que no representa la posici\u00f3n oficial de la Administraci\u00f3n.<\/p>\n<p>En cualquier caso, el contexto explica por qu\u00e9 la visita ha generado tanta atenci\u00f3n. La guerra de Ucrania entra en una fase en la que el riesgo para Europa no se limita a la l\u00ednea del frente. Para Estados Unidos y sus aliados, la cuesti\u00f3n m\u00e1s delicada es determinar si Mosc\u00fa puede intentar abrir un nuevo frente de confrontaci\u00f3n sin desencadenar una guerra directa con la OTAN.<\/p>\n<p>Y para Rusia, cualquier prueba de la determinaci\u00f3n aliada tendr\u00eda que partir de un c\u00e1lculo especialmente arriesgado: medir la respuesta de la Alianza sin provocar precisamente el conflicto que, al menos p\u00fablicamente, ninguno de sus miembros afirma buscar.<\/p>\n<p>Con AP, Reuters y medios locales<\/p>\n","protected":false},"excerpt":{"rendered":"Una visita cuyo prop\u00f3sito se encuentra bajo escrutinio. El hasta ahora viaje secreto del director de la CIA,&hellip;\n","protected":false},"author":2,"featured_media":734620,"comment_status":"","ping_status":"","sticky":false,"template":"","format":"standard","meta":{"footnotes":""},"categories":[42],"tags":[41879,17,18,51047,130091,352,81410,629,13,14,11,130092,61,62,63,64,107013,14049,19,20,10456,9,10,15,16,1614,12,21,22,7083,2558,65,66,67],"class_list":["post-734619","post","type-post","status-publish","format-standard","has-post-thumbnail","category-internacional","tag-baltico","tag-breaking-news","tag-breakingnews","tag-cia","tag-dmitri-peskov","tag-donald-trump","tag-ee-uu-y-canada","tag-estados-unidos","tag-featured-news","tag-featurednews","tag-headlines","tag-inteligencia-militar","tag-internacional","tag-international","tag-international-news","tag-internationalnews","tag-john-ratcliffe","tag-kremlin","tag-latest-news","tag-latestnews","tag-moscu","tag-news","tag-noticias","tag-noticias-destacadas","tag-noticiasdestacadas","tag-rusia","tag-titulares","tag-ultimas-noticias","tag-ultimasnoticias","tag-vladimir-putin","tag-washington-d-c","tag-world","tag-world-news","tag-worldnews"],"share_on_mastodon":{"url":"","error":"Validation failed: Text character limit of 500 exceeded"},"_links":{"self":[{"href":"https:\/\/www.europesays.com\/es\/wp-json\/wp\/v2\/posts\/734619","targetHints":{"allow":["GET"]}}],"collection":[{"href":"https:\/\/www.europesays.com\/es\/wp-json\/wp\/v2\/posts"}],"about":[{"href":"https:\/\/www.europesays.com\/es\/wp-json\/wp\/v2\/types\/post"}],"author":[{"embeddable":true,"href":"https:\/\/www.europesays.com\/es\/wp-json\/wp\/v2\/users\/2"}],"replies":[{"embeddable":true,"href":"https:\/\/www.europesays.com\/es\/wp-json\/wp\/v2\/comments?post=734619"}],"version-history":[{"count":0,"href":"https:\/\/www.europesays.com\/es\/wp-json\/wp\/v2\/posts\/734619\/revisions"}],"wp:featuredmedia":[{"embeddable":true,"href":"https:\/\/www.europesays.com\/es\/wp-json\/wp\/v2\/media\/734620"}],"wp:attachment":[{"href":"https:\/\/www.europesays.com\/es\/wp-json\/wp\/v2\/media?parent=734619"}],"wp:term":[{"taxonomy":"category","embeddable":true,"href":"https:\/\/www.europesays.com\/es\/wp-json\/wp\/v2\/categories?post=734619"},{"taxonomy":"post_tag","embeddable":true,"href":"https:\/\/www.europesays.com\/es\/wp-json\/wp\/v2\/tags?post=734619"}],"curies":[{"name":"wp","href":"https:\/\/api.w.org\/{rel}","templated":true}]}}