{"id":734633,"date":"2026-08-27T22:55:23","date_gmt":"2026-08-27T22:55:23","guid":{"rendered":"https:\/\/www.europesays.com\/es\/734633\/"},"modified":"2026-08-27T22:55:23","modified_gmt":"2026-08-27T22:55:23","slug":"vuelve-ali-g-24-anos-despues-pero-sin-el-mitico-doblaje-de-gomaespuma-en-el-que-lugo-era-protagonista","status":"publish","type":"post","link":"https:\/\/www.europesays.com\/es\/734633\/","title":{"rendered":"Vuelve &#8216;Ali G&#8217; 24 a\u00f1os despu\u00e9s, pero sin el m\u00edtico doblaje de Gomaespuma en el que Lugo era protagonista"},"content":{"rendered":"<p>La\u00a0secuela de<strong> Ali G<\/strong> ya tiene fecha de estreno: el 23 de octubre.\u00a0El m\u00edtico rapero, al que dio vida <strong>Sacha Baron Cohen<\/strong> y que en su versi\u00f3n espa\u00f1ola era de <a target=\"_blank\" href=\"https:\/\/www.elprogreso.es\/tags\/lugo\/\" rel=\"nofollow noopener\">Lugo<\/a><strong>,<\/strong>\u00a0vuelve a\u00a0la cartelera m\u00e1s de 20 a\u00f1os despu\u00e9s. La pel\u00edcula, que distribuye\u00a0<strong>Amazon MGM Studios<\/strong>,\u00a0ya tiene t\u00edtulo \u2013<strong>Ali G\u00a0Who Iz I?\u2013<\/strong>, al menos en Estados Unidos y Reino Unido, pero no se sabe con qu\u00e9 nombre llegar\u00e1 a las salas de Espa\u00f1a.<\/p>\n<p>La <strong>sinopsis<\/strong> avanza un poco la esencia de la nueva aventura del rapero: \u00abTras veinte a\u00f1os dedicados a relajarse, fumar y echar un polvo, Ali G se queda de piedra al descubrir que su novia de toda la vida, Julie, est\u00e1 embarazada de ocho meses. Ante la perspectiva de tener otra boca que alimentar, se pone las pilas y se va a Estados Unidos para recuperar su antigua gloria&#8230; pero pronto se encuentra con adversarios que, en \u00faltima instancia, pondr\u00e1n en peligro su propia existencia y la de su hijo\u00bb.\u00a0<\/p>\n<p>Un doblaje inolvidable en Espa\u00f1a: \u00ab&#8230; Y vengo de Lugo\u00bb<\/p>\n<p><strong>Sacha Baron Cohen<\/strong> se catapult\u00f3 a la fama internacional a principios de los 2000 con su personaje<strong> Ali G<\/strong>, un despreocupado rapero. En Espa\u00f1a, la pel\u00edcula tuvo un gran impacto, sobre todo a la generaci\u00f3n que entonces transitaba por la adolescencia y postadolescencia. \u00a0<\/p>\n<p>Muy recordado es su doblaje realizado por el d\u00fao humor\u00edstico <strong>Gomaespuma<\/strong> bajo la direcci\u00f3n de Antonio Lara. Frases como \u00abBonjour je me&#8217;appelle Ali&#8230; Y vengo de Lugo&#8230;\u00bb quedaron grabadas en la memoria colectiva de toda una generaci\u00f3n. A Ali G lo dobl\u00f3<strong> Guillermo Fesser<\/strong>.<\/p>\n<p>Recuerda, la vida es de lo bueno lo mejor, de lo mejor lo superior\u00bb. Esta es otra de las citas m\u00edticas del personaje. Sin embargo, Gomaespuma no se encargar\u00e1 del doblaje de esta nueva entrega, seg\u00fan confirm\u00f3, para desecanto de sus fans, el propio <strong>Fesser:\u00a0\u00a0\u00ab<\/strong>No. Nadie nos ha contactado para ello. Apostar\u00e1n, supongo, por nuevas voces\u00bb.\u00a0<\/p>\n","protected":false},"excerpt":{"rendered":"La\u00a0secuela de Ali G ya tiene fecha de estreno: el 23 de octubre.\u00a0El m\u00edtico rapero, al que dio&hellip;\n","protected":false},"author":2,"featured_media":734634,"comment_status":"","ping_status":"","sticky":false,"template":"","format":"standard","meta":{"footnotes":""},"categories":[169],"tags":[177,32532,146,147,25,24,176,7318,175,23,807],"class_list":["post-734633","post","type-post","status-publish","format-standard","has-post-thumbnail","category-cine","tag-cine","tag-doblaje","tag-entertainment","tag-entretenimiento","tag-es","tag-espana","tag-film","tag-lugo","tag-movies","tag-spain","tag-television"],"share_on_mastodon":{"url":"https:\/\/pubeurope.com\/@es\/117169941987638341","error":""},"_links":{"self":[{"href":"https:\/\/www.europesays.com\/es\/wp-json\/wp\/v2\/posts\/734633","targetHints":{"allow":["GET"]}}],"collection":[{"href":"https:\/\/www.europesays.com\/es\/wp-json\/wp\/v2\/posts"}],"about":[{"href":"https:\/\/www.europesays.com\/es\/wp-json\/wp\/v2\/types\/post"}],"author":[{"embeddable":true,"href":"https:\/\/www.europesays.com\/es\/wp-json\/wp\/v2\/users\/2"}],"replies":[{"embeddable":true,"href":"https:\/\/www.europesays.com\/es\/wp-json\/wp\/v2\/comments?post=734633"}],"version-history":[{"count":0,"href":"https:\/\/www.europesays.com\/es\/wp-json\/wp\/v2\/posts\/734633\/revisions"}],"wp:featuredmedia":[{"embeddable":true,"href":"https:\/\/www.europesays.com\/es\/wp-json\/wp\/v2\/media\/734634"}],"wp:attachment":[{"href":"https:\/\/www.europesays.com\/es\/wp-json\/wp\/v2\/media?parent=734633"}],"wp:term":[{"taxonomy":"category","embeddable":true,"href":"https:\/\/www.europesays.com\/es\/wp-json\/wp\/v2\/categories?post=734633"},{"taxonomy":"post_tag","embeddable":true,"href":"https:\/\/www.europesays.com\/es\/wp-json\/wp\/v2\/tags?post=734633"}],"curies":[{"name":"wp","href":"https:\/\/api.w.org\/{rel}","templated":true}]}}