{"id":734635,"date":"2026-08-27T22:56:28","date_gmt":"2026-08-27T22:56:28","guid":{"rendered":"https:\/\/www.europesays.com\/es\/734635\/"},"modified":"2026-08-27T22:56:28","modified_gmt":"2026-08-27T22:56:28","slug":"enes-unal-sostiene-al-getafe-en-la-caldera-de-belgrado-futbol-deportes","status":"publish","type":"post","link":"https:\/\/www.europesays.com\/es\/734635\/","title":{"rendered":"Enes Unal sostiene al Getafe en la caldera de Belgrado | F\u00fatbol | Deportes"},"content":{"rendered":"<p class=\"\">El Getafe sell\u00f3 su regreso a Europa tras sobrevivir al intento de remontada del Partiz\u00e1n, que gan\u00f3 2-1 y estrech\u00f3 la eliminatoria hasta el 4-3 global, en una noche al l\u00edmite en la que Enes \u00dcnal volvi\u00f3 al rescate con su tercer gol en tres partidos, decisivo para que el equipo de Jos\u00e9 Bordal\u00e1s alcanzara la fase liga de la <a href=\"https:\/\/elpais.com\/deportes\/resultados\/futbol\/conference_league\/\" target=\"_self\" rel=\"nofollow noopener\" title=\"https:\/\/elpais.com\/deportes\/resultados\/futbol\/conference_league\/\">Conference League<\/a>. El Getafe encontr\u00f3 en Belgrado exactamente lo que esperaba: una caldera por fuera y un volc\u00e1n por dentro. Desde que acab\u00f3 el choque de ida, nadie en el club azul\u00f3n dud\u00f3 de que la vuelta se jugar\u00eda entre fuego. El estadio del Partiz\u00e1n se llen\u00f3 hasta la bandera y los ruidosos Grobari (sepultureros en serbio) arrastraron a otras 25.000 gargantas. El penoso momento de su equipo importaba poco. Europa concedi\u00f3 una tregua.<\/p>\n<p><img decoding=\"async\" fetchpriority=\"low\" title=\"Partiz\u00e1n\" loading=\"lazy\" src=\"https:\/\/www.europesays.com\/es\/wp-content\/uploads\/2026\/08\/1787871387_652_153.png\"  width=\"80\" height=\"80\"\/><\/p>\n<p>2 <\/p>\n<p> Milos Krunic, Stefan Milic, Samson Nwulu (Mateja Milovanovic, min. 68), Nikola Simic, Milan Roganovic, Iddrisu Baba (Bogdan Kostic, min. 76), Milan Vukotic (Chaka Traor\u00e8, min. 76), Igor Miladinovic, Nikola Cumic (Milan Aleksic, min. 61), Demba Seck y Jeh (Erik Kojzek, min. 70) <\/p>\n<p>1 <\/p>\n<p><img decoding=\"async\" fetchpriority=\"low\" title=\"Getafe\" loading=\"lazy\" src=\"https:\/\/www.europesays.com\/es\/wp-content\/uploads\/2026\/08\/1787871388_739_172.png\"  width=\"80\" height=\"80\"\/><\/p>\n<p> David Soria, Djen\u00e9 Dakonam, Zaid Romero, Saba Sazonov (Andr\u00e9s Garc\u00eda, min. 36), Kiko Femen\u00eda, Johan Mojica (Davinchi, min. 80), Orel Mangala, Ram\u00f3n Terrats, Francho Serrano (Mario Mart\u00edn, min. 67), Mart\u00edn Satriano y Enes \u00dcnal (Borja Mayoral, min. 81) <\/p>\n<p><b>Goles<\/b> 1-0 min. 52: Jeh. 1-1 min. 68: Enes \u00dcnal. 2-1 min. 75: Erik Kojzek <\/p>\n<p><b>Arbitro<\/b> Urs Schnyder<\/p>\n<p>Tarjetas amarillas Saba Sazonov (min. 20), Mart\u00edn Satriano (min. 32), Orel Mangala (min. 47), Milan Vukotic (min. 56), Zaid Romero (min. 57), Mayoral (min. 91) <\/p>\n<p class=\"\">El Partiz\u00e1n tambi\u00e9n lleg\u00f3 en llamas por dentro. Una victoria en cinco jornadas de Liga y los puestos de descenso empujaron a Sasa Ilic a presentar su dimisi\u00f3n. La afici\u00f3n y los dirigentes le convencieron para resistir, al menos, hasta la visita del Getafe. El presidente, el director deportivo y otros miembros de la junta, en cambio, ya hab\u00edan anunciado su marcha pasara lo que pasara.Para una velada as\u00ed, pocos equipos resultaban tan apropiados como el Getafe de Bordal\u00e1s. El conjunto azul\u00f3n lleva a\u00f1os de doctorado en partidos \u00e1speros, f\u00edsicos y de dientes apretados. <\/p>\n<p class=\"\">La primera mitad fue justo eso: mucho suelo, muchas faltas, poco f\u00fatbol y una batalla por cada palmo. El Getafe acept\u00f3 la pelea, pero durante m\u00e1s de media hora se olvid\u00f3 de la pelota. Sufri\u00f3 demasiado y el <a href=\"https:\/\/elpais.com\/deportes\/futbol\/2026-08-20\/unal-y-mojica-encienden-el-coliseum-y-el-getafe-esta-a-un-paso-de-clasificarse-a-la-conference-league.html\" target=\"_self\" rel=\"nofollow noopener\" title=\"https:\/\/elpais.com\/deportes\/futbol\/2026-08-20\/unal-y-mojica-encienden-el-coliseum-y-el-getafe-esta-a-un-paso-de-clasificarse-a-la-conference-league.html\">Partiz\u00e1n lleg\u00f3 a rozar el gol<\/a>. Seck estrell\u00f3 un disparo en el palo y Simic marc\u00f3 otro que el \u00e1rbitro anul\u00f3 por un fuera de juego milim\u00e9trico. Bordal\u00e1s detect\u00f3 el peligro y actu\u00f3 antes de que fuera tarde. En el minuto 37 retir\u00f3 al central Sazonov, amonestado casi desde el principio y siempre a una falta de meterse en un problema serio. Su salida cambi\u00f3 el dibujo: el Getafe abandon\u00f3 el 5-3-2 y pas\u00f3 a un 4-4-2.<\/p>\n<p class=\"\">El retoque solt\u00f3 al equipo azul\u00f3n. Por fin encontr\u00f3 la pelota, alej\u00f3 al Partiz\u00e1n de su \u00e1rea y firm\u00f3 sus mejores minutos. Mangala prob\u00f3 fortuna desde fuera y su disparo roz\u00f3 el palo. Fue la respuesta al asedio local, una manera de marcar territorio y el aviso de que el Getafe tambi\u00e9n ten\u00eda colmillos. El descanso lleg\u00f3 con 0-0 y con <a href=\"https:\/\/elpais.com\/deportes\/futbol\/2026-08-23\/david-soria-sostiene-al-getafe-y-enes-unal-acaba-con-el-racing.html\" target=\"_self\" rel=\"nofollow noopener\" title=\"https:\/\/elpais.com\/deportes\/futbol\/2026-08-23\/david-soria-sostiene-al-getafe-y-enes-unal-acaba-con-el-racing.html\">el conjunto de Bordal\u00e1s<\/a> a cuarenta y cinco minutos de la fase liga. Pero el control s\u00f3lo era aparente. Casi nada m\u00e1s regresar de los vestuarios, Terrats perdi\u00f3 un bal\u00f3n en la frontal y Jeh castig\u00f3 el error sin contemplaciones. Busc\u00f3 el palo largo de Soria y encendi\u00f3 de nuevo la caldera: 1-0 y m\u00e1s de media hora de sufrimiento.<\/p>\n<p class=\"\">Unal pudo apagar el incendio casi de inmediato, pero Krunic sac\u00f3 una mano providencial en el cara a cara. El partido se abri\u00f3 entonces de par en par. El Partiz\u00e1n acumul\u00f3 ocasiones sin punter\u00eda y el Getafe encontr\u00f3 espacios al contraataque, con Terrats, redimido de su error, al mando de las mejores transiciones azulonas. Faltaba Unal. Siempre Unal. <\/p>\n<p class=\"\">Un c\u00f3rner de Kiko Femen\u00eda acab\u00f3 en las botas del turco, que esta vez no perdon\u00f3. El 1-1 silenci\u00f3 a los Grobari y termin\u00f3 con la incertidumbre. Ya hab\u00eda marcado al Partiz\u00e1n en la ida y tambi\u00e9n <a href=\"https:\/\/elpais.com\/deportes\/futbol\/2026-08-23\/david-soria-sostiene-al-getafe-y-enes-unal-acaba-con-el-racing.html\" target=\"_self\" rel=\"nofollow noopener\" title=\"https:\/\/elpais.com\/deportes\/futbol\/2026-08-23\/david-soria-sostiene-al-getafe-y-enes-unal-acaba-con-el-racing.html\">al Racing en Liga<\/a>. Tres partidos consecutivos, tres goles y un tesoro para Bordal\u00e1s. Su regreso al Getafe ya parece un acierto rotundo. <\/p>\n<p class=\"\">El conjunto azul\u00f3n resisti\u00f3 despu\u00e9s del tanto de Kojzek, aguant\u00f3 el \u00faltimo cuarto de hora, sali\u00f3 vivo de la caldera de Belgrado y cerr\u00f3 la eliminatoria. La fase liga ya era suya. Por cuarta vez en su historia, el Getafe estar\u00e1 en Europa.<\/p>\n","protected":false},"excerpt":{"rendered":"El Getafe sell\u00f3 su regreso a Europa tras sobrevivir al intento de remontada del Partiz\u00e1n, que gan\u00f3 2-1&hellip;\n","protected":false},"author":2,"featured_media":734636,"comment_status":"","ping_status":"","sticky":false,"template":"","format":"standard","meta":{"footnotes":""},"categories":[93],"tags":[1540,90205,168,1539,25,24,22256,282,1538,3303,24538,1810,76491,39874,23,167],"class_list":["post-734635","post","type-post","status-publish","format-standard","has-post-thumbnail","category-deportes","tag-competiciones","tag-cronicas-deportivas","tag-deportes","tag-entrenadores","tag-es","tag-espana","tag-europa-conference-league","tag-futbol","tag-futbolistas","tag-getafe-cf","tag-jose-bordalas","tag-partidos-futbol","tag-partizan-de-belgrado-futbol","tag-resultados-deportivos","tag-spain","tag-sports"],"share_on_mastodon":{"url":"https:\/\/pubeurope.com\/@es\/117169946802371563","error":""},"_links":{"self":[{"href":"https:\/\/www.europesays.com\/es\/wp-json\/wp\/v2\/posts\/734635","targetHints":{"allow":["GET"]}}],"collection":[{"href":"https:\/\/www.europesays.com\/es\/wp-json\/wp\/v2\/posts"}],"about":[{"href":"https:\/\/www.europesays.com\/es\/wp-json\/wp\/v2\/types\/post"}],"author":[{"embeddable":true,"href":"https:\/\/www.europesays.com\/es\/wp-json\/wp\/v2\/users\/2"}],"replies":[{"embeddable":true,"href":"https:\/\/www.europesays.com\/es\/wp-json\/wp\/v2\/comments?post=734635"}],"version-history":[{"count":0,"href":"https:\/\/www.europesays.com\/es\/wp-json\/wp\/v2\/posts\/734635\/revisions"}],"wp:featuredmedia":[{"embeddable":true,"href":"https:\/\/www.europesays.com\/es\/wp-json\/wp\/v2\/media\/734636"}],"wp:attachment":[{"href":"https:\/\/www.europesays.com\/es\/wp-json\/wp\/v2\/media?parent=734635"}],"wp:term":[{"taxonomy":"category","embeddable":true,"href":"https:\/\/www.europesays.com\/es\/wp-json\/wp\/v2\/categories?post=734635"},{"taxonomy":"post_tag","embeddable":true,"href":"https:\/\/www.europesays.com\/es\/wp-json\/wp\/v2\/tags?post=734635"}],"curies":[{"name":"wp","href":"https:\/\/api.w.org\/{rel}","templated":true}]}}