{"id":734677,"date":"2026-08-27T23:26:18","date_gmt":"2026-08-27T23:26:18","guid":{"rendered":"https:\/\/www.europesays.com\/es\/734677\/"},"modified":"2026-08-27T23:26:18","modified_gmt":"2026-08-27T23:26:18","slug":"lafamilia-abre-en-zaragoza-contra-portugal-la-segunda-fase-hacia-catar-2100-teledeporte-vamos","status":"publish","type":"post","link":"https:\/\/www.europesays.com\/es\/734677\/","title":{"rendered":"#LaFamilia abre en Zaragoza contra Portugal la segunda fase hacia Catar (21:00, Teledeporte\/Vamos)"},"content":{"rendered":"<p>#LaFamilia abre en Zaragoza contra Portugal la segunda fase hacia Catar (21:00, Teledeporte\/Vamos)<\/p>\n<p>Pr\u00e1cticamente dos meses despu\u00e9s de su \u00faltimo partido, la Selecci\u00f3n Masculina vuelve a la cancha este viernes en el Pr\u00edncipe Felipe de Zaragoza, en el que arrancar\u00e1 la segunda fase de clasificaci\u00f3n para la Copa del Mundo 2027 frente a Portugal en un partido que se podr\u00e1 seguir en directo por Teledeporte y Vamos (21:00h). Ser\u00e1 el partido del debut como internacionales absolutos del zaragozano Aday Mara y de Baba Miller.<\/p>\n<p>\u00c1REA DE COMUNICACI\u00d3N FEB<\/p>\n<p>Clasificada con holgura en la primera fase como l\u00edder de grupo, Espa\u00f1a vuelve a las pistas para dar arranque a la segunda fase de clasificaci\u00f3n para la Copa del Mundo 2027. Su primer rival, este viernes en el Pr\u00edncipe Felipe de Zaragoza, ser\u00e1 Portugal (21:00, Teledeporte y Vamos), que en la primera fase acab\u00f3 su grupo con un balance equilibrado (3-3) gracias a su victoria sobre Grecia, a domicilio, en la \u00faltima jornada.<\/p>\n<p>Este Espa\u00f1a-Portugal significar\u00e1 el debut como internacional absoluto del zaragozano Aday Mara, quien la pr\u00f3xima temporada la jugar\u00e1 en los Oklahoma City Thunder de la NBA tras su brillante paso por la NCAA. Tambi\u00e9n se estrenar\u00e1 con la Absoluta otro NBA, Baba Miller, campe\u00f3n del Mundo U19 en 2023.<\/p>\n<p>En esta concentraci\u00f3n, el seleccionador Chus Mateo cuenta con catorce jugadores, incluidos de equipos de Euroliga, NBA y NCAA. De la convocatoria inicial se cay\u00f3 d\u00edas atr\u00e1s Santi Aldama, por problemas f\u00edsicos, y en su lugar Mateo convoc\u00f3 al joven de la Penya Diego Niebla para complementar los primeros entrenamientos. Los jugadores que desde hace unos d\u00edas est\u00e1n trabajando en Zaragoza, con sus dorsales, son \u00c1lvaro C\u00e1rdenas (1), Baba Miller (2), Sergio de Larrea (3), Jaime Pradilla (4), Mario Saint-Sup\u00e9ry (5), Dar\u00edo Brizuela (8), Alberto D\u00edaz (9), Hugo Gonz\u00e1lez (10), Izan Almansa (13), Willy Hernang\u00f3mez (14), Aday Mara (15), Santi Yusta (22), Juancho Hernang\u00f3mez (41) y Joel Parra (44).<\/p>\n<p>Willy, con 117 internacionalidades a sus espaldas, ejerce de capit\u00e1n y ha avanzado que el duelo contra los portugueses que abrir\u00e1 esta Ventana ser\u00e1 \u201cdif\u00edcil, con mucho f\u00edsico\u201d y recuerda que Portugal \u201cadem\u00e1s de ser un equipo con jugadores con much\u00edsimo talento, lleva prepar\u00e1ndose m\u00e1s tiempo que nosotros\u201d.<\/p>\n<p>Tras su casi impecable recorrido en la primera fase, que cerr\u00f3 con 5 victorias y una sola derrota (en la \u00faltima jornada, en Georgia), Espa\u00f1a est\u00e1 encuadrada en el grupo I, cuya clasificaci\u00f3n encabeza (5-1) por delante de Ucrania (4-2), Montenegro (4-2), Portugal (3-3), Grecia )3-3) y Georgia (3-3) ya que se contabilizan los resultados de la primera fase. En esta segunda fase, el equipo que dirige Chus Mateo disputar\u00e1 seis partidos m\u00e1s a doble vuelta contra Portugal, Grecia y Ucrania. Al final de las tres Ventanas, los tres primeros clasificados de cada uno de los cuatro grupos obtendr\u00e1n el pasaporte para la Copa del Mundo, que se disputar\u00e1 del 27 de agosto al 12 de septiembre del pr\u00f3ximo a\u00f1o en Catar.<\/p>\n<p>Tras este partido contra Portugal en Zaragoza, Espa\u00f1a completar\u00e1 esta primera Ventana el lunes d\u00eda 31 en Atenas contra Grecia (18:00 horas, Teledeporte y Vamos).<\/p>\n<p>Chus Mateo: \u201cContra Portugal ser\u00e1 dif\u00edcil\u201d<\/p>\n<p>\u201cEn el corto plazo el objetivo es la clasificaci\u00f3n para la Copa del Mundo, que es lo que estamos buscando desde que empez\u00f3 esta nueva aventura \u2013valora el seleccionador-, pero es obvio que para m\u00ed es muy importante que la qu\u00edmica que haya entre los jugadores y la forma de entender el juego colectivo vaya creciendo poco a poco\u201d. Chus Mateo remarca que \u201cla madurez se va adquiriendo con el tiempo, y en muchos de ellos, que son j\u00f3venes pero son buenos, va a conseguir seguramente afianzar cierta cualidades que ya son muy buenas y fant\u00e1sticas para el colectivo, pero hay que dar tiempo a que eso vaya cuajando\u201d. Ya en las horas previas Mateo apunt\u00f3 que \u201cel partido contra Portugal ser\u00e1 dif\u00edcil\u201d.<\/p>\n<p>Santi Yusta: \u201cTendremos que estar a su nivel de dureza\u201d<\/p>\n<p>\u201cMuy ilusionado con el sentimiento de poder jugar en Zaragoza otra vez\u201d, se ha declarado Santi Yusta, quien ha remarcado que contra Portugal ser\u00e1 \u201cun partido duro, es un equipo muy veterano, que lleva mucho tiempo junto, son agresivos, son duros y tendremos que estar a su nivel de dureza y hacer nuestro juego\u201d. Sobre su presencia en el equipo, se ha mostrado \u201cmuy c\u00f3modo con el m\u00e9todo de trabajo y la filosof\u00eda de Chus y mientras me siga llamando, obviamente voy a venir\u201d. Y se ha deshecho en elogios hacia los j\u00f3venes, \u201clo est\u00e1n haciendo muy bien y estoy muy contento por ellos\u201d.<\/p>\n","protected":false},"excerpt":{"rendered":"#LaFamilia abre en Zaragoza contra Portugal la segunda fase hacia Catar (21:00, Teledeporte\/Vamos) Pr\u00e1cticamente dos meses despu\u00e9s de&hellip;\n","protected":false},"author":2,"featured_media":734678,"comment_status":"","ping_status":"","sticky":false,"template":"","format":"standard","meta":{"footnotes":""},"categories":[5],"tags":[4605,299,1918,4597,17,18,4613,4616,4609,4608,4610,4603,4606,25,24,4120,13,14,4598,11,4614,2713,4601,19,20,830,4599,4600,4602,4615,9,10,15,16,4617,4607,4604,23,4611,4612,12,21,22],"class_list":["post-734677","post","type-post","status-publish","format-standard","has-post-thumbnail","category-titulares","tag-arbitros-baloncesto","tag-baloncesto","tag-basket","tag-basquet","tag-breaking-news","tag-breakingnews","tag-canalfeb","tag-clasificacion","tag-copa-princesa","tag-copa-principe","tag-copa-reina","tag-eba","tag-entrenadores-baloncesto","tag-es","tag-espana","tag-estadisticas","tag-featured-news","tag-featurednews","tag-federacion-baloncesto","tag-headlines","tag-jornada-virtual","tag-jugadores","tag-laeb-plata","tag-latest-news","tag-latestnews","tag-leb-oro","tag-liga-espana","tag-liga-espanola-baloncesto","tag-liga-femenina","tag-marcadores-baloncesto","tag-news","tag-noticias","tag-noticias-destacadas","tag-noticiasdestacadas","tag-rankings","tag-reglas-baloncesto","tag-seleccion-baloncesto","tag-spain","tag-supercopa","tag-television-baloncesto","tag-titulares","tag-ultimas-noticias","tag-ultimasnoticias"],"share_on_mastodon":{"url":"","error":""},"_links":{"self":[{"href":"https:\/\/www.europesays.com\/es\/wp-json\/wp\/v2\/posts\/734677","targetHints":{"allow":["GET"]}}],"collection":[{"href":"https:\/\/www.europesays.com\/es\/wp-json\/wp\/v2\/posts"}],"about":[{"href":"https:\/\/www.europesays.com\/es\/wp-json\/wp\/v2\/types\/post"}],"author":[{"embeddable":true,"href":"https:\/\/www.europesays.com\/es\/wp-json\/wp\/v2\/users\/2"}],"replies":[{"embeddable":true,"href":"https:\/\/www.europesays.com\/es\/wp-json\/wp\/v2\/comments?post=734677"}],"version-history":[{"count":0,"href":"https:\/\/www.europesays.com\/es\/wp-json\/wp\/v2\/posts\/734677\/revisions"}],"wp:featuredmedia":[{"embeddable":true,"href":"https:\/\/www.europesays.com\/es\/wp-json\/wp\/v2\/media\/734678"}],"wp:attachment":[{"href":"https:\/\/www.europesays.com\/es\/wp-json\/wp\/v2\/media?parent=734677"}],"wp:term":[{"taxonomy":"category","embeddable":true,"href":"https:\/\/www.europesays.com\/es\/wp-json\/wp\/v2\/categories?post=734677"},{"taxonomy":"post_tag","embeddable":true,"href":"https:\/\/www.europesays.com\/es\/wp-json\/wp\/v2\/tags?post=734677"}],"curies":[{"name":"wp","href":"https:\/\/api.w.org\/{rel}","templated":true}]}}