{"id":734681,"date":"2026-08-27T23:34:20","date_gmt":"2026-08-27T23:34:20","guid":{"rendered":"https:\/\/www.europesays.com\/es\/734681\/"},"modified":"2026-08-27T23:34:20","modified_gmt":"2026-08-27T23:34:20","slug":"el-coviran-agrada-en-su-primera-cita-de-la-preparacion","status":"publish","type":"post","link":"https:\/\/www.europesays.com\/es\/734681\/","title":{"rendered":"El Covir\u00e1n agrada en su primera cita de la preparaci\u00f3n"},"content":{"rendered":"<p style=\"\">El Covir\u00e1n cumpli\u00f3 con nota su primera comparecencia competitiva de la pretemporada. El equipo granadino respondi\u00f3 a gran altura en la Copa de Andaluc\u00eda, pese  &#8230; a que ha tenido muy poco tiempo para prepararla. Apenas un par de semanas desde que superara la plantilla los reconocimientos m\u00e9dicos, pocos d\u00edas y en sesiones que quedaron tambi\u00e9n suspendidas por los terremotos. <\/p>\n<p class=\"v-d-p\" style=\"\">De hecho, la formaci\u00f3n rojinegra ni ha podido entrar en el Palacio por este motivo, teni\u00e9ndose que trasladar el encuentro contra el Cajasol Coto C\u00f3rdoba al pabell\u00f3n de Vista Alegre. No obstante, pese a que el grupo entren\u00f3 lo justo y qued\u00f3 la direcci\u00f3n del choque en manos del segundo entrenador Samuel G\u00f3mez, dado que Arturo Ruiz est\u00e1 concentrado con la selecci\u00f3n espa\u00f1ola para la ventana FIBA de este fin de semana, sorprendi\u00f3 el entendimiento que hubo entre los bases y los jugadores interiores. Jonathan Rousselle y Llu\u00eds Costa, el m\u00e1s destacado del partido con 20 puntos en su haber, dieron asistencias muy interesantes a Mus Barro (16 puntos), que tambi\u00e9n brill\u00f3 en la pintura. El interior senegal\u00e9s fue el que brill\u00f3 despu\u00e9s de Costa, excelente y uno de los que mostr\u00f3 mejor forma. <\/p>\n<p class=\"v-d-p\" style=\"\">Tambi\u00e9n entre las nuevas incorporaciones merece menci\u00f3n especial Tanner McGrew (11 puntos), que aport\u00f3 en ataque, aunque al estadounidense se le not\u00f3 falta de rodaje, l\u00f3gicamente, en pista trasera, por lo que deber\u00e1 progresar en defensa y quiz\u00e1 perder algo de peso. En las mismas estuvo el otro estadounidense, Greg Perham II (11 puntos tambi\u00e9n). Evidenci\u00f3 una calidad innata, pero cierta lentitud en acciones que no pecaron de ego\u00edsmo, comparte bastante el bal\u00f3n. Su primera canasta tard\u00f3 en llegar pero despu\u00e9s se destap\u00f3, para demostrar que puede ser un gran referente ofensivo en el per\u00edmetro, m\u00e1s como &#8216;dos&#8217; manejador que conductor de bal\u00f3n y organizador, como &#8216;uno&#8217; en ayuda de Costa o Rousselle (11 puntos).<\/p>\n<p class=\"v-d-p\" style=\"\">Otros jugadores agradaron, como Pere Tom\u00e0s (7 tantos), que parece recuperado para la causa, con una presencia que le anima y despeja dudas. Est\u00e1 claro que puede ser muy valiosa su experiencia en esta categor\u00eda. Tambi\u00e9n Edu Dur\u00e1n (4 puntos en su haber) ganar\u00e1 en confianza con minutos, aunque no estuviera muy afortunado en el tiro en esta ocasi\u00f3n. <\/p>\n<p class=\"v-d-p\" style=\"\">Abdou Thiam (6 tantos anotados) cumpli\u00f3 en la zona, aunque con papel menor que Barro, mientras que a Fallou Niang se le not\u00f3 despistado. De hecho envi\u00f3 una pelota a la grada mientras \u00c1lvaro Fern\u00e1ndez cortaba por la zona. <\/p>\n<p class=\"v-d-p\" style=\"\">En definitiva, un Covir\u00e1n esperanzador. Superior al Coto. Y eso que le faltaron tres internacionales que seguramente tendr\u00e1n peso en el equipo: Jovan Kljajic, Mathieu Kamba y Andy Van Vliet. A los nueve hombres disponibles se a\u00f1adieron Fern\u00e1ndez, Hendrickx y Zamora.<\/p>\n","protected":false},"excerpt":{"rendered":"El Covir\u00e1n cumpli\u00f3 con nota su primera comparecencia competitiva de la pretemporada. El equipo granadino respondi\u00f3 a gran&hellip;\n","protected":false},"author":2,"featured_media":734682,"comment_status":"","ping_status":"","sticky":false,"template":"","format":"standard","meta":{"footnotes":""},"categories":[269],"tags":[130473,299,298,7716,3446,168,25,24,16933,1078,23,167],"class_list":["post-734681","post","type-post","status-publish","format-standard","has-post-thumbnail","category-baloncesto","tag-agrada","tag-baloncesto","tag-basketball","tag-cita","tag-coviran","tag-deportes","tag-es","tag-espana","tag-preparacion","tag-primera","tag-spain","tag-sports"],"share_on_mastodon":{"url":"https:\/\/pubeurope.com\/@es\/117170095429505367","error":""},"_links":{"self":[{"href":"https:\/\/www.europesays.com\/es\/wp-json\/wp\/v2\/posts\/734681","targetHints":{"allow":["GET"]}}],"collection":[{"href":"https:\/\/www.europesays.com\/es\/wp-json\/wp\/v2\/posts"}],"about":[{"href":"https:\/\/www.europesays.com\/es\/wp-json\/wp\/v2\/types\/post"}],"author":[{"embeddable":true,"href":"https:\/\/www.europesays.com\/es\/wp-json\/wp\/v2\/users\/2"}],"replies":[{"embeddable":true,"href":"https:\/\/www.europesays.com\/es\/wp-json\/wp\/v2\/comments?post=734681"}],"version-history":[{"count":0,"href":"https:\/\/www.europesays.com\/es\/wp-json\/wp\/v2\/posts\/734681\/revisions"}],"wp:featuredmedia":[{"embeddable":true,"href":"https:\/\/www.europesays.com\/es\/wp-json\/wp\/v2\/media\/734682"}],"wp:attachment":[{"href":"https:\/\/www.europesays.com\/es\/wp-json\/wp\/v2\/media?parent=734681"}],"wp:term":[{"taxonomy":"category","embeddable":true,"href":"https:\/\/www.europesays.com\/es\/wp-json\/wp\/v2\/categories?post=734681"},{"taxonomy":"post_tag","embeddable":true,"href":"https:\/\/www.europesays.com\/es\/wp-json\/wp\/v2\/tags?post=734681"}],"curies":[{"name":"wp","href":"https:\/\/api.w.org\/{rel}","templated":true}]}}