{"id":734693,"date":"2026-08-27T23:42:15","date_gmt":"2026-08-27T23:42:15","guid":{"rendered":"https:\/\/www.europesays.com\/es\/734693\/"},"modified":"2026-08-27T23:42:15","modified_gmt":"2026-08-27T23:42:15","slug":"rodri-muy-feliz-por-estar-donde-queria-estar","status":"publish","type":"post","link":"https:\/\/www.europesays.com\/es\/734693\/","title":{"rendered":"Rodri: \u00abMuy feliz por estar donde quer\u00eda estar\u00bb"},"content":{"rendered":"<p class=\"mb-4 text-lg md:leading-8 break-words\">Barcelona, 27 ago (EFE).- El centrocampista espa\u00f1ol Rodrigo Hern\u00e1ndez &#8216;Rodri&#8217; se mostr\u00f3 este jueves, tras la victoria ante el Athletic Club (2-0) en la que firm\u00f3 su debut con la camiseta azulgrana, \u00abmuy feliz por estar donde quer\u00eda\u00bb.<\/p>\n<p class=\"mb-4 text-lg md:leading-8 break-words\">\u00abEvidentemente, ha sido un verano largo y ahora tengo que recuperar r\u00e1pido el ritmo. Estoy muy feliz de estar donde quer\u00eda estar y, a partir de ahora, toca trabajar\u00bb, se\u00f1al\u00f3 el mediocentro madrile\u00f1o en declaraciones a DAZN.<\/p>\n<p class=\"mb-4 text-lg md:leading-8 break-words\">El Bal\u00f3n de Oro de 2024, que lleg\u00f3 este verano procedente del Manchester City como el gran refuerzo estival del conjunto catal\u00e1n, apunt\u00f3 la importancia de la victoria para mantenerse al frente del campeonato y destac\u00f3 la necesidad de adaptarse todav\u00eda \u00aba este gran equipo\u00bb.<\/p>\n<p class=\"mb-4 text-lg md:leading-8 break-words\">Finalmente, sobre el delantero Lamine Yamal, que no anot\u00f3 gol, apunt\u00f3 la importancia de su \u00abgran actuaci\u00f3n\u00bb ante el Athletico Club y se mostr\u00f3 convencido de que sus goles \u00abllegar\u00e1n\u00bb.<\/p>\n<p class=\"mb-4 text-lg md:leading-8 break-words\">\u00abVen\u00eda de un momento m\u00e1s cabizbajo. Le hemos intentado levantar y hoy se ha visto la mejor versi\u00f3n de Lamine, aunque no haya podido marcar. Es lo que necesitamos de \u00e9l, ese trabajo, la constancia, porque los goles llegar\u00e1n, el talento est\u00e1\u00bb, zanj\u00f3.<\/p>\n<p class=\"mb-4 text-lg md:leading-8 break-words\">(c) Agencia EFE<\/p>\n","protected":false},"excerpt":{"rendered":"Barcelona, 27 ago (EFE).- El centrocampista espa\u00f1ol Rodrigo Hern\u00e1ndez &#8216;Rodri&#8217; se mostr\u00f3 este jueves, tras la victoria ante&hellip;\n","protected":false},"author":2,"featured_media":734694,"comment_status":"","ping_status":"","sticky":false,"template":"","format":"standard","meta":{"footnotes":""},"categories":[93],"tags":[2203,168,995,25,24,130474,23,167],"class_list":["post-734693","post","type-post","status-publish","format-standard","has-post-thumbnail","category-deportes","tag-athletic-club","tag-deportes","tag-efe","tag-es","tag-espana","tag-muy-feliz","tag-spain","tag-sports"],"share_on_mastodon":{"url":"https:\/\/pubeurope.com\/@es\/117170126911114201","error":""},"_links":{"self":[{"href":"https:\/\/www.europesays.com\/es\/wp-json\/wp\/v2\/posts\/734693","targetHints":{"allow":["GET"]}}],"collection":[{"href":"https:\/\/www.europesays.com\/es\/wp-json\/wp\/v2\/posts"}],"about":[{"href":"https:\/\/www.europesays.com\/es\/wp-json\/wp\/v2\/types\/post"}],"author":[{"embeddable":true,"href":"https:\/\/www.europesays.com\/es\/wp-json\/wp\/v2\/users\/2"}],"replies":[{"embeddable":true,"href":"https:\/\/www.europesays.com\/es\/wp-json\/wp\/v2\/comments?post=734693"}],"version-history":[{"count":0,"href":"https:\/\/www.europesays.com\/es\/wp-json\/wp\/v2\/posts\/734693\/revisions"}],"wp:featuredmedia":[{"embeddable":true,"href":"https:\/\/www.europesays.com\/es\/wp-json\/wp\/v2\/media\/734694"}],"wp:attachment":[{"href":"https:\/\/www.europesays.com\/es\/wp-json\/wp\/v2\/media?parent=734693"}],"wp:term":[{"taxonomy":"category","embeddable":true,"href":"https:\/\/www.europesays.com\/es\/wp-json\/wp\/v2\/categories?post=734693"},{"taxonomy":"post_tag","embeddable":true,"href":"https:\/\/www.europesays.com\/es\/wp-json\/wp\/v2\/tags?post=734693"}],"curies":[{"name":"wp","href":"https:\/\/api.w.org\/{rel}","templated":true}]}}