{"id":734711,"date":"2026-08-27T23:55:19","date_gmt":"2026-08-27T23:55:19","guid":{"rendered":"https:\/\/www.europesays.com\/es\/734711\/"},"modified":"2026-08-27T23:55:19","modified_gmt":"2026-08-27T23:55:19","slug":"doce-ciclistas-formados-en-el-lizarte-estan-en-la-vuelta","status":"publish","type":"post","link":"https:\/\/www.europesays.com\/es\/734711\/","title":{"rendered":"Doce ciclistas formados en el Lizarte est\u00e1n en la Vuelta"},"content":{"rendered":"<p>\n        El <a href=\"https:\/\/www.noticiasdenavarra.com\/tags\/kern-pharma\/\" title=\"Kern Pharma\" target=\"_blank\" class=\"link copy\" rel=\"nofollow noopener\"><strong>Kern Pharma<\/strong><\/a><strong> puede estar viviendo su \u00faltima <\/strong><a href=\"https:\/\/www.lavuelta.es\/es\" title=\"Vuelta a Espa\u00f1a\" rel=\"nofollow noopener\" target=\"_blank\" class=\"link copy\">Vuelta a Espa\u00f1a<\/a>, si su m\u00e1nager, <strong>Juanjo Oroz<\/strong>, no obra el milagro de encontrar en breve un patrocinador que sustituya a la empresa farmac\u00e9utica. Un equipo imprescindible por su <strong>labor de formaci\u00f3n conjunta con el filial, el Finisher<\/strong>, sucesor del Lizarte, eterno sponsor de la AD Galibier del fallecido <strong>Manolo Azcona<\/strong> y en los \u00faltimos a\u00f1os de Oroz,que ha servido de fruct\u00edfero vivero para nutrir de ciclistas al profesionalismo.\n<\/p>\n<p>  Los doce del Lizarte<\/p>\n<p class=\"article-body__text \">\n        De hecho, como ha recordado en sus redes sociales <strong>\u00d3scar Huarte, CEO en Lizarte<\/strong>, ha recordado que entre los ciclistas que tomaron la salida de la <strong>Vuelta a Espa\u00f1a en M\u00f3naco<\/strong> hab\u00eda nada menos que <strong>doce <\/strong>con pasado en el Lizarte: <strong>Richard Carapaz, Pablo Castrillo, Jorge Arcas, Ra\u00fal Garc\u00eda Pierna, Sinuh\u00e9 Fern\u00e1ndez, Pau Miquel, Sergio Samitier, \u00cd\u00f1igo Elosegui, Ibon Ruiz, Iv\u00e1n Cobo, Diego Uriarte y Urko Berrade<\/strong>.\n<\/p>\n<p>            <a href=\"https:\/\/www.noticiasdenavarra.com\/ciclismo\/2026\/08\/18\/oroz-rinde-kern-pharma-esperemos-exista-magia-11447939.html\" title=\"Oroz no se rinde con el Kern Pharma: &quot;Esperemos que exista la magia&quot;\" class=\"new__media\" rel=\"nofollow noopener\" target=\"_blank\"><\/p>\n<p>                <img alt=\"Oroz no se rinde con el Kern Pharma: &quot;Esperemos que exista la magia&quot;\" data-src=\"https:\/\/www.europesays.com\/es\/wp-content\/uploads\/2026\/08\/1787874918_803_b67a3123-7eca-46d7-b4a8-49bb65f396ee_16-9-aspect-ratio_default_0.jpg\" class=\"lozad\"\/><\/p>\n<p>        <\/a><\/p>\n<p>        <a href=\"https:\/\/www.noticiasdenavarra.com\/ciclismo\/2026\/08\/18\/oroz-rinde-kern-pharma-esperemos-exista-magia-11447939.html\" title=\"Oroz no se rinde con el Kern Pharma: &quot;Esperemos que exista la magia&quot;\" class=\"new__headline\" rel=\"nofollow noopener\" target=\"_blank\"><br \/>\n            Oroz no se rinde con el Kern Pharma: \u00abEsperemos que exista la magia\u00bb<br \/>\n        <\/a><\/p>\n<p class=\"article-body__text \">\n        \u201cDurante 17 a\u00f1os, en <strong>Lizarte S.A.U.<\/strong> tuvimos el privilegio de acompa\u00f1ar a chavales que se estaban jugando la etapa m\u00e1s incierta de sus vidas: esa en la que todav\u00eda no sabes si vas a llegar. Nosotros pusimos el nombre en el maillot y las condiciones para que el proyecto existiera. El trabajo de verdad lo hicieron ellos sobre la bicicleta, y lo hicieron posible <strong>Manolo Azcona y <\/strong><a href=\"https:\/\/www.noticiasdenavarra.com\/mas-deportes\/2021\/02\/04\/juanjo-oroz-buscamos-rendimiento-resultados-2166283.html\" title=\"Juanjo Oroz\" target=\"_blank\" class=\"link copy\" rel=\"nofollow noopener\">Juanjo Oroz<\/a>, que sostuvieron esa estructura a\u00f1o tras a\u00f1o cuidando a cada corredor como si fuera de casa. Manolo ya no est\u00e1. Nada de lo que estoy contando existir\u00eda sin \u00e9l. Por el camino, <strong>m\u00e1s de 250 victorias<\/strong>, centenares de personas: ciclistas, directores, mec\u00e1nicos, masajistas, gente que se levantaba de noche para llevar un coche a una carrera en Extremadura\u201d, relata Huarte. \u201cY de aquella cantera naci\u00f3 el <strong>Equipo Kern Pharma<\/strong>\u201d.\n<\/p>\n<p>            <a href=\"https:\/\/www.noticiasdenavarra.com\/ciclismo\/2024\/08\/29\/fallece-manolo-azcona-grandes-impulsores-8630798.html\" title=\"Fallece Manolo Azcona, uno de los grandes impulsores del ciclismo en Navarra\" class=\"new__media\" rel=\"nofollow noopener\" target=\"_blank\"><\/p>\n<p>                <img alt=\"Fallece Manolo Azcona, uno de los grandes impulsores del ciclismo en Navarra\" data-src=\"https:\/\/www.europesays.com\/es\/wp-content\/uploads\/2026\/08\/b298a519-9e66-42d1-8ebb-659303f77ff3_16-9-aspect-ratio_default_0_x281y174.jpg\" class=\"lozad\"\/><\/p>\n<p>        <\/a><\/p>\n<p>        <a href=\"https:\/\/www.noticiasdenavarra.com\/ciclismo\/2024\/08\/29\/fallece-manolo-azcona-grandes-impulsores-8630798.html\" title=\"Fallece Manolo Azcona, uno de los grandes impulsores del ciclismo en Navarra\" class=\"new__headline\" rel=\"nofollow noopener\" target=\"_blank\"><br \/>\n            Fallece Manolo Azcona, uno de los grandes impulsores del ciclismo en Navarra<br \/>\n        <\/a><\/p>\n<p>  Salvar el proyecto<\/p>\n<p class=\"article-body__text \">\n        El CEO de Lizarte sue\u00f1a con que aparezca un relevo que permita <strong>seguir con el proyecto<\/strong>. \u201cEsa estructura sigue viva. <strong>Sigue en Navarra, sigue fichando juveniles cada a\u00f1o, sigue subiendo gente al profesionalismo<\/strong>, y hoy busca quien la acompa\u00f1e a partir de 2027. <strong>Juanjo Oroz Ugalde sigue al frente<\/strong>, con la misma filosof\u00eda que le ense\u00f1\u00f3 Manolo. Nosotros acompa\u00f1amos la cantera, que es donde una empresa como la nuestra puede aportar de verdad, y desde ah\u00ed s\u00e9 lo que se construye. <strong>Los doce nombres de arriba no son una promesa comercial: son un historial<\/strong>. Si alguien que lee esto se ha preguntado alguna vez qu\u00e9 es capaz de levantar un patrocinio bien hecho y bien acompa\u00f1ado, ah\u00ed lo tiene, con nombres y apellidos, rodando esta semana por las carreteras de Espa\u00f1a\u201d.<\/p>\n","protected":false},"excerpt":{"rendered":"El Kern Pharma puede estar viviendo su \u00faltima Vuelta a Espa\u00f1a, si su m\u00e1nager, Juanjo Oroz, no obra&hellip;\n","protected":false},"author":2,"featured_media":734712,"comment_status":"","ping_status":"","sticky":false,"template":"","format":"standard","meta":{"footnotes":""},"categories":[273],"tags":[313,2838,312,168,2235,25,24,9898,129036,130477,23,167,1357],"class_list":["post-734711","post","type-post","status-publish","format-standard","has-post-thumbnail","category-ciclismo","tag-ciclismo","tag-ciclistas","tag-cycling","tag-deportes","tag-doce","tag-es","tag-espana","tag-estan","tag-formados","tag-lizarte","tag-spain","tag-sports","tag-vuelta"],"share_on_mastodon":{"url":"https:\/\/pubeurope.com\/@es\/117170177672956474","error":""},"_links":{"self":[{"href":"https:\/\/www.europesays.com\/es\/wp-json\/wp\/v2\/posts\/734711","targetHints":{"allow":["GET"]}}],"collection":[{"href":"https:\/\/www.europesays.com\/es\/wp-json\/wp\/v2\/posts"}],"about":[{"href":"https:\/\/www.europesays.com\/es\/wp-json\/wp\/v2\/types\/post"}],"author":[{"embeddable":true,"href":"https:\/\/www.europesays.com\/es\/wp-json\/wp\/v2\/users\/2"}],"replies":[{"embeddable":true,"href":"https:\/\/www.europesays.com\/es\/wp-json\/wp\/v2\/comments?post=734711"}],"version-history":[{"count":0,"href":"https:\/\/www.europesays.com\/es\/wp-json\/wp\/v2\/posts\/734711\/revisions"}],"wp:featuredmedia":[{"embeddable":true,"href":"https:\/\/www.europesays.com\/es\/wp-json\/wp\/v2\/media\/734712"}],"wp:attachment":[{"href":"https:\/\/www.europesays.com\/es\/wp-json\/wp\/v2\/media?parent=734711"}],"wp:term":[{"taxonomy":"category","embeddable":true,"href":"https:\/\/www.europesays.com\/es\/wp-json\/wp\/v2\/categories?post=734711"},{"taxonomy":"post_tag","embeddable":true,"href":"https:\/\/www.europesays.com\/es\/wp-json\/wp\/v2\/tags?post=734711"}],"curies":[{"name":"wp","href":"https:\/\/api.w.org\/{rel}","templated":true}]}}